{"id":109473,"date":"2025-09-12T06:44:10","date_gmt":"2025-09-12T06:44:10","guid":{"rendered":"https:\/\/www.europesays.com\/es\/109473\/"},"modified":"2025-09-12T06:44:10","modified_gmt":"2025-09-12T06:44:10","slug":"francia-el-movimiento-bloquearlo-todo-enciende-la-chispa-de-un-otono-de-contestacion-en-francia-el-salto","status":"publish","type":"post","link":"https:\/\/www.europesays.com\/es\/109473\/","title":{"rendered":"Francia | El movimiento \u2018Bloquearlo todo\u2019 enciende la chispa de un oto\u00f1o de contestaci\u00f3n en Francia &#8211; El Salto"},"content":{"rendered":"<p>Francia vivi\u00f3 en 2023 l<a href=\"https:\/\/es.wikipedia.org\/wiki\/Protestas_en_Francia_de_2023\" target=\"_blank\" rel=\"nofollow noopener\">a movilizaci\u00f3n sindical<\/a> m\u00e1s potente en el siglo XXI. Las jornadas de huelgas y manifestaciones del 31 de enero y 7 de marzo de ese a\u00f1o en contra de la reforma de las pensiones \u2014subi\u00f3 de 62 a 64 a\u00f1os la edad m\u00ednima para jubilarse\u2014 representaron las m\u00e1s multitudinarias en la historia reciente del pa\u00eds. Entonces, el presidente franc\u00e9s, <a href=\"https:\/\/www.elsaltodiario.com\/emmanuel-macron\" target=\"_blank\" rel=\"nofollow noopener\">Emmanuel Macron<\/a>, las ignor\u00f3 e impuso la impopular medida. No result\u00f3 ninguna sorpresa teniendo en cuenta la estrategia thatcherista que ha aplicado desde 2017. En los ocho a\u00f1os de su presidencia ha menospreciado todas las iniciativas sindicales en aras de aplacar la genuina tradici\u00f3n gala de oponerse al neoliberalismo en la calle. <\/p>\n<p>Lo ocurrido hace dos a\u00f1os resuena con el presente. Sin el tiro en el pie que fue la imposici\u00f3n de esa reforma, no se entiende <a href=\"https:\/\/www.elsaltodiario.com\/francia\/ultimo-bandazo-temerario-macron\" target=\"_blank\" rel=\"nofollow noopener\">el interminable declive del <\/a><a href=\"https:\/\/www.elsaltodiario.com\/francia\/ultimo-bandazo-temerario-macron\" target=\"_blank\" rel=\"nofollow noopener\">macronismo<\/a>, que ha cambiado hasta cinco veces de primer ministro desde entonces. El \u00faltimo de ellos, S\u00e9bastien Lecornu, fue designado el martes tras la dimisi\u00f3n forzada por el Parlamento de Fran\u00e7ois Bayrou. La experiencia de 2023 tambi\u00e9n ha contribuido a la irrupci\u00f3n del movimiento que ha marcado el inicio del curso: las protestas ciudadanas bautizadas como <a href=\"https:\/\/www.elsaltodiario.com\/francia\/francia-se-prepara-una-huelga-destituyente-amenaza-barrer-bayrou-dejar-tocado-macron\" target=\"_blank\" rel=\"nofollow noopener\">\u2018Bloquearlo todo\u2019<\/a>.<\/p>\n<p>\u201cComo Macron ha ignorado todas las reivindicaciones de los sindicatos, los franceses se han dicho de que deben protestar fuera del marco sindical. Ya sucedi\u00f3 algo parecido con la revuelta de los chalecos amarillos en 2018\u201d, explica a El Salto el analista y periodista Romaric Godin, que trabaja en el diario digital Mediapart. A diferencia de las tradicionales marchas sindicales, esta vez las movilizaciones han consistido en cortes de carreteras, ocupaciones de las v\u00edas del tren, manifestaciones espont\u00e1neas, grandes asambleas, as\u00ed como piquetes en institutos, hospitales o almacenes de Amazon.<\/p>\n<p>M\u00e1s de 250.000 personas participaron en esta singular movilizaci\u00f3n en el conjunto del pa\u00eds, seg\u00fan la CGT, uno de los principales sindicatos franceses. El Ministerio del Interior rebaj\u00f3 esa participaci\u00f3n a cerca de 200.000, una cifra que resulta el doble de la predicci\u00f3n gubernamental comunicada unos d\u00edas antes. Fue, sin duda, un \u00e9xito, a\u00fan m\u00e1s teniendo en cuenta el car\u00e1cter novedoso de estas protestas y que no hab\u00edan sido impulsadas por los grandes sindicatos. Aunque no lograron paralizar el pa\u00eds, representaron la primera chispa de un oto\u00f1o de lucha contra la austeridad.<\/p>\n<p>\u201cHay una radicalidad evidente\u201d<\/p>\n<p>\u201c\u00a1Hoy (mi\u00e9rcoles) 250.000 personas se han alzado en todos lados en Francia! Una marea humana, espont\u00e1nea, masiva y comparable a la primera jornada de los chalecos amarillos (el 17 de noviembre de 2018)\u201d, destac\u00f3 en la red social X la cuenta de \u2018Bloquearlo todo\u2019. Este colectivo, compuesto por activistas de izquierdas y exmilitantes de los chalecos amarillos, result\u00f3 clave para que se hiciera viral el 10 de septiembre como un d\u00eda de lucha en la calle.<\/p>\n<p>Primero, hab\u00eda propuesto esa fecha el colectivo euroesc\u00e9ptico y rojipardo Los Esenciales. Pero tras la presentaci\u00f3n por parte del Gobierno de Fran\u00e7ois Bayrou a mediados de julio de <a href=\"https:\/\/www.elsaltodiario.com\/francia\/francia-se-ensana-desfavorecidos-nueva-bateria-recortes\" target=\"_blank\" rel=\"nofollow noopener\">un agresivo plan de austeridad<\/a> (valorado en un total de 44.000 millones de euros), sectores progresistas se interesaron por esta movilizaci\u00f3n, autoorganizada a trav\u00e9s de asambleas y en las redes sociales. Finalmente, el pueblo de izquierdas estuvo sobrerrepresentado el mi\u00e9rcoles en las 812 acciones que se produjeron por todo el territorio galo.<\/p>\n<p>\u201cHace falta bloquear Par\u00eds, bloquear toda Francia para que Macron se vaya de una vez\u201d, aseguraba Carlos, de 59 a\u00f1os, que trabaja en el aeropuerto Charles de Gaulle. Este militante de la Francia Insumisa (afines a Podemos o Sumar) particip\u00f3 en una asamblea en frente de la Estaci\u00f3n del Norte, una de las m\u00e1s transitadas de Europa. All\u00ed se hab\u00edan reunido para apoyar a los conductores de trenes y agentes ferroviarios en huelga. \u201cLas llamadas a protestar en Telegram o Facebook se han concretado. Hay una radicalidad evidente. (\u2026) Espero que d\u00e9 muchas ganas a otras personas de sumarse a esta din\u00e1mica\u201d, defend\u00eda Anasse Kazib, sindicalista ferroviario y uno de los portavoces de Revoluci\u00f3n Permanente (una peque\u00f1a formaci\u00f3n trotskista), en declaraciones a este medio.<\/p>\n<p>Curiosamente, antes de convertirse en una realidad, el movimiento \u201cBloquearlo todo\u201d ya hab\u00eda tenido una repercusi\u00f3n evidente en esta acalorada rentr\u00e9e. Bayrou probablemente no se hubiera sometido a un voto de confianza el lunes 8 en la Asamblea Nacional, donde sufri\u00f3 un contundente rev\u00e9s, sin la inminencia de esta jornada contestataria. Ni Macron hubiera reaccionado tan r\u00e1pido nombrando a Lecornu, de 39 a\u00f1os y que hab\u00eda ejercido como ministro de Defensa desde 2022.<\/p>\n<p>  <img alt=\"Bloquemos todo - 7\" class=\"card-img-top figure-img\" \/><\/p>\n<p>        Activistas hacen barricadas en las calles de Par\u00eds durante las protestas de este mi\u00e9rcoles por la tarde <\/p>\n<p>  <a href=\"https:\/\/www.elsaltodiario.com\/autor\/Martin Barzilai\" data-phx-link=\"redirect\" data-phx-link-state=\"push\" title=\"Ver a: Martin Barzilai\" rel=\"nofollow noopener\" target=\"_blank\"><br \/>\n  Martin Barzilai<br \/>\n  <\/a><\/p>\n<p>Hasta 80.000 antidisturbios y uso masivo de drones<\/p>\n<p>\u201cLecornu intentar\u00e1 adoptar unos presupuestos con los mismos recortes que Bayrou\u201d, predec\u00eda Philom\u00e8ne Rozan, de 25 a\u00f1os, tambi\u00e9n concentrada delante de la Estaci\u00f3n del Norte, en Par\u00eds. Seg\u00fan esta estudiante de Enfermer\u00eda, el flamante responsable del Ejecutivo simboliza el importante aumento del gato militar en Francia, donde est\u00e1 previsto que alcance en 2027 los 64.000 millones de euros, el doble de lo que el Estado galo gastaba antes de que Macron llegara al El\u00edseo.<\/p>\n<p>\u201c(Michel) Barnier, Bayrou, Lecornu\u2026 Son todos iguales\u201d, se quejaba Farah Maatouk, de 17 a\u00f1os, sobre la sucesi\u00f3n durante el \u00faltimo a\u00f1o de pol\u00edticos de derechas al frente del Gobierno a pesar de que la izquierda acab\u00f3 primera \u2014pero lejos de la mayor\u00eda absoluta\u2014 en las elecciones anticipadas del verano del a\u00f1o pasado. Esta estudiante de secundaria, presente al mediod\u00eda en una manifestaci\u00f3n espont\u00e1nea en la Plaza de la Rep\u00fablica, hab\u00eda participado por la ma\u00f1ana en uno de los intentos de bloquear la circulaci\u00f3n en el Perif\u00e9rico, la gran carretera que rodea la capital.<\/p>\n<p>La mayor\u00eda de esas tentativas en Par\u00eds fueron abortadas por los antidisturbios.\u00a0 En cambio, s\u00ed que tuvieron una mayor repercusi\u00f3n los cortes de carreteras en otras localidades; por ejemplo, en la A-10 en Poitiers, el viaducto de Calix en Caen o uno de los principales accesos en Toulouse, que estuvo bloqueado durante cerca de una hora por un centenar de manifestantes. \u00a0\u00a0Aquellas regiones m\u00e1s movilizadas <a href=\"https:\/\/www.elsaltodiario.com\/euskal-herria\/protestas-cortes-seis-detenidos-durante-jornada-bloquons-tout-baiona\" style=\"background-color: rgb(255, 255, 255); font-size: 1.25rem;\" rel=\"nofollow noopener\" target=\"_blank\">fueron las del oeste y el suroeste<\/a>.<\/p>\n<p>Los estudiantes de secundaria y universitarios resultaron muy numerosos en los cortejos. Una implicaci\u00f3n de los j\u00f3venes que se vio reflejada en que hubo piquetes en un centenar de institutos, de los cuales 30 terminaron cerrando. El seguimiento de la huelga, sin embargo, fue bajo en la mayor\u00eda de los sectores de la funci\u00f3n p\u00fablica.<\/p>\n<p>El despliegue masivo de 80.000 agentes de polic\u00eda limit\u00f3 el impacto de algunas acciones. Los antidisturbios no dudaron en utilizar la fuerza para destrozar las barricadas que imped\u00edan la circulaci\u00f3n en<strong style=\"font-size: 1.25rem;\"> <\/strong>Montpellier, Lyon, Clermont-Ferrand o Rennes, donde una importante carretera hab\u00eda quedado cortada en ambas direcciones desde las siete de la ma\u00f1ana. Hubo hasta 540 detenidos (211 de ellos en Par\u00eds) en el conjunto del territorio galo. Respecto a las fuerzas de seguridad, la principal novedad fue un uso masivo de los drones para vigilar las manifestaciones.<\/p>\n<p>\u201cSolo es el principio\u201d<\/p>\n<p>Esta represi\u00f3n policial, sin embargo, no disuadi\u00f3 a los manifestantes, ni parece que lo vaya a hacer en las pr\u00f3ximas semanas. \u201cSolo es el principio. La rabia est\u00e1 creciendo y la gente no dejar\u00e1 que apliquen los recortes, as\u00ed como as\u00ed\u201d, afirmaba Rozan. \u201cHay un hartazgo general. No me parece normal que se pida m\u00e1s sacrificios a la gente corriente, cuando m\u00e1s de la mitad de la poblaci\u00f3n no puede irse de vacaciones ni una vez al a\u00f1o\u201d, a\u00f1ad\u00eda Maatouk.<\/p>\n<p>A pesar de que el c\u00e1ntico m\u00e1s repetido fue el de \u201cMacron dimisi\u00f3n\u201d, este movimiento no solo reflej\u00f3 un cabreo pol\u00edtico, sino tambi\u00e9n un profundo malestar econ\u00f3mico. \u201cMuestra el rechazo de una parte considerable de los franceses de ser los sacrificados de este momento con un crecimiento econ\u00f3mico casi nulo y de p\u00e9rdida de poder adquisitivo\u201d, explica la polit\u00f3loga Agathe Cag\u00e9, directora del gabinete de asesor\u00eda Compass Label. \u201cLa ca\u00edda del Gobierno de Bayrou el lunes no ha tenido ninguna incidencia en las protestas. No las ha debilitado\u201d, a\u00f1ade.<\/p>\n<p>  <img alt=\"Bloquemos todo - 10\" class=\"card-img-top figure-img\" \/><\/p>\n<p>        Antidisturbios de la polic\u00eda francesa durante las protestas. <\/p>\n<p>  <a href=\"https:\/\/www.elsaltodiario.com\/autor\/Martin Barzilai\" data-phx-link=\"redirect\" data-phx-link-state=\"push\" title=\"Ver a: Martin Barzilai\" rel=\"nofollow noopener\" target=\"_blank\"><br \/>\n  Martin Barzilai<br \/>\n  <\/a><\/p>\n<p>\u201cLa rabia social que se palpaba con los chalecos amarillos en 2018 y en 2023 con la reforma de las pensiones sigue presente. Y es l\u00f3gico que sea as\u00ed\u201d, apunta Godin, autor del interesante ensayo La guerre sociale en France. La situaci\u00f3n actual, seg\u00fan este analista, es fruto \u201cdel fracaso del neoliberalismo a la francesa de Macron\u201d. Una de las peculiaridades de Francia consiste en que tiene un elevado d\u00e9ficit p\u00fablico (del 5,4% del PIB al cierre de este a\u00f1o) y se ha endeudado de manera considerable tras una d\u00e9cada de precarizaci\u00f3n del Estado del bienestar.<\/p>\n<p>El porcentaje de la poblaci\u00f3n por debajo del umbral de la pobreza aument\u00f3 del 18,4% al 20,5% entre 2015 y 2024, seg\u00fan datos de Eurostat, siendo uno de los pocos pa\u00edses de la Uni\u00f3n Europea donde ese \u00edndice aument\u00f3 durante ese periodo. Esta tendencia \u201cfavorece el desclasamiento social o el miedo a sufrirlo\u201d, apunta Godin sobre uno de los motores de las movilizaciones.<\/p>\n<p>Muchas de las personas en la calle el mi\u00e9rcoles ten\u00edan presente la huelga general convocada por todos los sindicatos de cara al jueves de la semana que viene. Esa fecha parece propicia para una combinaci\u00f3n de la capacidad de movilizaci\u00f3n de las organizaciones de trabajadores, que conservan una implantaci\u00f3n considerable en la funci\u00f3n p\u00fablica, con los nuevos m\u00e9todos de lucha del movimiento \u201cBloquearlo todo\u201d. Una convergencia real pondr\u00eda en aprietos a Macron. Y evidenciar\u00eda el fracaso de su estrategia thatcherista.<\/p>\n","protected":false},"excerpt":{"rendered":"Francia vivi\u00f3 en 2023 la movilizaci\u00f3n sindical m\u00e1s potente en el siglo XXI. Las jornadas de huelgas y&hellip;\n","protected":false},"author":2,"featured_media":109474,"comment_status":"","ping_status":"","sticky":false,"template":"","format":"standard","meta":{"footnotes":""},"categories":[42],"tags":[20626,517,17,18,13,14,11,61,62,63,64,19,20,9,10,15,16,12,21,22,65,66,67],"class_list":{"0":"post-109473","1":"post","2":"type-post","3":"status-publish","4":"format-standard","5":"has-post-thumbnail","7":"category-internacional","8":"tag-activismo","9":"tag-actualidad","10":"tag-breaking-news","11":"tag-breakingnews","12":"tag-featured-news","13":"tag-featurednews","14":"tag-headlines","15":"tag-internacional","16":"tag-international","17":"tag-international-news","18":"tag-internationalnews","19":"tag-latest-news","20":"tag-latestnews","21":"tag-news","22":"tag-noticias","23":"tag-noticias-destacadas","24":"tag-noticiasdestacadas","25":"tag-titulares","26":"tag-ultimas-noticias","27":"tag-ultimasnoticias","28":"tag-world","29":"tag-world-news","30":"tag-worldnews"},"share_on_mastodon":{"url":"","error":""},"_links":{"self":[{"href":"https:\/\/www.europesays.com\/es\/wp-json\/wp\/v2\/posts\/109473","targetHints":{"allow":["GET"]}}],"collection":[{"href":"https:\/\/www.europesays.com\/es\/wp-json\/wp\/v2\/posts"}],"about":[{"href":"https:\/\/www.europesays.com\/es\/wp-json\/wp\/v2\/types\/post"}],"author":[{"embeddable":true,"href":"https:\/\/www.europesays.com\/es\/wp-json\/wp\/v2\/users\/2"}],"replies":[{"embeddable":true,"href":"https:\/\/www.europesays.com\/es\/wp-json\/wp\/v2\/comments?post=109473"}],"version-history":[{"count":0,"href":"https:\/\/www.europesays.com\/es\/wp-json\/wp\/v2\/posts\/109473\/revisions"}],"wp:featuredmedia":[{"embeddable":true,"href":"https:\/\/www.europesays.com\/es\/wp-json\/wp\/v2\/media\/109474"}],"wp:attachment":[{"href":"https:\/\/www.europesays.com\/es\/wp-json\/wp\/v2\/media?parent=109473"}],"wp:term":[{"taxonomy":"category","embeddable":true,"href":"https:\/\/www.europesays.com\/es\/wp-json\/wp\/v2\/categories?post=109473"},{"taxonomy":"post_tag","embeddable":true,"href":"https:\/\/www.europesays.com\/es\/wp-json\/wp\/v2\/tags?post=109473"}],"curies":[{"name":"wp","href":"https:\/\/api.w.org\/{rel}","templated":true}]}}