{"id":109483,"date":"2025-09-12T06:51:08","date_gmt":"2025-09-12T06:51:08","guid":{"rendered":"https:\/\/www.europesays.com\/es\/109483\/"},"modified":"2025-09-12T06:51:08","modified_gmt":"2025-09-12T06:51:08","slug":"sale-a-la-luz-el-singular-vinculo-entre-irene-de-grecia-y-carlos-alcaraz-increible","status":"publish","type":"post","link":"https:\/\/www.europesays.com\/es\/109483\/","title":{"rendered":"Sale a la luz el singular v\u00ednculo entre Irene de Grecia y Carlos Alcaraz: incre\u00edble"},"content":{"rendered":"\n<p><strong>Carlos Alcaraz<\/strong> volvi\u00f3 a brillar esta semana al proclamarse campe\u00f3n del US Open, un t\u00edtulo que lo catapulta de nuevo al n\u00famero uno del mundo. Sin embargo, su haza\u00f1a deportiva no es lo \u00fanico que lo mantiene en el centro de todas las miradas. Ahora, un giro inesperado en su vida personal ha despertado el inter\u00e9s de la prensa internacional y, de forma sorprendente, ha conectado su nombre con el de <strong>Irene de Grecia<\/strong>.<\/p>\n<p>El murciano, que apenas tiene 22 a\u00f1os, ha conquistado los titulares con un doble m\u00e9rito: su \u00e9xito en la pista y su vida sentimental. En medio de rumores, confirmaciones y sorprendentes v\u00ednculos familiares, surge una historia que mezcla tenis, moda y realeza. \u00bfQu\u00e9 detalle ha convertido a Alcaraz y a Irene de Grecia en protagonistas de una misma noticia?<\/p>\n<p><img decoding=\"async\" style=\"width:100%\" src=\"https:\/\/www.europesays.com\/es\/wp-content\/uploads\/2025\/09\/post-carlos-alcaraz-partido-tenis_1200_1600.webp.webp\" class=\"img-responsive lazyload\" alt=\"Carlos Alcaraz sonriente celebrando en la cancha con una raqueta en la mano y camiseta sin mangas color vino\" title=\"Carlos Alcaraz sonriente celebrando en la cancha con una raqueta en la mano y camiseta sin mangas color vino\"\/><\/p>\n<p>| Instagram, @carlitosalcarazz<\/p>\n<p>La prensa internacional vincula a Carlos Alcaraz con una modelo estadounidense<\/p>\n<p><a href=\"https:\/\/xcatalunya.cat\/es\/gente\/carlos-alcaraz-ganador-open-suelta-bomba-y-revoluciona-redes-sociales\" title=\"Carlos Alcaraz (ganador del US Open) suelta la bomba y revoluciona las redes sociales\" rel=\"nofollow noopener\" target=\"_blank\">La vida privada de Carlos Alcaraz<\/a> siempre ha generado gran expectaci\u00f3n, sobre todo desde que se consolid\u00f3 como una de las estrellas del tenis mundial. Sus gestos cercanos, su car\u00e1cter espont\u00e1neo y su juventud lo han convertido en un \u00eddolo tanto dentro como fuera de la pista. Pero, como suele ocurrir con las grandes figuras del deporte, su entorno \u00edntimo se ha vuelto tambi\u00e9n objeto de an\u00e1lisis medi\u00e1tico.<\/p>\n<p>En los \u00faltimos meses, su nombre ha estado vinculado a la tenista\u00a0<strong>Emma Raducanu<\/strong>, con quien comparti\u00f3 pista en el dobles mixto del US Open. Aunque nunca se confirm\u00f3 un romance, los rumores crecieron con fuerza en la prensa brit\u00e1nica. Ahora, las informaciones apuntan en una direcci\u00f3n diferente y sorprendente: la modelo estadounidense <strong>Brooks Nader<\/strong>, cuya historia sentimental conecta de manera inesperada a Alcaraz con Irene de Grecia.<\/p>\n<p>Las especulaciones sobre la vida amorosa de Carlos Alcaraz dieron un giro radical cuando el medio E! News confirm\u00f3 que el murciano mantiene una relaci\u00f3n con Brooks Nader. La encargada de despejar las dudas fue Grace Ann Nader, hermana de la modelo\u00a0durante un evento de la New York Fashion Week.<\/p>\n<p>                    <img decoding=\"async\" style=\"width:100%\" src=\"https:\/\/www.europesays.com\/es\/wp-content\/uploads\/2025\/09\/post-books-nader-programa-tv_1200_800.webp.webp\" class=\"img-responsive lazyload\" alt=\"Brooks Nader con vestido morado ajustado y collar de cruz entrando a un escenario con fondo de ciudad iluminada\" title=\"Brooks Nader con vestido morado ajustado y collar de cruz entrando a un escenario con fondo de ciudad iluminada\"\/><\/p>\n<p>| Instagram, @brooksnader<\/p>\n<p>\u00ab<strong>Los rumores son ciertos<\/strong>. Salir con alguien es un t\u00e9rmino muy impreciso, pero\u00a0s\u00e9 que es el hombre del momento\u00bb, coment\u00f3.\u00a0Este testimonio puso fin a semanas de comentarios que situaban a la modelo junto al tenista italiano Jannik Sinner, un rumor que ella misma desminti\u00f3.<\/p>\n<p>Brooks Nader, de 28 a\u00f1os, es una de las modelos m\u00e1s reconocidas de su generaci\u00f3n. Con casi dos millones de seguidores en redes sociales, se hizo un nombre en la industria gracias a sus apariciones en Sports Illustrated Swimsuit durante tres ediciones consecutivas. Nacida en Baton Rouge en 1997, tambi\u00e9n protagoniza junto a sus hermanas la serie televisiva Love Thy Nader.<\/p>\n<p>En lo personal, la modelo estuvo casada con el publicista William Haire desde 2019 hasta mayo de 2024, cuando anunciaron su divorcio. Apenas dos meses despu\u00e9s, fue vista acompa\u00f1ando a Constantino de Grecia en la boda de Olivia Culpo y Christian McCaffrey en Rhode Island, un evento que confirm\u00f3 p\u00fablicamente aquella relaci\u00f3n. Y es precisamente este detalle el que conecta, de forma inesperada, a Alcaraz con Irene de Grecia.<\/p>\n<p>El inesperado v\u00ednculo de Carlos Alcaraz e Irene de Grecia<\/p>\n<p>Lo que parec\u00eda un romance m\u00e1s de la prensa internacional adquiri\u00f3 otra dimensi\u00f3n cuando se record\u00f3 el pasado sentimental de Brooks Nader. <strong>Su relaci\u00f3n con Constantino de Grecia<\/strong>, hijo de Pablo de Grecia y Marie-Chantal Miller, la acerc\u00f3 a una de las familias m\u00e1s conocidas en Espa\u00f1a. Constantino es, adem\u00e1s, sobrino-nieto de Irene de Grecia, la hermana peque\u00f1a de la reina Sof\u00eda.<\/p>\n<p>De esta manera, Carlos Alcaraz, al iniciar una relaci\u00f3n con Brooks, ha quedado indirectamente vinculado a Irene de Grecia. Aunque no existe relaci\u00f3n directa entre ambos, la conexi\u00f3n ha despertado inter\u00e9s por lo ins\u00f3lito de la situaci\u00f3n. Se trata de\u00a0un campe\u00f3n de tenis espa\u00f1ol que\u00a0aparece unido por una cadena sentimental con la realeza griega.<\/p>\n<p><img decoding=\"async\" style=\"width:100%\" src=\"https:\/\/www.europesays.com\/es\/wp-content\/uploads\/2025\/09\/montaje-irene-grecia-blusa-blanco-plateado-carlos-alcaraz-camiseta_1200_800.webp.webp\" class=\"img-responsive lazyload\" alt=\"Fotograf\u00eda dividida en dos partes mostrando a Irene de Grecia con expresi\u00f3n seria a la izquierda y a Carlos Alcaraz sonriendo a la derecha\" title=\"Fotograf\u00eda dividida en dos partes mostrando a Irene de Grecia con expresi\u00f3n seria a la izquierda y a Carlos Alcaraz sonriendo a la derecha\"\/><\/p>\n<p>| Europa Press, Netflix, esp.xcatalunya.cat<\/p>\n<p>El dato no ha pasado desapercibido ni en la prensa nacional ni en la internacional. Para muchos, resulta llamativo que una figura deportiva como Alcaraz, centrada en su carrera, se vea envuelta en titulares que mezclan su vida privada con c\u00edrculos aristocr\u00e1ticos europeos. Irene de Grecia, sin propon\u00e9rselo, se convierte as\u00ed en un nombre inesperado dentro de la historia sentimental del joven campe\u00f3n.<\/p>\n<p>                    <a href=\"https:\/\/whatsapp.com\/channel\/0029VaeRw0E65yD4tEQYwu2p\" rel=\"nofollow noopener\" title=\"WhatsApp Link\" target=\"_blank\"><img loading=\"lazy\" decoding=\"async\" alt=\"Logo de WhatsApp\" class=\"lazyload\" src=\"\/filesedc\/uploads\/other\/whatsapp_icon_mid_article.png\" width=\"32\" height=\"32\" style=\"overflow:hidden\"\/><\/a><a href=\"https:\/\/whatsapp.com\/channel\/0029VaeRw0E65yD4tEQYwu2p\" rel=\"nofollow noopener\" title=\"WhatsApp Link\" target=\"_blank\"><strong>NOVEDAD WHATSAPP<\/strong>: \u00a1Pincha aqu\u00ed para recibir <strong>GRATIS<\/strong> las noticias m\u00e1s exclusivas de <strong>CORAZ\u00d3N<\/strong> en WhatsApp!<\/a><\/p>\n<p>Este v\u00ednculo demuestra c\u00f3mo las vidas de personalidades tan diferentes\u00a0pueden entrelazarse en un relato que parece sacado de una novela moderna. Y aunque el protagonista sigue siendo Carlos Alcaraz, la presencia de <a href=\"https:\/\/xcatalunya.cat\/es\/gente\/fuentes-cercanas-zarzuela-admiten-gran-noticia-sobre-irene-grecia-reina-sofia\" title=\"Fuentes cercanas a Zarzuela admiten la gran noticia sobre Irene de Grecia y su hermana\" rel=\"nofollow noopener\" target=\"_blank\">Irene de Grecia<\/a> en esta historia aporta un toque \u00fanico y sorprendente.<\/p>\n","protected":false},"excerpt":{"rendered":"Carlos Alcaraz volvi\u00f3 a brillar esta semana al proclamarse campe\u00f3n del US Open, un t\u00edtulo que lo catapulta&hellip;\n","protected":false},"author":2,"featured_media":109484,"comment_status":"","ping_status":"","sticky":false,"template":"","format":"standard","meta":{"footnotes":""},"categories":[274],"tags":[168,25,24,23,167,327,326],"class_list":{"0":"post-109483","1":"post","2":"type-post","3":"status-publish","4":"format-standard","5":"has-post-thumbnail","7":"category-tenis","8":"tag-deportes","9":"tag-es","10":"tag-espana","11":"tag-spain","12":"tag-sports","13":"tag-tenis","14":"tag-tennis"},"share_on_mastodon":{"url":"","error":""},"_links":{"self":[{"href":"https:\/\/www.europesays.com\/es\/wp-json\/wp\/v2\/posts\/109483","targetHints":{"allow":["GET"]}}],"collection":[{"href":"https:\/\/www.europesays.com\/es\/wp-json\/wp\/v2\/posts"}],"about":[{"href":"https:\/\/www.europesays.com\/es\/wp-json\/wp\/v2\/types\/post"}],"author":[{"embeddable":true,"href":"https:\/\/www.europesays.com\/es\/wp-json\/wp\/v2\/users\/2"}],"replies":[{"embeddable":true,"href":"https:\/\/www.europesays.com\/es\/wp-json\/wp\/v2\/comments?post=109483"}],"version-history":[{"count":0,"href":"https:\/\/www.europesays.com\/es\/wp-json\/wp\/v2\/posts\/109483\/revisions"}],"wp:featuredmedia":[{"embeddable":true,"href":"https:\/\/www.europesays.com\/es\/wp-json\/wp\/v2\/media\/109484"}],"wp:attachment":[{"href":"https:\/\/www.europesays.com\/es\/wp-json\/wp\/v2\/media?parent=109483"}],"wp:term":[{"taxonomy":"category","embeddable":true,"href":"https:\/\/www.europesays.com\/es\/wp-json\/wp\/v2\/categories?post=109483"},{"taxonomy":"post_tag","embeddable":true,"href":"https:\/\/www.europesays.com\/es\/wp-json\/wp\/v2\/tags?post=109483"}],"curies":[{"name":"wp","href":"https:\/\/api.w.org\/{rel}","templated":true}]}}