{"id":109514,"date":"2025-09-12T07:12:14","date_gmt":"2025-09-12T07:12:14","guid":{"rendered":"https:\/\/www.europesays.com\/es\/109514\/"},"modified":"2025-09-12T07:12:14","modified_gmt":"2025-09-12T07:12:14","slug":"la-pelea-va-a-acabar-en-el-primer-asalto","status":"publish","type":"post","link":"https:\/\/www.europesays.com\/es\/109514\/","title":{"rendered":"La pelea va a acabar en el primer asalto"},"content":{"rendered":"<p data-mrf-recirculation=\"Links P\u00e1rrafos\" class=\"ue-c-article__paragraph paragraph\"><strong>Enoc Solves<\/strong> (28-11-1) ser\u00e1 uno de los grandes atractivos de la cartelera de\u00a0<strong>WOW 22,<\/strong> que se disputar\u00e1 este s\u00e1bado 13 de septiembre en el <strong>Madrid Arena<\/strong>. La leyenda de las MMA espa\u00f1olas se enfrentar\u00e1 a<strong> Darwin Rodr\u00edguez<\/strong> (18-6) en un combate que decidir\u00e1 el primer campe\u00f3n de la historia de <strong>peso semipesado<\/strong> en\u00a0la promotora. Adem\u00e1s, esta pelea tiene el <strong>aliciente<\/strong> de que llevaba a\u00f1os pidi\u00e9ndose por parte de los fans, y <strong>por fin<\/strong> se podr\u00e1 llevar a cabo. A pocos d\u00edas del combate, el peleador valenciano se re\u00fane con\u00a0<strong>MARCA<\/strong> para analizar uno de los enfrentamientos<strong> m\u00e1s importantes<\/strong> de su carrera.\u00a0<\/p>\n<p data-mrf-recirculation=\"Links P\u00e1rrafos\" class=\"ue-c-article__paragraph paragraph\"><strong><a href=\"https:\/\/www.entradas.com\/event\/wow-22-madrid-arena-casa-de-campo-20345525\/\" rel=\"nofollow noopener\" target=\"_blank\">CONSIGUE UN DESCUENTO EN LA COMPRA DE ENTRADAS DE WOW 22 CON EL C\u00d3DIGO &#8216;MARCA22&#8217;<\/a><\/strong><\/p>\n<p data-mrf-recirculation=\"Links P\u00e1rrafos\" class=\"ue-c-article__paragraph paragraph\"><strong>Pregunta. Hola Enoc, \u00bfqu\u00e9 tal est\u00e1 a pocos d\u00edas de este ansiado combate ante Darwin?<\/strong><\/p>\n<p data-mrf-recirculation=\"Links P\u00e1rrafos\" class=\"ue-c-article__paragraph paragraph\"><strong>Respuesta.<\/strong> La verdad es que me encuentro s\u00faper bien. He hecho unas mejoras a nivel de cardio espectaculares, porque me he cogido un preparador: Andy Caballero. Uno de los mejores del mundo. Me he cogido un nutricionista, David Rojas&#8230; Me he cogido a lo mejor de lo mejor que ten\u00eda. Me est\u00e1 ayudando Dani B\u00e1rez, me est\u00e1 ayudando Costello, que es campe\u00f3n del mundo del PFL&#8230; Estoy en el American Top Team, me est\u00e1 ayudando el equipo M1, y est\u00e1 moviliz\u00e1ndose media Espa\u00f1a para venir a entrenar conmigo. Me siento muy arropado. Es una pasada ver c\u00f3mo todo el mundo est\u00e1 echando una mano. Hasta peleadores de 50 kilos me est\u00e1n ayudando. Como ellos tienen 20 a\u00f1os y yo tengo 41, tiran mucho de m\u00ed.<\/p>\n<p data-mrf-recirculation=\"Links P\u00e1rrafos\" class=\"ue-c-article__paragraph paragraph\"><strong>P. Recibiendo tanta ayuda, \u00bfc\u00f3mo ha ido el campamento?<\/strong><\/p>\n<p data-mrf-recirculation=\"Links P\u00e1rrafos\" class=\"ue-c-article__paragraph paragraph\"><strong>R.<\/strong> La verdad, tengo tres hijos, tres empresas&#8230; Somos mayores. Ya no me dedico todo el d\u00eda a dar clases.  En esta etapa de mi vida justamente, oye, pues trabajo pocas horas a la semana y decid\u00ed cerrar los gimnasios en agosto, que es un mes bueno para cerrar. Llevo ocho semanas de preparaci\u00f3n s\u00faper seria. Llevo m\u00e1s tiempo prepar\u00e1ndome porque pele\u00e9 hace poco en AFL, aunque la preparaci\u00f3n de esa \u00faltima pelea de AFL no tiene nada que ver con esta.<\/p>\n<p data-mrf-recirculation=\"Links P\u00e1rrafos\" class=\"ue-c-article__paragraph paragraph\">He tenido que cerrar todo para centrarme porque ya sabemos que el entrenamiento es importante, pero el descanso tambi\u00e9n. Entreno y me voy a casa. En todo este verano me he perdido cumplea\u00f1os de amigos, comidas, celebraciones&#8230; No he tenido vida. Estoy s\u00faper contento de pelear con Darwin, es una bell\u00edsima persona. Tiene muy buena energ\u00eda y creo que vamos a dar un espect\u00e1culo incre\u00edble. Pase lo que pase, da igual. Es un d\u00eda especial para los dos. Que gano yo para mi mejor, que gana \u00e9l para el mejor. Pero \u00e9l y yo sabemos que vamos a hacer algo muy grande ese d\u00eda.<\/p>\n<blockquote class=\"ue-c-article__blockquote\">\n<p>Una cosa es el precio y otra cosa es el valor, y yo creo que WOW ha sido distinta en ese aspecto<\/p>\n<p>Enoc Solves, a MARCA<\/p><\/blockquote>\n<p data-mrf-recirculation=\"Links P\u00e1rrafos\" class=\"ue-c-article__paragraph paragraph\"><strong>P. Esta era una pelea muy esperada. \u00bfC\u00f3mo se llev\u00f3 a cabo?<\/strong><\/p>\n<p data-mrf-recirculation=\"Links P\u00e1rrafos\" class=\"ue-c-article__paragraph paragraph\"><strong>R. <\/strong>Al final, ni todos los eventos tienen a Topuria, ni todos los eventos tienen la energ\u00eda que desprende WOW. Lo est\u00e1 haciendo muy bien, han cogido lo mejor de lo mejor. La cabeza de todo es Topuria, que es lo m\u00e1ximo ahora mismo en el planeta, no estamos hablando de Espa\u00f1a. Yo estoy muy contento de pelear en WOW. Se han ofrecido y han dado la cara, digamos, hablando un poquito del tema de las bolsas y tal, que al final siempre estamos ah\u00ed con el que por 2.000 euros m\u00e1s o 2.000 euros menos no se pod\u00eda llevar a cabo. WOW en ese sentido ha dicho &#8216;val\u00e9is esto&#8217;, y lo han pagado. Una cosa es el precio y otra cosa es el valor, y yo creo que WOW ha sido distinta en ese aspecto. Nos habla de t\u00fa a t\u00fa, mir\u00e1ndonos a los ojos y todos hemos aceptado.<\/p>\n<p data-mrf-recirculation=\"Links P\u00e1rrafos\" class=\"ue-c-article__paragraph paragraph\">Tambi\u00e9n te digo, ojal\u00e1 todos los eventos pudieran pagar luchadores como hace WOW, pero han llegado ellos y han roto el mercado. Han hecho todo espectacular y una cosa es que destaco en todas las entrevistas es que me gusta mucho c\u00f3mo tratan a los luchadores amateurs. Yo llev\u00e9 a un luchador amateur ah\u00ed y, joder, se me pon\u00eda la piel de gallina, parec\u00eda McGregor. Lo recogieron en una furgoneta blindada y lo trataron como tiene que ser. Nos jugamos el tipo de arriba, y el amateur se lo juega igual que yo, lo que pasa es que no cobra igual. Todo el mundo quiere pelear all\u00ed, estoy s\u00faper contento.<\/p>\n<p><img decoding=\"async\" width=\"1980\" height=\"1320\" class=\"ue-c-article__image lazyload\" alt=\"Enoc Solves y Darwin Rodr\u00edguez durante el careo oficial de WOW 22.\" loading=\"lazy\" src=\"https:\/\/www.europesays.com\/es\/wp-content\/uploads\/2025\/09\/68c315ce69597.jpeg\"\/><\/p>\n<p>Enoc Solves y Darwin Rodr\u00edguez durante el careo oficial de WOW 22.WOW FC.<\/p>\n<p data-mrf-recirculation=\"Links P\u00e1rrafos\" class=\"ue-c-article__paragraph paragraph\"><strong>P. Os enfrent\u00e1is dos finalizadores natos. \u00bfQu\u00e9 puede esperar la gente de este combate?<\/strong><\/p>\n<p data-mrf-recirculation=\"Links P\u00e1rrafos\" class=\"ue-c-article__paragraph paragraph\"><strong>R.<\/strong> Yo tambi\u00e9n quiero ver qu\u00e9 pasa. Es verdad que tengo m\u00e1s a\u00f1os que \u00e9l, le saco casi 10 a\u00f1os, y los a\u00f1os al final llevan experiencia. No s\u00e9 si ahora mismo cambiar\u00eda yo la experiencia por la juventud, porque yo s\u00e9 muchos truquillos y cosas que \u00e9l a\u00fan no sabe. A\u00fan as\u00ed, lo que le falta de experiencia a Darwin me lo gana en edad. Va a ser una pasada, que yo creo que por la potencia que tenemos los dos no va a pasar del primer asalto. Ojal\u00e1 lleguemos a los 5 asaltos, porque me he preparado como un loco y no s\u00e9 yo si va a poder seguirme el ritmo.<\/p>\n<p data-mrf-recirculation=\"Links P\u00e1rrafos\" class=\"ue-c-article__paragraph paragraph\">Me gustar\u00eda que se extendiera un poquito el combate y disfrutar de la pelea, porque cuanto m\u00e1s tiempo pasamos nosotros en el ring, nos favorece, son horas de vuelo, y para el espect\u00e1culo est\u00e1 bien. Aunque siendo sinceros, pienso que va a acabar el primer asalto. Yo no soy un luchador que tenga fama de irse para atr\u00e1s, entonces va a ser un choque de titanes, y algo va a pasar.<\/p>\n<blockquote class=\"ue-c-article__blockquote\">\n<p>No veo ahora mismo la hora de retirarme<\/p>\n<p>Enoc Solves, a MARCA<\/p><\/blockquote>\n<p data-mrf-recirculation=\"Links P\u00e1rrafos\" class=\"ue-c-article__paragraph paragraph\"><strong>P. Antes de que defendiese el cintur\u00f3n de AFL, hubo rumores acerca de una posible retirada. \u00bfEran ciertos?<\/strong><\/p>\n<p data-mrf-recirculation=\"Links P\u00e1rrafos\" class=\"ue-c-article__paragraph paragraph\"><strong>R.<\/strong> Pues mira, s\u00ed que es verdad que hace dos a\u00f1os yo acababa de ser padre y pesaba 112 kilos. Cuando est\u00e1s rodeado de ni\u00f1os y con tu mujer, cuesta meterte en una jaula a ver qu\u00e9 te depara el destino. Surgen dudas. Sin embargo, puse DAZN para ver a UFC, y me sale AFL, un evento espa\u00f1ol, y me sale Darwin, en televisi\u00f3n. Yo dije &#8216;joder, qu\u00e9 guapo, est\u00e1 en la televisi\u00f3n un evento espa\u00f1ol&#8217;. Yo estaba hecho una alb\u00f3ndiga, pero cog\u00ed el tel\u00e9fono, llam\u00e9 a AFL, y les dije &#8216;yo quiero ser campe\u00f3n de AFL&#8217;. Acept\u00f3 la promotora, acept\u00f3 a todo el mundo, y lo \u00fanico que no se pudo cuadrar fue la pelea de Darwin, ya que de dinero no llegaron a un acuerdo.<\/p>\n<p data-mrf-recirculation=\"Links P\u00e1rrafos\" class=\"ue-c-article__paragraph paragraph\">Tuve que hacer una pelea para el t\u00edtulo, la gan\u00e9, hice otra y la volv\u00ed a ganar. Lo de pensar en retirarme era en ese momento que estaba en el sof\u00e1, ya que estaba lejos ya de estar otra vez en forma. Pero ya llevo dos peleas, encima estoy s\u00faper en forma, me he preparado para cinco asaltos, y no veo el momento de parar. Yo llego al gimnasio y est\u00e1 todo el mundo peleando, entonces, \u00bfc\u00f3mo voy a dejar de pensar en pelear? Es que estoy preparando gente, sacando gente, todo el mundo me pregunta cu\u00e1ndo peleo yo, me encuentro muy bien&#8230; No veo ahora mismo la hora de retirarme. S\u00ed que es verdad que hay que ser honesto con uno mismo, y saber cu\u00e1ndo parar, y yo espero retirarme yo y que no me retiren las lesiones o el deporte.<\/p>\n<p><img decoding=\"async\" width=\"1980\" height=\"1320\" class=\"ue-c-article__image lazyload\" alt=\"Enoc Solves, junto a Dani B\u00e1rez y el resto del equipo en UFC Par\u00eds.\" loading=\"lazy\" src=\"https:\/\/www.europesays.com\/es\/wp-content\/uploads\/2025\/09\/67460f0ac81c0.jpeg\"\/><\/p>\n<p>Enoc Solves, junto a Dani B\u00e1rez y el resto del equipo en UFC Par\u00eds.<\/p>\n<p data-mrf-recirculation=\"Links P\u00e1rrafos\" class=\"ue-c-article__paragraph paragraph\"><strong>P. \u00bfSus planes de futuro pasan por centrarse en una compa\u00f1\u00eda, o pelear tanto en WOW como en AFL?<\/strong><\/p>\n<p data-mrf-recirculation=\"Links P\u00e1rrafos\" class=\"ue-c-article__paragraph paragraph\"><strong>R. <\/strong>Mira, como tambi\u00e9n estuve dos a\u00f1os parado, lo que venga bienvenido es. Soy el campe\u00f3n de dos promotoras, y voy a por la tercera. Si gano el s\u00e1bado, los cinturones de AFL y WOW s\u00ed que los voy a defender, porque es una alegr\u00eda tambi\u00e9n las bolsas, y yo tengo proyectos, tengo hijos&#8230; Si antes hemos peleado casi gratis, \u00bfc\u00f3mo no voy a pelear ahora con las bolsas que hay? He estado toda mi vida yendo a todas las partes del mundo solo con mi m\u00e1nager, y ahora voy con mis 20 colegas que me esperan en el recinto, y luego hay 9.000 personas vi\u00e9ndome en Espa\u00f1a, que cuando yo pegue una torta, me lo celebrar\u00e1n, no como en Rusia.<\/p>\n<p data-mrf-recirculation=\"Links P\u00e1rrafos\" class=\"ue-c-article__paragraph paragraph\">La gente no entiende c\u00f3mo me siento yo de arropado.  Por fin estoy en casa, porque he estado siempre fuera. La gente me ve y me dice &#8216;te veo muy confiado&#8217;. No es confiado, t\u00edo, es que estoy alegre. Toda mi vida enfrent\u00e1ndome que si al campe\u00f3n de Rusia, el campe\u00f3n del mundo&#8230; Y ahora lucho como espa\u00f1ol en Espa\u00f1a, con mi equipo a mi lado, por el cintur\u00f3n de WOW. Viene Dani B\u00e1rez, que el pobrecito est\u00e1 todos los d\u00edas que parece mi padre. Me llama por tel\u00e9fono y est\u00e1 constantemente encima de m\u00ed.<\/p>\n<p data-mrf-recirculation=\"Links P\u00e1rrafos\" class=\"ue-c-article__paragraph paragraph\">Much\u00edsimas gracias a Dani B\u00e1rez por estar aqu\u00ed, t\u00edo, porque la verdad mucha motivaci\u00f3n me la ha dado \u00e9l tambi\u00e9n. Hemos estado en la UFC juntos, ganando, y \u00e9l me dice que ahora me toca a m\u00ed y me motiva. Empezamos Dani y yo a entrenar por las ma\u00f1anas para el training camp, solos \u00e9l y yo, y antes de ayer \u00e9ramos 29 personas, que vienen por la ma\u00f1ana solo a hacer lo que nosotros hacemos. Pocos equipos tienen eso, t\u00edo. Cada vez le toca pelear a uno y nos apoyamos entre todos. No para de venir gente, y para nosotros eso es un orgullo Pedro, de verdad.<\/p>\n<blockquote class=\"ue-c-article__blockquote\">\n<p>Much\u00edsimas gracias a Dani B\u00e1rez por estar aqu\u00ed, porque mucha motivaci\u00f3n me la ha dado \u00e9l tambi\u00e9n<\/p>\n<p>Enoc Solves, a MARCA<\/p><\/blockquote>\n<p data-mrf-recirculation=\"Links P\u00e1rrafos\" class=\"ue-c-article__paragraph paragraph\"><strong>P. \u00bfQu\u00e9 siente despu\u00e9s de la carrera tan laureada que ha tenido el poder estelarizar un evento en Espa\u00f1a, en Madrid, con el Madrid Arena abarrotado?<\/strong><\/p>\n<p data-mrf-recirculation=\"Links P\u00e1rrafos\" class=\"ue-c-article__paragraph paragraph\"><strong>R.<\/strong> Sinceramente, por decirlo de alguna manera, estoy viviendo mi segunda juventud. Yo pensaba que me iba a retirar, y de repente, boom. Aparece todo, se junta la preparaci\u00f3n, con la oportunidad, y ahora mismo no veo el techo de parar. Me encuentro muy bien, estamos muy felices de esta nueva etapa, y si yo estoy feliz eso se transmite. A veces me siento como si tuviera 27 a\u00f1os, aunque no los tenga, gracias a la gente del gimnasio.<\/p>\n<p data-mrf-recirculation=\"Links P\u00e1rrafos\" class=\"ue-c-article__paragraph paragraph\">Doy gracias a Dios por todo lo que est\u00e1 pasando, por esta etapa, y por poder disfrutarla. Solo pido en la pelea de Darwin, me da igual que gane, que nadie salga herido, y que lo pasemos todo de lujo. Que disfrutemos la pelea, que nos podamos abrazar los dos despu\u00e9s del evento, que nos comamos algo, y una pedazo de foto ah\u00ed con el cintur\u00f3n los dos.<\/p>\n<p data-mrf-recirculation=\"Links P\u00e1rrafos\" class=\"ue-c-article__paragraph paragraph\">Yo he perdido 11 veces en mi vida, 11 veces. A m\u00ed una derrota o una victoria no me va a cambiar como persona. Si yo gano ese cintur\u00f3n voy a ser el mismo que si no lo hago, y lo voy a querer igual a Darwin, me pegue \u00e9l o le pegue yo. Si estoy aqu\u00ed es por algo, y lo voy a aprovechar al m\u00e1ximo. WOW ha querido que est\u00e9 Enoc porque saben que puedo llevarme ese cintur\u00f3n, y voy a ir a por todas.<\/p>\n","protected":false},"excerpt":{"rendered":"Enoc Solves (28-11-1) ser\u00e1 uno de los grandes atractivos de la cartelera de\u00a0WOW 22, que se disputar\u00e1 este&hellip;\n","protected":false},"author":2,"featured_media":109515,"comment_status":"","ping_status":"","sticky":false,"template":"","format":"standard","meta":{"footnotes":""},"categories":[276],"tags":[168,25,24,23,167,343],"class_list":{"0":"post-109514","1":"post","2":"type-post","3":"status-publish","4":"format-standard","5":"has-post-thumbnail","7":"category-ufc","8":"tag-deportes","9":"tag-es","10":"tag-espana","11":"tag-spain","12":"tag-sports","13":"tag-ufc"},"share_on_mastodon":{"url":"","error":""},"_links":{"self":[{"href":"https:\/\/www.europesays.com\/es\/wp-json\/wp\/v2\/posts\/109514","targetHints":{"allow":["GET"]}}],"collection":[{"href":"https:\/\/www.europesays.com\/es\/wp-json\/wp\/v2\/posts"}],"about":[{"href":"https:\/\/www.europesays.com\/es\/wp-json\/wp\/v2\/types\/post"}],"author":[{"embeddable":true,"href":"https:\/\/www.europesays.com\/es\/wp-json\/wp\/v2\/users\/2"}],"replies":[{"embeddable":true,"href":"https:\/\/www.europesays.com\/es\/wp-json\/wp\/v2\/comments?post=109514"}],"version-history":[{"count":0,"href":"https:\/\/www.europesays.com\/es\/wp-json\/wp\/v2\/posts\/109514\/revisions"}],"wp:featuredmedia":[{"embeddable":true,"href":"https:\/\/www.europesays.com\/es\/wp-json\/wp\/v2\/media\/109515"}],"wp:attachment":[{"href":"https:\/\/www.europesays.com\/es\/wp-json\/wp\/v2\/media?parent=109514"}],"wp:term":[{"taxonomy":"category","embeddable":true,"href":"https:\/\/www.europesays.com\/es\/wp-json\/wp\/v2\/categories?post=109514"},{"taxonomy":"post_tag","embeddable":true,"href":"https:\/\/www.europesays.com\/es\/wp-json\/wp\/v2\/tags?post=109514"}],"curies":[{"name":"wp","href":"https:\/\/api.w.org\/{rel}","templated":true}]}}