{"id":109577,"date":"2025-09-12T07:55:17","date_gmt":"2025-09-12T07:55:17","guid":{"rendered":"https:\/\/www.europesays.com\/es\/109577\/"},"modified":"2025-09-12T07:55:17","modified_gmt":"2025-09-12T07:55:17","slug":"netanyahu-acusa-a-sanchez-de-lanzar-amenazas-genocidas-a-israel-tras-decir-que-no-tiene-bombas-nucleares-para-frenarle","status":"publish","type":"post","link":"https:\/\/www.europesays.com\/es\/109577\/","title":{"rendered":"Netanyahu acusa a S\u00e1nchez de lanzar \u00abamenazas genocidas\u00bb a Israel tras decir que \u00abno tiene bombas nucleares\u00bb para frenarle"},"content":{"rendered":"<p class=\"paragraph\" data-end=\"536\" data-start=\"270\" id=\"paragraph_1\">El primer ministro israel\u00ed, <strong>Benjamin Netanyahu<\/strong>, ha acusado este jueves a <strong>Pedro S\u00e1nchez<\/strong> de lanzar una \u00abamenaza genocida flagrante\u00bb contra <strong>Israel<\/strong>. Lo ha hecho tras las declaraciones del presidente del Gobierno en su comparecencia del lunes sobre la guerra en Gaza.<\/p>\n<p class=\"paragraph\" data-end=\"755\" data-start=\"538\" id=\"paragraph_2\">\u00abEl primer ministro espa\u00f1ol S\u00e1nchez dijo que Espa\u00f1a no puede detener la batalla de Israel contra los terroristas de Ham\u00e1s porque &#8216;Espa\u00f1a no tiene armas nucleares'\u00bb, ha escrito Netanyahu en su perfil oficial en X.<\/p>\n<p class=\"paragraph\" data-end=\"1028\" data-start=\"757\" id=\"paragraph_3\">Para el mandatario israel\u00ed, esa afirmaci\u00f3n constituye \u00abuna <strong>amenaza genocida<\/strong> contra el \u00fanico Estado jud\u00edo del mundo\u00bb. \u00abAl parecer, la <strong>Inquisici\u00f3n<\/strong>, la expulsi\u00f3n de los jud\u00edos de Espa\u00f1a y el asesinato masivo de jud\u00edos en el <strong>Holocausto<\/strong> no es suficiente. Incre\u00edble\u00bb, ha a\u00f1adido.<\/p>\n<p><img loading=\"lazy\" decoding=\"async\" alt=\"Jos\u00e9 Manuel Albares saluda al ministro israel\u00ed de Exteriores, Gideon Sa'ar, el pasado 25 de febrero en el Consejo de la UE en Bruselas.\" height=\"180\" src=\"https:\/\/www.europesays.com\/es\/wp-content\/uploads\/2025\/09\/931167896_253920465_320x180.jpg\" width=\"320\" data-lazy-status=\"processed\" data-lazy-info=\"remove loading item 1\"\/><\/p>\n<p class=\"paragraph\" data-end=\"1816\" data-start=\"1558\" id=\"paragraph_4\">Las declaraciones a las que alude Netanyahu se produjeron el lunes, cuando S\u00e1nchez present\u00f3 un paquete de medidas en respuesta a la guerra. Entre ellas figura la prohibici\u00f3n de entrada a dos ministros ultras israel\u00edes y el embargo de armas.<\/p>\n<p class=\"paragraph\" data-end=\"2052\" data-start=\"1818\" id=\"paragraph_5\">\u00abEspa\u00f1a, como saben, no tiene <strong>bombas nucleares<\/strong>, tampoco tiene portaaviones ni grandes reservas de petr\u00f3leo. Nosotros solos no podemos detener la ofensiva israel\u00ed\u00bb, dijo S\u00e1nchez entonces en su declaraci\u00f3n institucional desde Moncloa.<\/p>\n<blockquote class=\"twitter-tweet\">\n<p dir=\"ltr\" lang=\"en\">Prime Minister&#8217;s Office:<\/p>\n<p>Spanish PM Sanchez said yesterday that Spain can\u2019t stop Israel\u2019s battle against Hamas terrorists because \u2018Spain does not have nuclear weapons.\u2019 That\u2019s a blatant genocidal threat on the world\u2019s only Jewish State.<\/p>\n<p>\u2014 Prime Minister of Israel (@IsraeliPM) <a href=\"https:\/\/twitter.com\/IsraeliPM\/status\/1966158769924264269?ref_src=twsrc%5Etfw\" rel=\"nofollow noopener\" target=\"_blank\">September 11, 2025<\/a><\/p><\/blockquote>\n<p class=\"paragraph\" data-end=\"2310\" data-start=\"2054\" id=\"paragraph_6\">\u00abPero eso no significa que no vayamos a dejar de intentarlo. Porque hay causas por las que merece la pena luchar, aunque no est\u00e9 en nuestras \u00fanicas manos ganarlas\u00bb, a\u00f1adi\u00f3 el presidente del Gobierno, que justific\u00f3 as\u00ed las medidas adoptadas contra Israel.<\/p>\n<p>Exteriores responde<\/p>\n<p class=\"paragraph\" data-end=\"2310\" data-start=\"2054\" id=\"paragraph_7\">El Ministerio de Exteriores ha respondido con un comunicado en el que califica <a href=\"https:\/\/www.exteriores.gob.es\/es\/Comunicacion\/Comunicados\/Paginas\/2025_COMUNICADOS\/Comunicado-sobre-los-comentarios-de-la-oficina-del-Primer-Ministro-de-Israel.aspx\" rel=\"nofollow noopener\" target=\"_blank\">los comentarios de Netanyahu de \u00abfalsos y calumniosos\u00bb<\/a>.<\/p>\n<p class=\"paragraph\" data-end=\"2310\" data-start=\"2054\" id=\"paragraph_8\">\u00abEl pueblo espa\u00f1ol es amigo del pueblo de <strong>Israel<\/strong> y del pueblo de <strong>Palestina<\/strong>. Espa\u00f1a continuar\u00e1 apoyando la labor de los Tribunales internacionales para esclarecer lo que est\u00e1 sucediendo en Gaza desde 2023&#8243;, se\u00f1ala la nota difundida por el departamento de <strong>Jos\u00e9 Manuel Albares<\/strong>.<\/p>\n<p class=\"paragraph\" data-end=\"1301\" data-start=\"1030\" id=\"paragraph_9\">Las palabras de Netanyahu llegan despu\u00e9s de que su ministro de Exteriores, <strong>Gideon Saar<\/strong>, acusara a S\u00e1nchez de \u00abdistraer la atenci\u00f3n de los esc\u00e1ndalos de corrupci\u00f3n\u00bb en Espa\u00f1a y de mostrar una <a href=\"https:\/\/www.elespanol.com\/espana\/politica\/20250908\/israel-acusa-gobierno-antisemita-compara-maduro-prohibe-entrada-pais-yolanda-diaz-sira-rego\/1003743915289_0.html?utm_cmp_rs=linksinline\" rel=\"nofollow noopener\" target=\"_blank\">\u00abfalta de conciencia hist\u00f3rica\u00bb<\/a> respecto a la expulsi\u00f3n de los jud\u00edos en <strong>1492<\/strong>.<\/p>\n<p class=\"paragraph\" data-end=\"1556\" data-start=\"1303\" id=\"paragraph_10\">En esa misma l\u00ednea, el Gobierno israel\u00ed anunci\u00f3 esta semana un veto de entrada contra la vicepresidenta segunda, <strong>Yolanda D\u00edaz<\/strong>, y la ministra de Juventud, <strong>Sira Rego<\/strong>, como respuesta al endurecimiento de la posici\u00f3n espa\u00f1ola frente a la ofensiva en Gaza.<\/p>\n<p>                                    <script async src=\"https:\/\/platform.twitter.com\/widgets.js\" charset=\"utf-8\"><\/script><\/p>\n","protected":false},"excerpt":{"rendered":"El primer ministro israel\u00ed, Benjamin Netanyahu, ha acusado este jueves a Pedro S\u00e1nchez de lanzar una \u00abamenaza genocida&hellip;\n","protected":false},"author":2,"featured_media":109578,"comment_status":"","ping_status":"","sticky":false,"template":"","format":"standard","meta":{"footnotes":""},"categories":[5],"tags":[13241,17,18,25,24,13,14,248,11,19,20,9,10,15,16,2959,952,23,12,21,22],"class_list":{"0":"post-109577","1":"post","2":"type-post","3":"status-publish","4":"format-standard","5":"has-post-thumbnail","7":"category-titulares","8":"tag-benjamin-netanyahu","9":"tag-breaking-news","10":"tag-breakingnews","11":"tag-es","12":"tag-espana","13":"tag-featured-news","14":"tag-featurednews","15":"tag-gobierno-de-espana","16":"tag-headlines","17":"tag-latest-news","18":"tag-latestnews","19":"tag-news","20":"tag-noticias","21":"tag-noticias-destacadas","22":"tag-noticiasdestacadas","23":"tag-pedro-sanchez","24":"tag-politica","25":"tag-spain","26":"tag-titulares","27":"tag-ultimas-noticias","28":"tag-ultimasnoticias"},"share_on_mastodon":{"url":"","error":""},"_links":{"self":[{"href":"https:\/\/www.europesays.com\/es\/wp-json\/wp\/v2\/posts\/109577","targetHints":{"allow":["GET"]}}],"collection":[{"href":"https:\/\/www.europesays.com\/es\/wp-json\/wp\/v2\/posts"}],"about":[{"href":"https:\/\/www.europesays.com\/es\/wp-json\/wp\/v2\/types\/post"}],"author":[{"embeddable":true,"href":"https:\/\/www.europesays.com\/es\/wp-json\/wp\/v2\/users\/2"}],"replies":[{"embeddable":true,"href":"https:\/\/www.europesays.com\/es\/wp-json\/wp\/v2\/comments?post=109577"}],"version-history":[{"count":0,"href":"https:\/\/www.europesays.com\/es\/wp-json\/wp\/v2\/posts\/109577\/revisions"}],"wp:featuredmedia":[{"embeddable":true,"href":"https:\/\/www.europesays.com\/es\/wp-json\/wp\/v2\/media\/109578"}],"wp:attachment":[{"href":"https:\/\/www.europesays.com\/es\/wp-json\/wp\/v2\/media?parent=109577"}],"wp:term":[{"taxonomy":"category","embeddable":true,"href":"https:\/\/www.europesays.com\/es\/wp-json\/wp\/v2\/categories?post=109577"},{"taxonomy":"post_tag","embeddable":true,"href":"https:\/\/www.europesays.com\/es\/wp-json\/wp\/v2\/tags?post=109577"}],"curies":[{"name":"wp","href":"https:\/\/api.w.org\/{rel}","templated":true}]}}