{"id":109605,"date":"2025-09-12T08:12:12","date_gmt":"2025-09-12T08:12:12","guid":{"rendered":"https:\/\/www.europesays.com\/es\/109605\/"},"modified":"2025-09-12T08:12:12","modified_gmt":"2025-09-12T08:12:12","slug":"la-resistencia-de-las-celulas-cancerosas-a-la-quimioterapia-se-debe-a-una-proteina","status":"publish","type":"post","link":"https:\/\/www.europesays.com\/es\/109605\/","title":{"rendered":"La resistencia de las c\u00e9lulas cancerosas a la quimioterapia se debe a una prote\u00edna"},"content":{"rendered":"<p>Los tratamientos contra el c\u00e1ncer se centran en <strong>destruir las c\u00e9lulas tumorales sin da\u00f1ar al resto sanas<\/strong>. Esta tarea no resulta nada sencilla y m\u00e1s, porque <strong>las c\u00e9lulas cancerosas cuentan con un mecanismo de resistencia que les aporta armas muy poderosas contra la quimioterapia<\/strong>. Ahora, un equipo del CABIMER, centro mixto CSIC-US-UPO-Junta de Andaluc\u00eda, ha identificado <strong>una prote\u00edna fundamental para la oposici\u00f3n de los tumores a los tratamientos<\/strong>. <\/p>\n<p><a href=\"https:\/\/www.europesays.com\/es\/wp-content\/uploads\/2025\/09\/mutaciones-celulas-cancer.jpg\"><img fetchpriority=\"high\" decoding=\"async\" width=\"800\" height=\"450\" src=\"https:\/\/www.europesays.com\/es\/wp-content\/uploads\/2025\/09\/mutaciones-celulas-cancer.jpg\" alt=\"\" class=\"wp-image-237303\"  \/><\/a>Recreaci\u00f3n del proceso de replicaci\u00f3n de c\u00e9lulas tumorales.<\/p>\n<p>Los investigadores han identificado factores que amenazan la<strong>\u00a0supervivencia de las c\u00e9lulas en ausencia de mecanismos de vigilancia del ciclo celular, como en el caso de los tumores.<\/strong>\u00a0Adem\u00e1s, sugieren el posible papel de una prote\u00edna en la supervivencia de las c\u00e9lulas tumorales, ya que estas acumulan mutaciones que les permiten ser resistentes a tratamientos como la quimioterapia.<\/p>\n<p>Cu\u00e1l es la prote\u00edna fundamental para la resistencia de las c\u00e9lulas cancerosas<\/p>\n<p>El estudio de CABIMER ha revelado que l<strong>a prote\u00edna humana PrimPol es la responsable de la resistencia de las c\u00e9lulas tumorales a los tratamientos de quimioterapia<\/strong>. Seg\u00fan los ensayos realizados, cuando es expresada en levaduras como organismos modelo, muestra la capacidad de <strong>prevenir la degradaci\u00f3n masiva del ADN<\/strong> que ocurre cuando fallan estos mecanismos de vigilancia.<\/p>\n<p>El material gen\u00e9tico (ADN) ha de replicarse de manera eficiente y fidedigna en cada divisi\u00f3n celular. Este proceso es el periodo m\u00e1s vulnerable del ciclo celular, por tanto, es esencial identificar los factores que pueden alterarlo. Uno de los principales mecanismos de vigilancia del ciclo celular es el punto de control de replicaci\u00f3n, conservado por la evoluci\u00f3n desde levaduras hasta humanos. Este punto de vigilancia supervisa la correcta replicaci\u00f3n del ADN y, en caso de da\u00f1o, coordina los sistemas de reparaci\u00f3n, parando el ciclo celular.\u00a0 Cuando falla, la c\u00e9lula se vuelve especialmente vulnerable al da\u00f1o en el ADN, lo que conlleva consecuencias letales irreversibles.\u00a0<\/p>\n<p><a href=\"https:\/\/novaciencia.es\/wp-content\/uploads\/2025\/09\/belen-gonzalez-y-ivan-nunez-cabimer-us.jpg\" rel=\"nofollow noopener\" target=\"_blank\"><img loading=\"lazy\" decoding=\"async\" width=\"1024\" height=\"788\" src=\"https:\/\/www.europesays.com\/es\/wp-content\/uploads\/2025\/09\/belen-gonzalez-y-ivan-nunez-cabimer-us-1024x788.jpg\" alt=\"\" class=\"wp-image-237304\"  \/><\/a>Bel\u00e9n G\u00f3mez Gonz\u00e1lez, investigadora de la US, junto a Iv\u00e1n N\u00fa\u00f1ez Mart\u00edn, primer autor del trabajo.<\/p>\n<p>Publicado en la revista\u00a0<a href=\"https:\/\/academic.oup.com\/nar\/article\/53\/14\/gkaf707\/8219223\" target=\"_blank\" rel=\"noreferrer noopener nofollow\">Nucleic Acids Research<\/a>,\u00a0el trabajo, cuyo primer autor es\u00a0<strong>Iv\u00e1n N\u00fa\u00f1ez Mart\u00edn<\/strong>, identifica adem\u00e1s tres factores espec\u00edficos (Rad51, Mus81 y Rad5) como responsables de esta toxicidad, utilizando la levadura como organismo modelo. Aunque normalmente ayudan a la progresi\u00f3n de la replicaci\u00f3n, estos mismos factores son responsables de la\u00a0<strong>degradaci\u00f3n masiva del ADN\u00a0<\/strong>reci\u00e9n sintetizado en c\u00e9lulas que carecen del sistema de vigilancia, como ocurre en la mayor\u00eda de las c\u00e9lulas cancer\u00edgenas.<\/p>\n<p>Factores para la quimioresistencia<\/p>\n<p>\u00abDado que las c\u00e9lulas cancerosas acumulan<strong> mutaciones en el\u00a0punto de control\u00a0<\/strong>que les permiten tolerar la proliferaci\u00f3n celular descontrolada, estos hallazgos sugieren que la adquisici\u00f3n de mutaciones adicionales en factores como los identificados en este trabajo podr\u00edan ser responsables de <strong>quimioresistencia al promover la supervivencia al da\u00f1o<\/strong>\u201d, indica\u00a0Bel\u00e9n G\u00f3mez Gonz\u00e1lez,\u00a0investigadora de la Universidad de Sevilla (US) que ha liderado el proyecto.<\/p>\n","protected":false},"excerpt":{"rendered":"Los tratamientos contra el c\u00e1ncer se centran en destruir las c\u00e9lulas tumorales sin da\u00f1ar al resto sanas. Esta&hellip;\n","protected":false},"author":2,"featured_media":109606,"comment_status":"","ping_status":"","sticky":false,"template":"","format":"standard","meta":{"footnotes":""},"categories":[92],"tags":[25,24,165,338,166,23],"class_list":{"0":"post-109605","1":"post","2":"type-post","3":"status-publish","4":"format-standard","5":"has-post-thumbnail","7":"category-salud","8":"tag-es","9":"tag-espana","10":"tag-health","11":"tag-portada","12":"tag-salud","13":"tag-spain"},"share_on_mastodon":{"url":"","error":""},"_links":{"self":[{"href":"https:\/\/www.europesays.com\/es\/wp-json\/wp\/v2\/posts\/109605","targetHints":{"allow":["GET"]}}],"collection":[{"href":"https:\/\/www.europesays.com\/es\/wp-json\/wp\/v2\/posts"}],"about":[{"href":"https:\/\/www.europesays.com\/es\/wp-json\/wp\/v2\/types\/post"}],"author":[{"embeddable":true,"href":"https:\/\/www.europesays.com\/es\/wp-json\/wp\/v2\/users\/2"}],"replies":[{"embeddable":true,"href":"https:\/\/www.europesays.com\/es\/wp-json\/wp\/v2\/comments?post=109605"}],"version-history":[{"count":0,"href":"https:\/\/www.europesays.com\/es\/wp-json\/wp\/v2\/posts\/109605\/revisions"}],"wp:featuredmedia":[{"embeddable":true,"href":"https:\/\/www.europesays.com\/es\/wp-json\/wp\/v2\/media\/109606"}],"wp:attachment":[{"href":"https:\/\/www.europesays.com\/es\/wp-json\/wp\/v2\/media?parent=109605"}],"wp:term":[{"taxonomy":"category","embeddable":true,"href":"https:\/\/www.europesays.com\/es\/wp-json\/wp\/v2\/categories?post=109605"},{"taxonomy":"post_tag","embeddable":true,"href":"https:\/\/www.europesays.com\/es\/wp-json\/wp\/v2\/tags?post=109605"}],"curies":[{"name":"wp","href":"https:\/\/api.w.org\/{rel}","templated":true}]}}