{"id":109611,"date":"2025-09-12T08:15:09","date_gmt":"2025-09-12T08:15:09","guid":{"rendered":"https:\/\/www.europesays.com\/es\/109611\/"},"modified":"2025-09-12T08:15:09","modified_gmt":"2025-09-12T08:15:09","slug":"recibe-el-espaldarazo-de-dos-institucionales-en-24-horas","status":"publish","type":"post","link":"https:\/\/www.europesays.com\/es\/109611\/","title":{"rendered":"recibe el espaldarazo de dos institucionales en 24 horas\u00a0"},"content":{"rendered":"<p>Sabadell recibi\u00f3 este martes <a href=\"https:\/\/www.finanzas.com\/ibex-35\/alantra-opa-bbva-sabadell.html\" target=\"_blank\" rel=\"noreferrer noopener nofollow\">el respaldo de Alantra Equities<\/a>, en un informe en el que apunt\u00f3 que la formaci\u00f3n ten\u00eda m\u00e1s futuro en solitario que junto a BBVA.\u00a0<\/p>\n<p>Si bien, BBVA no ha tardado en devolver el golpe, con <strong>el apoyo de dos inversores institucionales en menos de 24 horas: GVC Gaesco y la poderosa Blackrock<\/strong> (principal gestora de activos del mundo).\u00a0<\/p>\n<p>En el caso de la gestora espa\u00f1ola, ha llevado a cabo una rotaci\u00f3n en su listado de valores espa\u00f1oles favoritos, en la que se incluye el cambio de las acciones de Sabadell por las de BBVA.\u00a0<\/p>\n<p>GVC Gaesco ha justificado el intercambio de posiciones en banca por <a href=\"https:\/\/www.bbva.com\/es\/economia-y-finanzas\/bbva-preve-crecer-en-actividad-e-ingresos-en-todos-sus-mercados-entre-2025-y-2028\/\" target=\"_blank\" rel=\"noopener nofollow\">el \u00abambicioso\u00bb plan estrat\u00e9gico 2025-2028 <\/a>de la entidad vasca y en el que se recogen expectativas de mejora de los ingresos y un reparto total de 36.000 millones de euros para retribuir al accionista.\u00a0<\/p>\n<p>En relaci\u00f3n a la opa sobre el Sabadell, GVC Gaesco cree que BBVA todav\u00eda tiene\u00a0tiempo para incrementar su oferta, por mucho que su presidente lo haya vuelto a negar esta semana. \u00a0<\/p>\n<p>De este modo, han expresado su recomendaci\u00f3n de &#8216;comprar&#8217; las acciones de BBVA bajo la premisa de que los t\u00edtulos de la entidad podr\u00edan llegar hasta los 18 euros, lo que se traducir\u00eda en un alza de un 15%.\u00a0<\/p>\n<p><strong>BBVA es la gran apuesta de Blackrock en bancos espa\u00f1oles<\/strong>\u00a0<\/p>\n<p>Con pocas horas de diferencia, Blackrock ha publicado otro informe bastante elogioso con la entidad presidida por Carlos Torres.\u00a0<\/p>\n<p>En el documento, Bank of America informa de que mantiene a BBVA como su mayor apuesta entre los bancos espa\u00f1oles y aumenta su precio objetivo hasta los 18,5 euros en un contexto en el que las fusiones y adquisiciones son \u00abclave\u00bb en la evoluci\u00f3n de las cotizaciones.\u00a0<\/p>\n<p>Sobre BBVA, Bank of America explica que sigue dentro de sus 25 acciones favoritas para 2025 gracias a su franquicia con una \u00abcalidad envidiable\u00bb y sus \u00abs\u00f3lidas cuotas de mercado\u00bb en M\u00e9xico, Turqu\u00eda y Espa\u00f1a, \u00abcon o sin la operaci\u00f3n con Sabadell\u00bb.\u00a0<\/p>\n<p>A pesar de que la entidad tiene una prima sobre rentabilidad (medida en t\u00e9rminos de RoTE) frente a sus competidores de alrededor del 22%, la entidad estadounidense se\u00f1ala que sus acciones cotizan con descuento y sube su precio objetivo de los 16 a los 18,5 euros.\u00a0<\/p>\n<p>Para la subida del precio objetivo, Bank of America se basa en una previsi\u00f3n del incremento del beneficio por acci\u00f3n (BPA) de entre el 7% y el 12% para 2026 y 2027 y considera una distribuci\u00f3n de capital en el corto plazo de alrededor de 13.000 millones de euros.\u00a0<\/p>\n<p>El an\u00e1lisis recoge tambi\u00e9n la opini\u00f3n de BBVA de que seguir\u00e1 aportando valor si se fusiona a Sabadell y de que la operaci\u00f3n agregar\u00e1 cerca de un 5% al BPA y una rentabilidad sobre la inversi\u00f3n (ROI) de m\u00e1s del 20%.\u00a0<\/p>\n<p><strong>Blackrock cree que Sabadell ya no cotiza \u201cseg\u00fan sus fundamentales\u201d<\/strong>\u00a0<\/p>\n<p>\u00abReiteramos nuestra recomendaci\u00f3n de compra (en BBVA), que es nuestra primera opci\u00f3n en Espa\u00f1a\u00bb, especifica la entidad estadounidense.<\/p>\n<p>En contraste con esta opini\u00f3n elogiosa sobre BBVA, Blackrock ha dejado sin calificaci\u00f3n a Sabadell, puesto que cree que sus acciones \u00abya no cotizan seg\u00fan sus fundamentales\u00bb, sino guiadas por la l\u00f3gica de la opa.\u00a0<\/p>\n<p><strong>Error de RSS:<\/strong> WP HTTP Error: No se ha facilitado una URL v\u00e1lida.<\/p>\n","protected":false},"excerpt":{"rendered":"Sabadell recibi\u00f3 este martes el respaldo de Alantra Equities, en un informe en el que apunt\u00f3 que la&hellip;\n","protected":false},"author":2,"featured_media":109612,"comment_status":"","ping_status":"","sticky":false,"template":"","format":"standard","meta":{"footnotes":""},"categories":[80],"tags":[3285,82,95,94,25,24,3501,1457,23],"class_list":{"0":"post-109611","1":"post","2":"type-post","3":"status-publish","4":"format-standard","5":"has-post-thumbnail","7":"category-economia","8":"tag-bbva","9":"tag-business","10":"tag-economia","11":"tag-economy","12":"tag-es","13":"tag-espana","14":"tag-ibex-35","15":"tag-sabadell","16":"tag-spain"},"share_on_mastodon":{"url":"","error":""},"_links":{"self":[{"href":"https:\/\/www.europesays.com\/es\/wp-json\/wp\/v2\/posts\/109611","targetHints":{"allow":["GET"]}}],"collection":[{"href":"https:\/\/www.europesays.com\/es\/wp-json\/wp\/v2\/posts"}],"about":[{"href":"https:\/\/www.europesays.com\/es\/wp-json\/wp\/v2\/types\/post"}],"author":[{"embeddable":true,"href":"https:\/\/www.europesays.com\/es\/wp-json\/wp\/v2\/users\/2"}],"replies":[{"embeddable":true,"href":"https:\/\/www.europesays.com\/es\/wp-json\/wp\/v2\/comments?post=109611"}],"version-history":[{"count":0,"href":"https:\/\/www.europesays.com\/es\/wp-json\/wp\/v2\/posts\/109611\/revisions"}],"wp:featuredmedia":[{"embeddable":true,"href":"https:\/\/www.europesays.com\/es\/wp-json\/wp\/v2\/media\/109612"}],"wp:attachment":[{"href":"https:\/\/www.europesays.com\/es\/wp-json\/wp\/v2\/media?parent=109611"}],"wp:term":[{"taxonomy":"category","embeddable":true,"href":"https:\/\/www.europesays.com\/es\/wp-json\/wp\/v2\/categories?post=109611"},{"taxonomy":"post_tag","embeddable":true,"href":"https:\/\/www.europesays.com\/es\/wp-json\/wp\/v2\/tags?post=109611"}],"curies":[{"name":"wp","href":"https:\/\/api.w.org\/{rel}","templated":true}]}}