{"id":109621,"date":"2025-09-12T08:23:08","date_gmt":"2025-09-12T08:23:08","guid":{"rendered":"https:\/\/www.europesays.com\/es\/109621\/"},"modified":"2025-09-12T08:23:08","modified_gmt":"2025-09-12T08:23:08","slug":"espana-objetivo-bolonia-huerfana-de-carlos-alcaraz","status":"publish","type":"post","link":"https:\/\/www.europesays.com\/es\/109621\/","title":{"rendered":"Espa\u00f1a, objetivo Bolonia hu\u00e9rfana de Carlos Alcaraz"},"content":{"rendered":"<p>La <b>fase final de la Copa Davis<\/b>, prevista<b> del 18 al 23 de noviembre en Bolonia<\/b>, es el objetivo de los catorce equipos nacionales que este fin de semana pujan por las siete vacantes que completen el cartel de la \u00faltima cita de la temporada.<\/p>\n<p>El torneo ha recuperado este curso parte de la esencia tradicional. Ha dejado atr\u00e1s el sistema que se apoder\u00f3 de la competici\u00f3n en los \u00faltimos a\u00f1os, con fases agrupadas en una misma sede tras suprimir las eliminatorias con un anfitri\u00f3n y un visitante. En este 2025 hay una f\u00f3rmula mixta. Han vuelto los duelos por eliminaci\u00f3n, pero hay un \u00faltimo tramo donde se concentran los ocho mejores que a lo largo de casi una semana pelear\u00e1n por el t\u00edtulo.<\/p>\n<p>Bolonia es el destino. Con Italia como anfitri\u00f3n y vigente campe\u00f3n. Las otras siete selecciones que conformen los cuartos de final saldr\u00e1n de los cara a cara de este fin de semana.<\/p>\n<p>Todav\u00eda reciente las secuelas del \u00faltimo \u00abGrand Slam\u00bb del ejercicio, el Abierto de Estados Unidos, el tenis se adentra en la competici\u00f3n por equipos m\u00e1s importante y con m\u00e1s tradici\u00f3n. Sin embargo, la exigencia del evento estadounidense ha provocado la<b> ca\u00edda de alguna de las principales raquetas del circuito<\/b>. Entre ellas, la del n\u00famero uno del mundo, <b>Carlos Alcaraz<\/b>, que hab\u00eda sido convocado por David Ferrer. El ganador de seis \u00abGrand Slams\u00bb tuvo que renunciar a la citaci\u00f3n, igual que <b>Alejandro Davidovich<\/b>, para la cita de M\u00e1laga contra Dinamarca que est\u00e1 capitaneada por su principal jugador, Holger Rune.<\/p>\n<p>Espa\u00f1a tiene el reto de regresar a la fase final y aspirar a un nuevo t\u00edtulo. <b>Jaume Munar<\/b> se ha convertido en el l\u00edder del conjunto de David Ferrer. El balear llega con su mejor r\u00e1nking, <b>37 del mundo<\/b>, tras firmar en el Abierto de Estados Unidos sus primeros octavos de final de un \u00abGrand Slam\u00bb. \u00abEst\u00e1 siendo un a\u00f1o muy positivo para mi. He quemado etapas y he ido creciendo, aunque el trabajo viene de mucho m\u00e1s atr\u00e1s. Me siento preparado para dar lo mejor de mi y lo que venga\u00bb, dijo Munar que ser\u00e1 la principal baza de Espa\u00f1a en los individuales junto a <b>Pedro Mart\u00ednez<\/b> en un equipo que completan <b>Roberto Carball\u00e9s y Pablo Carre\u00f1o<\/b>.<\/p>\n<p>\u00abLas bajas son importantes pero es algo que tenemos que aceptar y a partir de ah\u00ed, mirar al presente y al fin de semana. Creo que en cualquier caso tenemos equipo para sacar la eliminatoria adelante\u00bb, opina <b>David Ferrer<\/b>, capit\u00e1n de Espa\u00f1a.<\/p>\n<p>Ser\u00e1 el sexto duelo entre Espa\u00f1a y Dinamarca con ventaja para la armada por 3-2 aunque el \u00faltimo cara a cara fue para los daneses por 5-0 en Odense, en el 2015.<\/p>\n<p>Espa\u00f1a ha sido seis veces campeona (2000, 2004, 2008, 2009, 2011 y 2019) y otras cuatro finalistas (1965, 1967, 2003 y 2012). Dinamarca nunca ha ganado la Copa Davis. Los cuartos de final de 1988 es su mejor registro. Frederik Nielsen cuenta con Rune, August Holmgren, Christian Sigsgaard, Johannes Inglidsen y Elmer Moeller.<\/p>\n<p>Los enfrentamientos ser\u00e1n al mejor de cinco partidos, con dos individuales el primer d\u00eda, seguidos del partido de dobles y los dos individuales inversos el segundo d\u00eda por ese orden. Todos los partidos se jugar\u00e1n al mejor de tres sets con desempate.<\/p>\n","protected":false},"excerpt":{"rendered":"La fase final de la Copa Davis, prevista del 18 al 23 de noviembre en Bolonia, es el&hellip;\n","protected":false},"author":2,"featured_media":109622,"comment_status":"","ping_status":"","sticky":false,"template":"","format":"standard","meta":{"footnotes":""},"categories":[274],"tags":[168,25,24,23,167,327,326],"class_list":{"0":"post-109621","1":"post","2":"type-post","3":"status-publish","4":"format-standard","5":"has-post-thumbnail","7":"category-tenis","8":"tag-deportes","9":"tag-es","10":"tag-espana","11":"tag-spain","12":"tag-sports","13":"tag-tenis","14":"tag-tennis"},"share_on_mastodon":{"url":"","error":""},"_links":{"self":[{"href":"https:\/\/www.europesays.com\/es\/wp-json\/wp\/v2\/posts\/109621","targetHints":{"allow":["GET"]}}],"collection":[{"href":"https:\/\/www.europesays.com\/es\/wp-json\/wp\/v2\/posts"}],"about":[{"href":"https:\/\/www.europesays.com\/es\/wp-json\/wp\/v2\/types\/post"}],"author":[{"embeddable":true,"href":"https:\/\/www.europesays.com\/es\/wp-json\/wp\/v2\/users\/2"}],"replies":[{"embeddable":true,"href":"https:\/\/www.europesays.com\/es\/wp-json\/wp\/v2\/comments?post=109621"}],"version-history":[{"count":0,"href":"https:\/\/www.europesays.com\/es\/wp-json\/wp\/v2\/posts\/109621\/revisions"}],"wp:featuredmedia":[{"embeddable":true,"href":"https:\/\/www.europesays.com\/es\/wp-json\/wp\/v2\/media\/109622"}],"wp:attachment":[{"href":"https:\/\/www.europesays.com\/es\/wp-json\/wp\/v2\/media?parent=109621"}],"wp:term":[{"taxonomy":"category","embeddable":true,"href":"https:\/\/www.europesays.com\/es\/wp-json\/wp\/v2\/categories?post=109621"},{"taxonomy":"post_tag","embeddable":true,"href":"https:\/\/www.europesays.com\/es\/wp-json\/wp\/v2\/tags?post=109621"}],"curies":[{"name":"wp","href":"https:\/\/api.w.org\/{rel}","templated":true}]}}