{"id":109623,"date":"2025-09-12T08:24:07","date_gmt":"2025-09-12T08:24:07","guid":{"rendered":"https:\/\/www.europesays.com\/es\/109623\/"},"modified":"2025-09-12T08:24:07","modified_gmt":"2025-09-12T08:24:07","slug":"almeida-no-se-rinde-siguen-las-protestas-el-sueno-cumplido-de-alalpardo","status":"publish","type":"post","link":"https:\/\/www.europesays.com\/es\/109623\/","title":{"rendered":"Almeida no se rinde, siguen las protestas, el sue\u00f1o cumplido de Alalpardo&#8230;"},"content":{"rendered":"<p data-mrf-recirculation=\"Links P\u00e1rrafos\" class=\"ue-c-article__paragraph paragraph ue-c-article--first-letter-highlighted\">La Vuelta 2025 se adentra este viernes en su decimonovena etapa, 161,9 kil\u00f3metros \u00edntegros por Castilla y Le\u00f3n, desde Rueda hasta Guijuelo. <strong>El perfil, llano y sin puertos puntuables, apunta a pen\u00faltima volata antes de la gran traca final del s\u00e1bado en la Bola del Mundo.<\/strong><\/p>\n<p data-mrf-recirculation=\"Links P\u00e1rrafos\" class=\"ue-c-article__paragraph paragraph\">El terreno, con repechos m\u00ednimos y un final en ligera cuesta de casi cuatro kil\u00f3metros, servir\u00e1 como examen para los sprinters m\u00e1s potentes. Jasper Philipsen (Alpecin) y Mads Pedersen (Lidl-Trek) parten como grandes favoritos. El belga, que ya suma dos triunfos en Novara y Zaragoza, ha resistido hasta aqu\u00ed con la mirada puesta en Guijuelo y en Madrid. El dan\u00e9s, virtual ganador del maillot verde de la Regularidad, buscar\u00e1 redimirse tras no mostrarse tan fino en las llegadas masivas. A la fiesta tambi\u00e9n se apuntan Ourlis Aular (Movistar), a\u00fan sin estrenar a la escuadra telef\u00f3nica, y los brit\u00e1nicos Ben Turner (Ineos) y Ethan Vernon (Israel-Premier Tech).<\/p>\n<p data-mrf-recirculation=\"Links P\u00e1rrafos\" class=\"ue-c-article__paragraph paragraph\">Para Fernando Escart\u00edn, director deportivo de la carrera, la receta es clara: \u201cSer\u00e1 la pen\u00faltima oportunidad para los velocistas. Sus equipos tendr\u00e1n que trabajar duro si no quieren que una fuga numerosa complique la llegada\u201d.<\/p>\n<p data-mrf-recirculation=\"Links P\u00e1rrafos\" class=\"ue-c-article__paragraph paragraph\">En la batalla por la Roja, Joao Almeida (UAE) se mostr\u00f3 satisfecho tras la crono recortada de Valladolid, donde acab\u00f3 tercero y recort\u00f3 diez segundos al l\u00edder Jonas Vingegaard. \u201cHubiese preferido 27 kil\u00f3metros, pero fue igual para todos. Me sent\u00ed fuerte y sigo con la misma ambici\u00f3n del primer d\u00eda\u201d, explic\u00f3 el portugu\u00e9s, convencido de que todav\u00eda puede agitar la clasificaci\u00f3n en los dos \u00faltimos d\u00edas decisivos.<\/p>\n<p data-mrf-recirculation=\"Links P\u00e1rrafos\" class=\"ue-c-article__paragraph paragraph\"><strong>Las protestas no cesan<\/strong><\/p>\n<p data-mrf-recirculation=\"Links P\u00e1rrafos\" class=\"ue-c-article__paragraph paragraph\">La calma deportiva contrasta con el ruido en los m\u00e1rgenes de la carretera. Los dos j\u00f3venes detenidos el jueves por irrumpir en el recorrido de la contrarreloj de Valladolid han quedado en libertad con cargos de des\u00f3rdenes p\u00fablicos y resistencia. Jorge Lebrero, uno de ellos, asegur\u00f3 al salir de comisar\u00eda que \u201csi salimos condenados, la historia nos absolver\u00e1\u201d, y llam\u00f3 a boicotear las pr\u00f3ximas etapas.<\/p>\n<p data-mrf-recirculation=\"Links P\u00e1rrafos\" class=\"ue-c-article__paragraph paragraph\">La Fiscal\u00eda, por su parte, ha descartado que la Audiencia Nacional deba investigar las protestas contra la participaci\u00f3n del equipo Israel-Premier Tech. Considera que los hechos no encajan en su competencia, pese a la denuncia presentada por la asociaci\u00f3n ACOM, que incluso solicit\u00f3 la cancelaci\u00f3n de la Vuelta.<\/p>\n<p data-mrf-recirculation=\"Links P\u00e1rrafos\" class=\"ue-c-article__paragraph paragraph\"><strong>Alalpardo, sue\u00f1o cumplido<\/strong><\/p>\n<p data-mrf-recirculation=\"Links P\u00e1rrafos\" class=\"ue-c-article__paragraph paragraph\">Con el tel\u00f3n de fondo de la tensi\u00f3n, el domingo ser\u00e1 d\u00eda de fiesta en Alalpardo. El peque\u00f1o municipio madrile\u00f1o de apenas 3.500 habitantes acoger\u00e1 la salida de la \u00faltima etapa camino de Madrid. El esfuerzo econ\u00f3mico de 45.000 euros, sufragado por la Comunidad de Madrid, permitir\u00e1 al pueblo vivir un d\u00eda hist\u00f3rico. Su alcalde, Miguel \u00c1ngel Medranda, lo resume as\u00ed: <strong>\u201cNo es que la Vuelta pase por Alalpardo, es que sale de aqu\u00ed. Es un hito para todos nuestros vecinos\u201d.<\/strong><\/p>\n<p data-mrf-recirculation=\"Links P\u00e1rrafos\" class=\"ue-c-article__paragraph paragraph\">El ciclismo, la pol\u00e9mica y la ilusi\u00f3n local se entremezclan en un cierre de Vuelta tan intenso como incierto. Entre la velocidad de los sprinters y la sombra de las protestas, Guijuelo dictar\u00e1 sentencia antes de la monta\u00f1a final.<\/p>\n","protected":false},"excerpt":{"rendered":"La Vuelta 2025 se adentra este viernes en su decimonovena etapa, 161,9 kil\u00f3metros \u00edntegros por Castilla y Le\u00f3n,&hellip;\n","protected":false},"author":2,"featured_media":109624,"comment_status":"","ping_status":"","sticky":false,"template":"","format":"standard","meta":{"footnotes":""},"categories":[273],"tags":[313,312,168,25,24,23,167],"class_list":{"0":"post-109623","1":"post","2":"type-post","3":"status-publish","4":"format-standard","5":"has-post-thumbnail","7":"category-ciclismo","8":"tag-ciclismo","9":"tag-cycling","10":"tag-deportes","11":"tag-es","12":"tag-espana","13":"tag-spain","14":"tag-sports"},"share_on_mastodon":{"url":"","error":""},"_links":{"self":[{"href":"https:\/\/www.europesays.com\/es\/wp-json\/wp\/v2\/posts\/109623","targetHints":{"allow":["GET"]}}],"collection":[{"href":"https:\/\/www.europesays.com\/es\/wp-json\/wp\/v2\/posts"}],"about":[{"href":"https:\/\/www.europesays.com\/es\/wp-json\/wp\/v2\/types\/post"}],"author":[{"embeddable":true,"href":"https:\/\/www.europesays.com\/es\/wp-json\/wp\/v2\/users\/2"}],"replies":[{"embeddable":true,"href":"https:\/\/www.europesays.com\/es\/wp-json\/wp\/v2\/comments?post=109623"}],"version-history":[{"count":0,"href":"https:\/\/www.europesays.com\/es\/wp-json\/wp\/v2\/posts\/109623\/revisions"}],"wp:featuredmedia":[{"embeddable":true,"href":"https:\/\/www.europesays.com\/es\/wp-json\/wp\/v2\/media\/109624"}],"wp:attachment":[{"href":"https:\/\/www.europesays.com\/es\/wp-json\/wp\/v2\/media?parent=109623"}],"wp:term":[{"taxonomy":"category","embeddable":true,"href":"https:\/\/www.europesays.com\/es\/wp-json\/wp\/v2\/categories?post=109623"},{"taxonomy":"post_tag","embeddable":true,"href":"https:\/\/www.europesays.com\/es\/wp-json\/wp\/v2\/tags?post=109623"}],"curies":[{"name":"wp","href":"https:\/\/api.w.org\/{rel}","templated":true}]}}