{"id":109654,"date":"2025-09-12T08:43:09","date_gmt":"2025-09-12T08:43:09","guid":{"rendered":"https:\/\/www.europesays.com\/es\/109654\/"},"modified":"2025-09-12T08:43:09","modified_gmt":"2025-09-12T08:43:09","slug":"un-sabroso-menu-n-el-ecuador-ferial","status":"publish","type":"post","link":"https:\/\/www.europesays.com\/es\/109654\/","title":{"rendered":"Un sabroso men\u00fa n el ecuador ferial"},"content":{"rendered":"<p>La expresi\u00f3n taurina es que no hay quinto malo y, en este caso, se puede extender a no hay quinta mala, como sucede con la corrida con la que se llega al ecuador ferial y que re\u00fane en el cartel a Jos\u00e9 Mar\u00eda Manzanares, Alejandro Talavante y Juan Ortega, quienes se medir\u00e1n a astados de la ganader\u00eda de Victoriano del R\u00edo.<\/p>\n<p>El alicantino Jos\u00e9 Mar\u00eda Manzanares abre cartel, ya que es uno de los diestros m\u00e1s veteranos del escalaf\u00f3n, doctorado en junio de 2003 en su Alicante natal y camino ya del cuarto de siglo en el escalaf\u00f3n superior. Una longevidad taurina que no impide que, temporada tras temporada, se mantenga el inter\u00e9s por este torero de buen corte y gusto en los ruedos, siendo un habitual de las principales ferias como son las de valencia, Sevilla, Madrid o Nimes, sin olvidar su tierra alicantina, donde a\u00f1o tras a\u00f1o es el pilar de su serial. La de Albacete es otra de sus plazas habituales en cada una de sus temporadas, como la del a\u00f1o pasado, en la que el diestro se fue de vac\u00edo ante toros de Jandilla.<\/p>\n<p>Alejandro Talavante tambi\u00e9n es otro de los veteranos del escalaf\u00f3n, cerca ya de las dos d\u00e9cadas desde que se doctorase en junio de 2006 en la localidad murciana de Ceheg\u00edn, punto de partida de una carrera triunfal, con un alg\u00fan altibajo y tambi\u00e9n alguna retirada temporal. \u00a0Al igual que el alicantino, es un fijo en las principales ferias del panorama nacional, destacando este a\u00f1o su puerta grande en la feria de San Isidro. En Albacete, a lo largo de su carrera, ha conjugado actuaciones de todo tipo, como la divisi\u00f3n de opiniones que cosech\u00f3 el a\u00f1o pasado, por lo que este a\u00f1o se espera que el extreme\u00f1o d\u00e9 la de cal.<\/p>\n<p>Completa la tarde Juan Ortega, el m\u00e1s joven de la terna y el que tambi\u00e9n contabiliza menos tiempo en el escalaf\u00f3n de matadores, al que lleg\u00f3 en octubre de 2014 tras su doctorado en la localidad cordobesa de Pozoblanco. Ortega, un torero que maneja como pocos el percal, precisa del toro adecuado para poder desplegar todo el arte que atesora, como ya ha demostrado en numerosas ocasiones a lo largo de su trayectoria profesional en los principales cosos taurinos. El a\u00f1o pasado en Albacete dej\u00f3 buenos pasajes en la corrida de toros de Victoriano del R\u00edo, mismo hierro que se lidia hoy, y tambi\u00e9n con Alejandro Talavante como compa\u00f1ero de cartel.<\/p>\n<p>La ganader\u00eda titular de este quinto festejo del abono taurino es la de Victoriano del R\u00edo, con procedencia Juan Pedro Domecq y una de las que m\u00e1s lidia a lo largo de la temporada, al ser una de las preferidas de las denominadas figuras del toreo. El a\u00f1o pasado s\u00f3lo Juan Ortega pudo sacar partido de los astados de este hierro, ya que sus compa\u00f1eros de terna, Talavante y Rufo, se fueron de vac\u00edo.\u00a0<\/p>\n","protected":false},"excerpt":{"rendered":"La expresi\u00f3n taurina es que no hay quinto malo y, en este caso, se puede extender a no&hellip;\n","protected":false},"author":2,"featured_media":109655,"comment_status":"","ping_status":"","sticky":false,"template":"","format":"standard","meta":{"footnotes":""},"categories":[277],"tags":[2545,2206,373,168,25,24,7270,1949,12070,205,9544,1171,23,167,625,374,444,235],"class_list":{"0":"post-109654","1":"post","2":"type-post","3":"status-publish","4":"format-standard","5":"has-post-thumbnail","7":"category-toreo","8":"tag-albacete","9":"tag-alicante","10":"tag-bullfighting","11":"tag-deportes","12":"tag-es","13":"tag-espana","14":"tag-fiesta-de-san-isidro-labrador","15":"tag-ganaderia","16":"tag-jose-maria-manzanares","17":"tag-madrid","18":"tag-nimes","19":"tag-sevilla","20":"tag-spain","21":"tag-sports","22":"tag-tauromaquia","23":"tag-toreo","24":"tag-toros","25":"tag-valencia"},"share_on_mastodon":{"url":"","error":""},"_links":{"self":[{"href":"https:\/\/www.europesays.com\/es\/wp-json\/wp\/v2\/posts\/109654","targetHints":{"allow":["GET"]}}],"collection":[{"href":"https:\/\/www.europesays.com\/es\/wp-json\/wp\/v2\/posts"}],"about":[{"href":"https:\/\/www.europesays.com\/es\/wp-json\/wp\/v2\/types\/post"}],"author":[{"embeddable":true,"href":"https:\/\/www.europesays.com\/es\/wp-json\/wp\/v2\/users\/2"}],"replies":[{"embeddable":true,"href":"https:\/\/www.europesays.com\/es\/wp-json\/wp\/v2\/comments?post=109654"}],"version-history":[{"count":0,"href":"https:\/\/www.europesays.com\/es\/wp-json\/wp\/v2\/posts\/109654\/revisions"}],"wp:featuredmedia":[{"embeddable":true,"href":"https:\/\/www.europesays.com\/es\/wp-json\/wp\/v2\/media\/109655"}],"wp:attachment":[{"href":"https:\/\/www.europesays.com\/es\/wp-json\/wp\/v2\/media?parent=109654"}],"wp:term":[{"taxonomy":"category","embeddable":true,"href":"https:\/\/www.europesays.com\/es\/wp-json\/wp\/v2\/categories?post=109654"},{"taxonomy":"post_tag","embeddable":true,"href":"https:\/\/www.europesays.com\/es\/wp-json\/wp\/v2\/tags?post=109654"}],"curies":[{"name":"wp","href":"https:\/\/api.w.org\/{rel}","templated":true}]}}