{"id":109681,"date":"2025-09-12T09:05:10","date_gmt":"2025-09-12T09:05:10","guid":{"rendered":"https:\/\/www.europesays.com\/es\/109681\/"},"modified":"2025-09-12T09:05:10","modified_gmt":"2025-09-12T09:05:10","slug":"el-pabellon-rio-tormes-tiene-que-ser-nuestra-principal-arma","status":"publish","type":"post","link":"https:\/\/www.europesays.com\/es\/109681\/","title":{"rendered":"\u00abEl pabell\u00f3n R\u00edo Tormes tiene que ser nuestra principal arma\u00bb"},"content":{"rendered":"<p><a class=\"v-mdl-ath__fig-a\" href=\"https:\/\/www.lagacetadesalamanca.es\/autor\/jaime-garcia-7078.html\" title=\"Jaime Garc\u00eda\" rel=\"nofollow noopener\" target=\"_blank\"><br \/>\n<img decoding=\"async\" class=\"v-mdl-ath__img\" src=\"https:\/\/www.europesays.com\/es\/wp-content\/uploads\/2025\/08\/autor-7078-foto-1.png\" alt=\"Jaime Garc\u00eda\"\/><br \/>\n<\/a><\/p>\n<p class=\"v-mdl-ath__p v-mdl-ath__p--6\">\nViernes, 12 de septiembre 2025, 10:36<\/p>\n<p class=\"v-p\">Con el reloj marcando las <strong>6:30 horas de la ma\u00f1ana<\/strong>, el <strong>BM Salamanca<\/strong> se embarcar\u00e1 este domingo en una nueva temporada poniendo rumbo a <strong>Torrelavega<\/strong> para medirse con su filial en el primer partido <strong>(12:30 horas)<\/strong> de la Primera Nacional. Una nueva campa\u00f1a que se afronta con una renovaci\u00f3n partiendo desde el banquillo, despu\u00e9s de que <strong>Mart\u00edn Rechim\u00f3n<\/strong> tomar\u00e1 las riendas del primer equipo salmantino antes del par\u00f3n veraniego. <\/p>\n<p class=\"v-p\">\u00abEmpieza una temporada larga. <strong>Tenemos ganas y estamos preparados<\/strong>\u00bb, inicia el entrenador, Mart\u00edn Rechim\u00f3n. Una vez <strong>superada la pretemporada<\/strong>, el t\u00e9cnico argentino realiza un balance \u00abpositivo\u00bb respecto a las sensaciones sobre el parqu\u00e9. \u00abLlevamos con esta cinco semanas de trabajo. <strong>En cuanto a carga bien, en cuanto a entrenamientos bien, en cuanto a gente un poco cortos<\/strong>, tambi\u00e9n estamos con alguna lesi\u00f3n en la plantilla, m\u00e1s las bajas que hubo de la temporada pasada, pero bueno emplearemos jugadores de la cantera para solventar esa falta de recurso\u00bb, explica. <\/p>\n<p class=\"v-p\">El curso anterior finaliz\u00f3 para los salmantinos cumpliendo el objetivo, <strong>pero sin dejar un buen sabor de boca<\/strong>. Ahora, Rechim\u00f3n se marca el objetivo de lo que fue el BM Salamanca los s\u00e1bados por la tarde en la capital del Tormes. \u00ab<strong>Los chicos con su entrega son los que hacen que la afici\u00f3n se vea contagiada del esfuerzo<\/strong>, del sacrificio, de las ganas que le ponen. Lo que not\u00e9 en este mes y poco que estoy trabajando es que los chicos se esfuerzan mucho, que <strong>trabajan de una manera pasional. Se entregan mucho por el deporte<\/strong>\u00bb, comenta. <\/p>\n<p class=\"v-p\">Sobre lo que le hizo adentrarse en la aventura del BM Salamanca, el t\u00e9cnico remarca un nombre: <strong>Sebas Elena<\/strong>. \u00ab\u00c9l (Sebas) <strong>tiene toda la culpa de que yo est\u00e9 aqu\u00ed<\/strong>. Contact\u00f3 conmigo, pidi\u00f3 referencias en Aranda de Duero y es una figura importante dentro del vestuario\u00bb, ampliando sobre la veteran\u00eda del estandarte salmantino: \u00abA pesar de la diferencia de edad que tiene, siempre est\u00e1 motivado, siempre con ganas, siempre es el primero. Y, la verdad que <strong>tener una persona as\u00ed en el vestuario tambi\u00e9n es importante<\/strong>\u00bb, asegura.<\/p>\n<p class=\"v-p\">En referencia a la <strong>pr\u00f3xima cita<\/strong>, que enfrenta a los charros con el <strong>filial del Torrelavega<\/strong>, el entrenador argentino espera un rival de alto calibre: \u00abEs un equipo que sabe a lo que juega, en <strong>un lugar donde el balonmano tiene mucho peso<\/strong>. Seguramente nos encontremos con jugadores que el s\u00e1bado hayan estado jugando en Asobal y el domingo que vamos nosotros tambi\u00e9n sumen sus minutos porque tira mucho del segundo equipo para darle rodaje a jugadores j\u00f3venes\u00bb. <\/p>\n<p class=\"v-p\">Por \u00faltimo, habr\u00e1 un elemento fundamental si el BM Salamanca quiere so\u00f1ar a lo grande: el <strong>pabell\u00f3n R\u00edo Tormes<\/strong>. \u00abEl pabell\u00f3n tiene que ser nuestra principal arma. Es un grupo con desplazamientos largos, y <strong>tenemos que ser un pabell\u00f3n en el que los equipos no quieran venir a competir<\/strong>\u00bb, concluyendo con la siguiente premisa: \u00abLa afici\u00f3n <strong>necesitamos que nos acompa\u00f1e<\/strong> y <strong>que sea un jugador m\u00e1s dentro de la pista<\/strong>\u00bb.<\/p>\n<p>Comenta<\/p>\n<p>Reporta un error<\/p>\n","protected":false},"excerpt":{"rendered":"Viernes, 12 de septiembre 2025, 10:36 Con el reloj marcando las 6:30 horas de la ma\u00f1ana, el BM&hellip;\n","protected":false},"author":2,"featured_media":109682,"comment_status":"","ping_status":"","sticky":false,"template":"","format":"standard","meta":{"footnotes":""},"categories":[278],"tags":[26102,376,168,25,24,375,1730,15356,15068,20779,3679,3614,23,167,4059,27619],"class_list":{"0":"post-109681","1":"post","2":"type-post","3":"status-publish","4":"format-standard","5":"has-post-thumbnail","7":"category-balonmano","8":"tag-arma","9":"tag-balonmano","10":"tag-deportes","11":"tag-es","12":"tag-espana","13":"tag-handball","14":"tag-martin","15":"tag-pabellon","16":"tag-principal","17":"tag-rechimon","18":"tag-rio","19":"tag-salamanca","20":"tag-spain","21":"tag-sports","22":"tag-tecnico","23":"tag-tormes"},"share_on_mastodon":{"url":"","error":""},"_links":{"self":[{"href":"https:\/\/www.europesays.com\/es\/wp-json\/wp\/v2\/posts\/109681","targetHints":{"allow":["GET"]}}],"collection":[{"href":"https:\/\/www.europesays.com\/es\/wp-json\/wp\/v2\/posts"}],"about":[{"href":"https:\/\/www.europesays.com\/es\/wp-json\/wp\/v2\/types\/post"}],"author":[{"embeddable":true,"href":"https:\/\/www.europesays.com\/es\/wp-json\/wp\/v2\/users\/2"}],"replies":[{"embeddable":true,"href":"https:\/\/www.europesays.com\/es\/wp-json\/wp\/v2\/comments?post=109681"}],"version-history":[{"count":0,"href":"https:\/\/www.europesays.com\/es\/wp-json\/wp\/v2\/posts\/109681\/revisions"}],"wp:featuredmedia":[{"embeddable":true,"href":"https:\/\/www.europesays.com\/es\/wp-json\/wp\/v2\/media\/109682"}],"wp:attachment":[{"href":"https:\/\/www.europesays.com\/es\/wp-json\/wp\/v2\/media?parent=109681"}],"wp:term":[{"taxonomy":"category","embeddable":true,"href":"https:\/\/www.europesays.com\/es\/wp-json\/wp\/v2\/categories?post=109681"},{"taxonomy":"post_tag","embeddable":true,"href":"https:\/\/www.europesays.com\/es\/wp-json\/wp\/v2\/tags?post=109681"}],"curies":[{"name":"wp","href":"https:\/\/api.w.org\/{rel}","templated":true}]}}