{"id":109716,"date":"2025-09-12T09:28:06","date_gmt":"2025-09-12T09:28:06","guid":{"rendered":"https:\/\/www.europesays.com\/es\/109716\/"},"modified":"2025-09-12T09:28:06","modified_gmt":"2025-09-12T09:28:06","slug":"el-sanicentro-bm-guadalajara-inicia-una-nueva-aventura-en-la-elite","status":"publish","type":"post","link":"https:\/\/www.europesays.com\/es\/109716\/","title":{"rendered":"El SANICENTRO BM Guadalajara inicia una nueva aventura en la \u00e9lite"},"content":{"rendered":"<p><strong>Los alcarre\u00f1os debutan este s\u00e1bado en Logro\u00f1o en la Liga NEXUS ENERG\u00cdA ASOBAL<\/strong><\/p>\n<p>\u00a0<\/p>\n<p>La espera ha terminado. El SANICENTRO BM Guadalajara arranca este s\u00e1bado su nueva andadura en la m\u00e1xima categor\u00eda del balonmano nacional. El equipo dirigido por Juan Carlos Requena debutar\u00e1 en la Liga NEXUS ENERG\u00cdA ASOBAL visitando al BM Logro\u00f1o La Rioja en el Palacio de los Deportes, a partir de las 17:15 horas, en un choque que se podr\u00e1 seguir en directo a trav\u00e9s de LaLiga+.<\/p>\n<p>\u00a0<\/p>\n<p>Ser\u00e1 el punto de partida para una temporada ilusionante en la que el club vuelve a codearse con los mejores equipos del pa\u00eds. Requena, que vuelve a sentarse en el banquillo tras perderse la \u00faltima previa por motivos personales, reconoc\u00eda que su equipo est\u00e1 preparado para el reto:<\/p>\n<p>\u00a0<\/p>\n<p>\u201cSi somos capaces de minimizar las p\u00e9rdidas de bal\u00f3n y mantener la solidez que hemos mostrado en porter\u00eda y defensa en algunos partidos de pretemporada, podremos competir a Logro\u00f1o\u201d, apuntaba el t\u00e9cnico.<\/p>\n<p>El BM Logro\u00f1o, quinto clasificado el pasado curso, llega tambi\u00e9n con muchas novedades en su plantilla, incluido un viejo conocido de la afici\u00f3n morada: el ex capit\u00e1n Panchito Lombardi. \u201cHan hecho siete u ocho fichajes y siempre cuesta arrancar en las primeras jornadas, aunque con Xoan Ledo y Marcos Cancio en porter\u00eda seguro que solucionan muchos problemas defensivos\u201d, advert\u00eda Requena, consciente del reto que supone visitar uno de los pabellones m\u00e1s exigentes de la liga.<\/p>\n<p>\u00a0<\/p>\n<p><strong>Joan Blanco, una de las caras nuevas<\/strong><\/p>\n<p>Uno de los protagonistas de la previa ha sido Joan Blanco, central catal\u00e1n procedente de la cantera del Bar\u00e7a, que vivir\u00e1 su debut en la m\u00e1xima categor\u00eda. Con cierta timidez, pero con determinaci\u00f3n, el joven jugador tiene claras sus prioridades:<\/p>\n<p>\u00a0<\/p>\n<p>\u201cMi objetivo es adaptarme lo antes posible al equipo, al modelo de juego y a la competici\u00f3n. Me ha sorprendido para bien el gran ambiente del vestuario. Eso te da confianza y motivaci\u00f3n para rendir al m\u00e1ximo\u201d.<\/p>\n<p>El SANICENTRO BM Guadalajara afronta el inicio de curso con la plantilla al completo y el objetivo de arrancar con buenas sensaciones. El reto es may\u00fasculo, pero la ilusi\u00f3n de volver a competir entre los grandes sigue siendo el mejor impulso para el conjunto alcarre\u00f1o.<\/p>\n","protected":false},"excerpt":{"rendered":"Los alcarre\u00f1os debutan este s\u00e1bado en Logro\u00f1o en la Liga NEXUS ENERG\u00cdA ASOBAL \u00a0 La espera ha terminado.&hellip;\n","protected":false},"author":2,"featured_media":109717,"comment_status":"","ping_status":"","sticky":false,"template":"","format":"standard","meta":{"footnotes":""},"categories":[278],"tags":[376,168,25,24,375,23440,37627,23,167],"class_list":{"0":"post-109716","1":"post","2":"type-post","3":"status-publish","4":"format-standard","5":"has-post-thumbnail","7":"category-balonmano","8":"tag-balonmano","9":"tag-deportes","10":"tag-es","11":"tag-espana","12":"tag-handball","13":"tag-liga-plenitude-asobal","14":"tag-sanicentro-balonmano-guadalajara","15":"tag-spain","16":"tag-sports"},"share_on_mastodon":{"url":"","error":""},"_links":{"self":[{"href":"https:\/\/www.europesays.com\/es\/wp-json\/wp\/v2\/posts\/109716","targetHints":{"allow":["GET"]}}],"collection":[{"href":"https:\/\/www.europesays.com\/es\/wp-json\/wp\/v2\/posts"}],"about":[{"href":"https:\/\/www.europesays.com\/es\/wp-json\/wp\/v2\/types\/post"}],"author":[{"embeddable":true,"href":"https:\/\/www.europesays.com\/es\/wp-json\/wp\/v2\/users\/2"}],"replies":[{"embeddable":true,"href":"https:\/\/www.europesays.com\/es\/wp-json\/wp\/v2\/comments?post=109716"}],"version-history":[{"count":0,"href":"https:\/\/www.europesays.com\/es\/wp-json\/wp\/v2\/posts\/109716\/revisions"}],"wp:featuredmedia":[{"embeddable":true,"href":"https:\/\/www.europesays.com\/es\/wp-json\/wp\/v2\/media\/109717"}],"wp:attachment":[{"href":"https:\/\/www.europesays.com\/es\/wp-json\/wp\/v2\/media?parent=109716"}],"wp:term":[{"taxonomy":"category","embeddable":true,"href":"https:\/\/www.europesays.com\/es\/wp-json\/wp\/v2\/categories?post=109716"},{"taxonomy":"post_tag","embeddable":true,"href":"https:\/\/www.europesays.com\/es\/wp-json\/wp\/v2\/tags?post=109716"}],"curies":[{"name":"wp","href":"https:\/\/api.w.org\/{rel}","templated":true}]}}