{"id":109722,"date":"2025-09-12T09:33:07","date_gmt":"2025-09-12T09:33:07","guid":{"rendered":"https:\/\/www.europesays.com\/es\/109722\/"},"modified":"2025-09-12T09:33:07","modified_gmt":"2025-09-12T09:33:07","slug":"el-abuelo-imparable-que-cruzara-europa-en-bici-de-atenas-a-pontevedra-en-5-500-kilometros","status":"publish","type":"post","link":"https:\/\/www.europesays.com\/es\/109722\/","title":{"rendered":"El abuelo imparable\u00a0que cruzar\u00e1 Europa en bici de Atenas a Pontevedra en 5.500 kil\u00f3metros"},"content":{"rendered":"<p>\t\t\t \t\t \t\t\t\t\t\t\tEladio Paz, con todas las credenciales que acreditan sus rutas en bicicleta por Europa <strong class=\"pd-l\">Ram\u00f3n Leiro  <\/strong><\/p>\n<p>\t\t\t\t\t\tAl finalizar esta ruta, habr\u00e1 recorrido, a sus 71 a\u00f1os, todos los pa\u00edses desde que se jubil\u00f3<br \/>\n\t\t\t\t\t\t<strong>12 sep 2025<\/strong> . Actualizado a las 11:18 h.\t\t\t\t\t\t<\/p>\n<p class=\"txt first-paragraph\">&#13;<br \/>\n    \t Eladio Paz hace unos d\u00edas que cumpli\u00f3 71 a\u00f1os. Se supone que despu\u00e9s de una vida trabajando, toca descansar. Esa es la teor\u00eda con la que sue\u00f1an muchos profesionales, pero este pontevedr\u00e9s est\u00e1 hecho de&#13;\n\t<\/p>\n<p>&#13;<br \/>\n\t\t\t\t\tContenido exclusivo para suscriptores&#13;\n\t\t\t\t<\/p>\n<p>\t\t\t\t\tContin\u00faa leyendo con un 85% dto.<\/p>\n<p>\t\t\t\t\t\tSuscripci\u00f3n WEB<br \/>\n\t\t\t\t\t\t\t\t\t\t\t\t1\u20ac\/mes<br \/>\n\t\t\t\t\t\tdurante 6 mes\t\t\t\t\t\t<\/p>\n<p>\t\t\t\t\t\t<a href=\"https:\/\/elquiosco.lavozdegalicia.es\/suscripciones\/19-45-suscripcion-webapp.html?dllvdg=0003_202509P12C6991&amp;urlData=https:\/\/www.lavozdegalicia.es\/noticia\/pontevedra\/pontevedra\/2025\/09\/12\/abuelo-cruzara-europa-bici-atenas-pontevedra-5500-kilometros\/0003_202509P12C6991.htm\" class=\"btn-brand btn sz-t-s no-brd t-sserif pd-h-2 btnAddToCart\" data-analytics-event=\"addToCart\" data-product-name=\"Suscripci\u00f3n WEB+APP\" data-product-price=\"1.00 \" data-product-coupon=\"2025_SEPTIEMBRE_1E6M_WEB_MES\" data-product-periodicity=\"Mensual\" rel=\"nofollow noopener\" target=\"_blank\">Suscr\u00edbete <\/a>\t\t\t\t\t\t<\/p>\n<p>\t\t\t\t\t&#13;<br \/>\n\t\t\t\t\t\u00bfYa eres subscriptor? <a href=\"https:\/\/miperfil.lavozdegalicia.es\/login.jsp?url=https:\/\/www.lavozdegalicia.es\/noticia\/pontevedra\/pontevedra\/2025\/09\/12\/abuelo-cruzara-europa-bici-atenas-pontevedra-5500-kilometros\/0003_202509P12C6991.htm\" class=\"c-white\" rel=\"nofollow noopener\" target=\"_blank\">Inicia sesi\u00f3n<\/a>&#13;<\/p>\n","protected":false},"excerpt":{"rendered":"Eladio Paz, con todas las credenciales que acreditan sus rutas en bicicleta por Europa Ram\u00f3n Leiro Al finalizar&hellip;\n","protected":false},"author":2,"featured_media":109723,"comment_status":"","ping_status":"","sticky":false,"template":"","format":"standard","meta":{"footnotes":""},"categories":[273],"tags":[5404,14428,313,818,312,168,25,7860,24,8741,317,2023,3957,628,13498,4951,4485,7219,4907,9170,15394,23,167,7218,8584,491],"class_list":{"0":"post-109722","1":"post","2":"type-post","3":"status-publish","4":"format-standard","5":"has-post-thumbnail","7":"category-ciclismo","8":"tag-africa","9":"tag-albania","10":"tag-ciclismo","11":"tag-croacia","12":"tag-cycling","13":"tag-deportes","14":"tag-es","15":"tag-eslovenia","16":"tag-espana","17":"tag-finlandia","18":"tag-francia","19":"tag-grecia","20":"tag-hungria","21":"tag-italia","22":"tag-kosovo","23":"tag-macedonia","24":"tag-marruecos","25":"tag-montenegro","26":"tag-noruega","27":"tag-pontevedra-ciudad","28":"tag-rumania","29":"tag-spain","30":"tag-sports","31":"tag-suecia","32":"tag-turquia","33":"tag-zaragoza"},"share_on_mastodon":{"url":"","error":""},"_links":{"self":[{"href":"https:\/\/www.europesays.com\/es\/wp-json\/wp\/v2\/posts\/109722","targetHints":{"allow":["GET"]}}],"collection":[{"href":"https:\/\/www.europesays.com\/es\/wp-json\/wp\/v2\/posts"}],"about":[{"href":"https:\/\/www.europesays.com\/es\/wp-json\/wp\/v2\/types\/post"}],"author":[{"embeddable":true,"href":"https:\/\/www.europesays.com\/es\/wp-json\/wp\/v2\/users\/2"}],"replies":[{"embeddable":true,"href":"https:\/\/www.europesays.com\/es\/wp-json\/wp\/v2\/comments?post=109722"}],"version-history":[{"count":0,"href":"https:\/\/www.europesays.com\/es\/wp-json\/wp\/v2\/posts\/109722\/revisions"}],"wp:featuredmedia":[{"embeddable":true,"href":"https:\/\/www.europesays.com\/es\/wp-json\/wp\/v2\/media\/109723"}],"wp:attachment":[{"href":"https:\/\/www.europesays.com\/es\/wp-json\/wp\/v2\/media?parent=109722"}],"wp:term":[{"taxonomy":"category","embeddable":true,"href":"https:\/\/www.europesays.com\/es\/wp-json\/wp\/v2\/categories?post=109722"},{"taxonomy":"post_tag","embeddable":true,"href":"https:\/\/www.europesays.com\/es\/wp-json\/wp\/v2\/tags?post=109722"}],"curies":[{"name":"wp","href":"https:\/\/api.w.org\/{rel}","templated":true}]}}