{"id":109771,"date":"2025-09-12T10:02:08","date_gmt":"2025-09-12T10:02:08","guid":{"rendered":"https:\/\/www.europesays.com\/es\/109771\/"},"modified":"2025-09-12T10:02:08","modified_gmt":"2025-09-12T10:02:08","slug":"la-provincia-canadiense-de-alberta-retira-un-plan-de-censura-de-libros-en-las-escuelas-ante-el-aluvion-de-protestas-internacional","status":"publish","type":"post","link":"https:\/\/www.europesays.com\/es\/109771\/","title":{"rendered":"La provincia canadiense de Alberta retira un plan de censura de libros en las escuelas ante el aluvi\u00f3n de protestas | Internacional"},"content":{"rendered":"<p class=\"\">Retirar obras de las bibliotecas no es un asunto exclusivo de reg\u00edmenes dictatoriales. En las \u00faltimas semanas, <a href=\"https:\/\/elpais.com\/internacional\/2023-05-09\/la-provincia-canadiense-de-alberta-enfrenta-un-centenar-de-incendios-forestales.html\" target=\"_blank\" rel=\"nofollow noopener\" title=\"https:\/\/elpais.com\/internacional\/2023-05-09\/la-provincia-canadiense-de-alberta-enfrenta-un-centenar-de-incendios-forestales.html\">la provincia canadiense de Alberta,<\/a> con un Gobierno local de marcado corte conservador, ha sido escenario de una nueva pol\u00e9mica de este tipo. El prop\u00f3sito del Ejecutivo de la primera ministra Danielle Smith es que desaparezcan obras con contenidos sexuales de los estantes de las bibliotecas de escuelas primarias y secundarias. Sin embargo, un coro de protestas ha provocado la modificaci\u00f3n de este plan.<\/p>\n<p class=\"\">El pasado cuatro de julio, el Ministerio de Educaci\u00f3n de Alberta emiti\u00f3 una orden para las escuelas de la provincia que indicaba: \u201cLas autoridades escolares deben retirar de sus bibliotecas todo material de car\u00e1cter sexual expl\u00edcito\u201d. La orden mencionaba cualquier cualquier alusi\u00f3n al contacto con partes \u00edntimas, con o sin ropa. <\/p>\n<p class=\"\">El ministro de Educaci\u00f3n, Demetrious Nicolaides, se\u00f1alaba en el documento la necesidad de \u201cgarantizar que los ni\u00f1os y estudiantes tengan acceso a materiales en las bibliotecas escolares que sean apropiados para su desarrollo\u201d. El Gobierno de Danielle Smith ha mantenido desde hace algunos a\u00f1os choques con el \u00e1mbito educativo por diversos contenidos en materia de educaci\u00f3n sexual; tambi\u00e9n respecto a iniciativas relacionadas con la comunidad LGTBIQ+. <\/p>\n<p class=\"\">La orden ministerial tuvo una repercusi\u00f3n discreta debido a que se emiti\u00f3 en pleno periodo de actividades veraniegas. Sin embargo, la cadena CBC public\u00f3 el 28 de agosto una lista de 226 obras que <a href=\"https:\/\/elpais.com\/us\/2024-11-28\/mas-de-10000-libros-han-sido-prohibidos-en-bibliotecas-publicas-y-academicas-de-estados-unidos.html\" target=\"_blank\" rel=\"nofollow noopener\" title=\"https:\/\/elpais.com\/us\/2024-11-28\/mas-de-10000-libros-han-sido-prohibidos-en-bibliotecas-publicas-y-academicas-de-estados-unidos.html\">la Comisi\u00f3n Escolar de Edmonton planeaba retirar de las bibliotecas<\/a>. En dicha lista figuraban, entre otros libros,<a href=\"https:\/\/elpais.com\/television\/2025-06-13\/como-pudo-empezar-gilead-el-regimen-opresivo-de-el-cuento-de-la-criada.html\" target=\"_blank\" rel=\"nofollow noopener\" title=\"https:\/\/elpais.com\/television\/2025-06-13\/como-pudo-empezar-gilead-el-regimen-opresivo-de-el-cuento-de-la-criada.html\"> El cuento de la criada, <\/a>de Margaret Atwood, El color p\u00farpura, de Alice Walker, y Un mundo feliz, de Aldous Huxley. <\/p>\n<p class=\"\">Las respuestas no demoraron por parte de varios padres de familia, que consideraron la medida como exagerada. Miembros de la comunidad literaria tambi\u00e9n mostraron su inconformidad, destacando dos mensajes de la escritora <a href=\"https:\/\/elpais.com\/ideas\/2023-02-26\/margaret-atwood-cancelar-las-discusiones-sobre-lo-que-no-te-gusta-es-propio-de-dictadores.html\" target=\"_blank\" rel=\"nofollow noopener\" title=\"https:\/\/elpais.com\/ideas\/2023-02-26\/margaret-atwood-cancelar-las-discusiones-sobre-lo-que-no-te-gusta-es-propio-de-dictadores.html\">Margaret Atwood <\/a>en redes sociales. Atwood public\u00f3 en un primer momento: \u201cHola, chicos. El cuento de la criada (\u00a1el libro, no la serie!) acaba de ser prohibido en Edmonton. \u00a1No lo le\u00e1is, se os quemar\u00e1 el pelo! Comprad uno ahora antes de que lo quemen p\u00fablicamente\u201d. Posteriormente, la reconocida escritora canadiense difundi\u00f3 un relato corto en el que se mofaba de la decisi\u00f3n. En una parte de esta historia hablaba de \u201cdos ni\u00f1os muy buenos\u201d que \u201cnunca se met\u00edan los dedos en la nariz, ni ten\u00edan movimientos intestinales, ni granos. Crecieron, se casaron entre ellos y tuvieron cinco hijos perfectos sin haber tenido nunca relaciones sexuales\u201d. <\/p>\n<p class=\"\">Tras el esc\u00e1ndalo, la Comisi\u00f3n Escolar de Edmonton indic\u00f3 en un comunicado que la lista simplemente hab\u00eda respondido a los criterios dictados por la orden ministerial. El pasado 2 de septiembre, el Gobierno de Alberta anunci\u00f3 la suspensi\u00f3n temporal de este plan, a modo de conceder tiempo al personal del Ministerio de Educaci\u00f3n para reformular algunos puntos. La primera ministra, Danielle Smith, subray\u00f3 que existieron \u201cmalentendidos\u201d respecto a la interdicci\u00f3n de ciertos libros.<\/p>\n<p class=\"\">El lunes, el ministro de Educaci\u00f3n public\u00f3 una nueva orden. El documento se\u00f1ala que \u00fanicamente ser\u00e1n retiradas aquellas obras con \u201crepresentaciones visuales expl\u00edcitas de actos sexuales\u201d y no las que contengan descripciones textuales. Demetrious Nicolaides tambi\u00e9n indic\u00f3 que las escuelas tienen hasta el 31 de octubre de este a\u00f1o para presentar su lista al ministerio de las obras que podr\u00edan ser purgadas de los estantes de las bibliotecas. El retiro de las mismas tendr\u00e1 que llevarse a cabo a m\u00e1s tardar el cinco de enero. <a href=\"https:\/\/elpais.com\/expres\/2025-03-11\/quien-es-mark-carney-el-sucesor-de-trudeau-en-canada.html\" target=\"_blank\" rel=\"nofollow noopener\" title=\"https:\/\/elpais.com\/expres\/2025-03-11\/quien-es-mark-carney-el-sucesor-de-trudeau-en-canada.html\">El Gobierno federal de Mark Carney <\/a>no se ha pronunciado respecto al plan de las autoridades de Alberta, ya que la educaci\u00f3n en Canad\u00e1 es una competencia exclusiva de cada provincia.<\/p>\n","protected":false},"excerpt":{"rendered":"Retirar obras de las bibliotecas no es un asunto exclusivo de reg\u00edmenes dictatoriales. En las \u00faltimas semanas, la&hellip;\n","protected":false},"author":2,"featured_media":109772,"comment_status":"","ping_status":"","sticky":false,"template":"","format":"standard","meta":{"footnotes":""},"categories":[172],"tags":[889,224,3730,3374,2027,2026,146,147,25,24,225,28105,2556,23],"class_list":{"0":"post-109771","1":"post","2":"type-post","3":"status-publish","4":"format-standard","5":"has-post-thumbnail","7":"category-libros","8":"tag-america","9":"tag-books","10":"tag-canada","11":"tag-censura","12":"tag-colegios","13":"tag-educacion","14":"tag-entertainment","15":"tag-entretenimiento","16":"tag-es","17":"tag-espana","18":"tag-libros","19":"tag-mark-carney","20":"tag-norteamerica","21":"tag-spain"},"share_on_mastodon":{"url":"","error":""},"_links":{"self":[{"href":"https:\/\/www.europesays.com\/es\/wp-json\/wp\/v2\/posts\/109771","targetHints":{"allow":["GET"]}}],"collection":[{"href":"https:\/\/www.europesays.com\/es\/wp-json\/wp\/v2\/posts"}],"about":[{"href":"https:\/\/www.europesays.com\/es\/wp-json\/wp\/v2\/types\/post"}],"author":[{"embeddable":true,"href":"https:\/\/www.europesays.com\/es\/wp-json\/wp\/v2\/users\/2"}],"replies":[{"embeddable":true,"href":"https:\/\/www.europesays.com\/es\/wp-json\/wp\/v2\/comments?post=109771"}],"version-history":[{"count":0,"href":"https:\/\/www.europesays.com\/es\/wp-json\/wp\/v2\/posts\/109771\/revisions"}],"wp:featuredmedia":[{"embeddable":true,"href":"https:\/\/www.europesays.com\/es\/wp-json\/wp\/v2\/media\/109772"}],"wp:attachment":[{"href":"https:\/\/www.europesays.com\/es\/wp-json\/wp\/v2\/media?parent=109771"}],"wp:term":[{"taxonomy":"category","embeddable":true,"href":"https:\/\/www.europesays.com\/es\/wp-json\/wp\/v2\/categories?post=109771"},{"taxonomy":"post_tag","embeddable":true,"href":"https:\/\/www.europesays.com\/es\/wp-json\/wp\/v2\/tags?post=109771"}],"curies":[{"name":"wp","href":"https:\/\/api.w.org\/{rel}","templated":true}]}}