{"id":10978,"date":"2025-07-29T05:46:08","date_gmt":"2025-07-29T05:46:08","guid":{"rendered":"https:\/\/www.europesays.com\/es\/10978\/"},"modified":"2025-07-29T05:46:08","modified_gmt":"2025-07-29T05:46:08","slug":"el-ejercito-del-aire-sale-al-paso-para-aclarar-lo-ocurrido-con-su-f-18-en-la-playa-de-gijon-tras-la-polemica","status":"publish","type":"post","link":"https:\/\/www.europesays.com\/es\/10978\/","title":{"rendered":"El Ej\u00e9rcito del Aire sale al paso para aclarar lo ocurrido con su F-18 en la playa de Gij\u00f3n tras la pol\u00e9mica"},"content":{"rendered":"<p>El <b>Ej\u00e9rcito del Aire y el Espacio<\/b> ha tenido que aclarar lo ocurrido este domingo con un avi\u00f3n F-18 en el <b>Festival A\u00e9reo de Gij\u00f3n<\/b>, cuando el piloto se vio <b>obligado a una maniobra de emergencia<\/b> justo por encima de la playa.\u00a0<\/p>\n<p>En un hilo en su perfil en X, el Ej\u00e9rcito del Aire ha detallado que la llamativa maniobra se debi\u00f3 a la <b>presencia de una bandada de p\u00e1jaros<\/b> que el piloto se vio <b>obligado a esquivar<\/b> pr\u00e1cticamente <b>encima de los centenares de miles de espectadores<\/b> del Festival \u00c1ereo de Gij\u00f3n.<\/p>\n<p>El evento tuvo lugar en la <b>Bah\u00eda de San Lorenzo<\/b>, donde se bati\u00f3 un <b>nuevo record <\/b>de asistencia al recibir a <b>m\u00e1s de 300.000 espectadores<\/b>. A lo largo de la ma\u00f1ana, los presentes pudieron disfrutar de las exhibiciones y acrobacias de numerosos aviones, helic\u00f3pteros y paracaidistas.<\/p>\n<p>Entre las aeronaves, un <b>caza F-18<\/b> llam\u00f3 la atenci\u00f3n del p\u00fablico al realizar una <b>maniobra an\u00f3mala<\/b>, cuando, al acercarse a gran velocidad hacia la playa, gir\u00f3 y <b>qued\u00f3 moment\u00e1neamente boca abajo, a continuaci\u00f3n perdi\u00f3 altura<\/b> y finalmente volvi\u00f3 a subir para estabilizar el vuelo.<\/p>\n<p>Despu\u00e9s de que las im\u00e1genes se hayan hecho virales, el Ej\u00e9rcito del Aire ha aclarado en su perfil en X que el F-18 realiz\u00f3 \u00abuna <b>maniobra evasiva<\/b> al detectar una bandada de aves en su trayectoria\u00bb.<\/p>\n<p>En su mensaje, el Ej\u00e9rcito a\u00f1ade que es \u00abuna <b>acci\u00f3n que forma parte del protocolo habitual<\/b> para preservar tanto la integridad del piloto como la seguridad del p\u00fablico\u00bb.<\/p>\n<p>\u00abLos <b>aviadores est\u00e1n formados para reaccionar en mil\u00e9simas de segundo <\/b>ante cualquier imprevisto\u00bb. En este caso, prosigue el hilo, \u00abel <b>piloto actu\u00f3 con ejemplar rapidez y profesionalidad<\/b>, evitando un posible impacto sin comprometer la exhibici\u00f3n\u00bb.<\/p>\n<p>\u00abLa seguridad es, y seguir\u00e1 siendo, nuestra m\u00e1xima prioridad en cada demostraci\u00f3n a\u00e9rea. Gracias a todos los asistentes por su entusiasmo y confianza\u00bb, han expresado desde el Ej\u00e9rcito del Aire.<\/p>\n","protected":false},"excerpt":{"rendered":"El Ej\u00e9rcito del Aire y el Espacio ha tenido que aclarar lo ocurrido este domingo con un avi\u00f3n&hellip;\n","protected":false},"author":2,"featured_media":10979,"comment_status":"","ping_status":"","sticky":false,"template":"","format":"standard","meta":{"footnotes":""},"categories":[5],"tags":[4483,17,18,7939,7938,25,24,13,14,11,19,20,9,10,15,16,23,12,21,22],"class_list":{"0":"post-10978","1":"post","2":"type-post","3":"status-publish","4":"format-standard","5":"has-post-thumbnail","7":"category-titulares","8":"tag-aviones","9":"tag-breaking-news","10":"tag-breakingnews","11":"tag-ejercito","12":"tag-ejercito-del-aire","13":"tag-es","14":"tag-espana","15":"tag-featured-news","16":"tag-featurednews","17":"tag-headlines","18":"tag-latest-news","19":"tag-latestnews","20":"tag-news","21":"tag-noticias","22":"tag-noticias-destacadas","23":"tag-noticiasdestacadas","24":"tag-spain","25":"tag-titulares","26":"tag-ultimas-noticias","27":"tag-ultimasnoticias"},"share_on_mastodon":{"url":"","error":""},"_links":{"self":[{"href":"https:\/\/www.europesays.com\/es\/wp-json\/wp\/v2\/posts\/10978","targetHints":{"allow":["GET"]}}],"collection":[{"href":"https:\/\/www.europesays.com\/es\/wp-json\/wp\/v2\/posts"}],"about":[{"href":"https:\/\/www.europesays.com\/es\/wp-json\/wp\/v2\/types\/post"}],"author":[{"embeddable":true,"href":"https:\/\/www.europesays.com\/es\/wp-json\/wp\/v2\/users\/2"}],"replies":[{"embeddable":true,"href":"https:\/\/www.europesays.com\/es\/wp-json\/wp\/v2\/comments?post=10978"}],"version-history":[{"count":0,"href":"https:\/\/www.europesays.com\/es\/wp-json\/wp\/v2\/posts\/10978\/revisions"}],"wp:featuredmedia":[{"embeddable":true,"href":"https:\/\/www.europesays.com\/es\/wp-json\/wp\/v2\/media\/10979"}],"wp:attachment":[{"href":"https:\/\/www.europesays.com\/es\/wp-json\/wp\/v2\/media?parent=10978"}],"wp:term":[{"taxonomy":"category","embeddable":true,"href":"https:\/\/www.europesays.com\/es\/wp-json\/wp\/v2\/categories?post=10978"},{"taxonomy":"post_tag","embeddable":true,"href":"https:\/\/www.europesays.com\/es\/wp-json\/wp\/v2\/tags?post=10978"}],"curies":[{"name":"wp","href":"https:\/\/api.w.org\/{rel}","templated":true}]}}