{"id":109781,"date":"2025-09-12T10:08:11","date_gmt":"2025-09-12T10:08:11","guid":{"rendered":"https:\/\/www.europesays.com\/es\/109781\/"},"modified":"2025-09-12T10:08:11","modified_gmt":"2025-09-12T10:08:11","slug":"el-testamento-de-armani-estipula-la-venta-del-15-a-un-importante-grupo-de-moda","status":"publish","type":"post","link":"https:\/\/www.europesays.com\/es\/109781\/","title":{"rendered":"El Testamento De Armani Estipula La Venta Del 15% A Un Importante Grupo De Moda"},"content":{"rendered":"<p data-type=\"paragraph\" data=\"[object Object]\">El dise\u00f1ador italiano Giorgio Armani, fallecido la semana pasada, instruy\u00f3 a la fundaci\u00f3n que hereda su empresa de lujo para que venda el 15% a un importante grupo de moda, seg\u00fan su testamento hecho p\u00fablico el viernes.<\/p>\n<p data-type=\"paragraph\" data=\"[object Object]\" class=\"emotion-1akm6h5-Paragraph e1e4oisd0\">Armani nombr\u00f3 a LVMH, EssilorLuxottica y L&#8217;Oreal como sus compradores predilectos, seg\u00fan extractos del testamento publicados por los medios de comunicaci\u00f3n italianos tras su fallecimiento el 4 de septiembre a los 91 a\u00f1os.<\/p>\n<p data-type=\"paragraph\" data=\"[object Object]\" class=\"emotion-1akm6h5-Paragraph e1e4oisd0\">La venta debe realizarse entre 12 y 18 meses despu\u00e9s de abrir el testamento.<\/p>\n<p data-type=\"paragraph\" data=\"[object Object]\" class=\"emotion-1akm6h5-Paragraph e1e4oisd0\">El nuevo accionista tendr\u00eda entonces la posibilidad de adquirir, en un plazo de cinco a\u00f1os, una participaci\u00f3n mayoritaria en el grupo, que Armani construy\u00f3 a lo largo de cinco d\u00e9cadas y que se caracteriz\u00f3 por su independencia durante su vida.<\/p>\n<p data-type=\"paragraph\" data=\"[object Object]\" class=\"emotion-1akm6h5-Paragraph e1e4oisd0\">tsz\/ar\/lth\/hgs\/pb<\/p>\n","protected":false},"excerpt":{"rendered":"El dise\u00f1ador italiano Giorgio Armani, fallecido la semana pasada, instruy\u00f3 a la fundaci\u00f3n que hereda su empresa de&hellip;\n","protected":false},"author":2,"featured_media":108739,"comment_status":"","ping_status":"","sticky":false,"template":"","format":"standard","meta":{"footnotes":""},"categories":[91],"tags":[4408,146,147,25,24,628,1531,1023,23,116],"class_list":{"0":"post-109781","1":"post","2":"type-post","3":"status-publish","4":"format-standard","5":"has-post-thumbnail","7":"category-entretenimiento","8":"tag-armani","9":"tag-entertainment","10":"tag-entretenimiento","11":"tag-es","12":"tag-espana","13":"tag-italia","14":"tag-lujo","15":"tag-moda","16":"tag-spain","17":"tag-synd"},"share_on_mastodon":{"url":"","error":""},"_links":{"self":[{"href":"https:\/\/www.europesays.com\/es\/wp-json\/wp\/v2\/posts\/109781","targetHints":{"allow":["GET"]}}],"collection":[{"href":"https:\/\/www.europesays.com\/es\/wp-json\/wp\/v2\/posts"}],"about":[{"href":"https:\/\/www.europesays.com\/es\/wp-json\/wp\/v2\/types\/post"}],"author":[{"embeddable":true,"href":"https:\/\/www.europesays.com\/es\/wp-json\/wp\/v2\/users\/2"}],"replies":[{"embeddable":true,"href":"https:\/\/www.europesays.com\/es\/wp-json\/wp\/v2\/comments?post=109781"}],"version-history":[{"count":0,"href":"https:\/\/www.europesays.com\/es\/wp-json\/wp\/v2\/posts\/109781\/revisions"}],"wp:featuredmedia":[{"embeddable":true,"href":"https:\/\/www.europesays.com\/es\/wp-json\/wp\/v2\/media\/108739"}],"wp:attachment":[{"href":"https:\/\/www.europesays.com\/es\/wp-json\/wp\/v2\/media?parent=109781"}],"wp:term":[{"taxonomy":"category","embeddable":true,"href":"https:\/\/www.europesays.com\/es\/wp-json\/wp\/v2\/categories?post=109781"},{"taxonomy":"post_tag","embeddable":true,"href":"https:\/\/www.europesays.com\/es\/wp-json\/wp\/v2\/tags?post=109781"}],"curies":[{"name":"wp","href":"https:\/\/api.w.org\/{rel}","templated":true}]}}