{"id":109782,"date":"2025-09-12T10:09:11","date_gmt":"2025-09-12T10:09:11","guid":{"rendered":"https:\/\/www.europesays.com\/es\/109782\/"},"modified":"2025-09-12T10:09:11","modified_gmt":"2025-09-12T10:09:11","slug":"iphone-17-vs-iphone-16-que-movil-de-apple-elegir-en-funcion-de-tus-gustos-y-necesidades","status":"publish","type":"post","link":"https:\/\/www.europesays.com\/es\/109782\/","title":{"rendered":"iPhone 17 vs iPhone 16. Qu\u00e9 m\u00f3vil de Apple elegir en funci\u00f3n de tus gustos y necesidades"},"content":{"rendered":"<p>El <a class=\"text-outboundlink\" href=\"https:\/\/www.xataka.com\/moviles\/iphone-17-air-caracteristicas-precio-ficha-tecnica\" data-vars-post-title=\"iPhone Air: tan absurdamente fino que Apple lo ha tenido que redise\u00f1ar por completo\" data-vars-post-url=\"https:\/\/www.xataka.com\/moviles\/iphone-17-air-caracteristicas-precio-ficha-tecnica\" rel=\"nofollow noopener\" target=\"_blank\">iPhone Air<\/a> ha sido una de las grandes novedades del \u00faltimo evento de Apple, pero no podemos olvidar que la nueva generaci\u00f3n de los m\u00f3viles llegan con algunas mejoras y novedades bastante importantes. Por ello, en este art\u00edculo vamos a hacer un repaso de las <strong>principales diferencias entre el iPhone 17 y el iPhone 16<\/strong>.<\/p>\n<p>Las diferencias entre el iPhone 17 y el iPhone 16<\/p>\n<p>Una pantalla con muchas mejoras y novedades<\/p>\n<p>                   <img class=\"centro_sinmarco\" height=\"900\" width=\"1600\" loading=\"lazy\" decoding=\"async\"  fetchpriority=\"high\"  src=\"https:\/\/www.europesays.com\/es\/wp-content\/uploads\/2025\/09\/1757671749_688_450_1000.jpeg\" alt=\"Imagen 1\"\/><\/p>\n<p>        Imagen del iPhone 17.<\/p>\n<p>La diferencia m\u00e1s importante la encontramos en la pantalla del nuevo m\u00f3vil de Apple. Ambos vienen con un panel OLED Super Retina XDR, pero el <a class=\"text-outboundlink\" href=\"https:\/\/www.xataka.com\/moviles\/iphone-17-caracteristicas-ficha-tecnica-precio-fecha-lanzamiento\" data-vars-post-title=\"iPhone 17: Apple pone soluci\u00f3n a uno de los aspectos m\u00e1s criticados del iPhone base\" data-vars-post-url=\"https:\/\/www.xataka.com\/moviles\/iphone-17-caracteristicas-ficha-tecnica-precio-fecha-lanzamiento\" rel=\"nofollow noopener\" target=\"_blank\">iPhone 17<\/a> <strong>crece hasta las 6,3 pulgadas<\/strong> frente a las 6,1 pulgadas del <a class=\"text-outboundlink\" href=\"https:\/\/www.xataka.com\/analisis\/iphone-16-vs-iphone-16-plus-vs-iphone-16-pro-vs-iphone-16-pro-max-comparativa\" data-vars-post-title=\"He probado los iPhone 16 y 16 Pro. Tengo clar\u00edsimo cu\u00e1l me comprar\u00eda\" data-vars-post-url=\"https:\/\/www.xataka.com\/analisis\/iphone-16-vs-iphone-16-plus-vs-iphone-16-pro-vs-iphone-16-pro-max-comparativa\" rel=\"nofollow noopener\" target=\"_blank\">iPhone 16<\/a>. Adem\u00e1s, la nueva generaci\u00f3n llega con la funci\u00f3n de <strong>pantalla siempre activa<\/strong>.<\/p>\n<p>El iPhone 17 llega con los ansiados y esperados <strong>120 Hz (ProMotion)<\/strong> en lugar de los tradicionales 60 Hz del iPhone 16 y anteriores generaciones. Adem\u00e1s, tambi\u00e9n viene con un <strong>brillo pico en exteriores de 3.000 nits<\/strong> frente a los 2.000 nits del iPhone 16.<\/p>\n<p>Nuevo procesador y un aumento en la capacidad de almacenamiento m\u00ednima<\/p>\n<p>Aunque tendremos que comprobar qu\u00e9 tal funciona, mientras que el iPhone 16 incorpora el chip Apple A18, el iPhone 17 viene junto con el <strong>chip Apple A19<\/strong>, lo que deber\u00eda traducirse en un mejor rendimiento, una mayor potencia y una mayor eficiencia. Eso s\u00ed, ambos vienen con las funciones de <a class=\"text-outboundlink\" href=\"https:\/\/www.xataka.com\/basics\/apple-intelligence-que-disponibilidad-que-va-a-poder-hacer-inteligencia-artificial-para-iphone-ipad-mac\" data-vars-post-title=\"Apple Intelligence: qu\u00e9 es, disponibilidad y qu\u00e9 va a poder hacer la inteligencia artificial para iPhone, iPad y Mac\" data-vars-post-url=\"https:\/\/www.xataka.com\/basics\/apple-intelligence-que-disponibilidad-que-va-a-poder-hacer-inteligencia-artificial-para-iphone-ipad-mac\" rel=\"nofollow noopener\" target=\"_blank\">Apple Intelligence<\/a>.<\/p>\n<p>Ahora s\u00ed, una de las grandes novedades para esta nueva generaci\u00f3n es que se acabaron los 128 GB. <strong>El iPhone 17 llega en las configuraciones de 256 GB y de 512 GB<\/strong>, mientras que el iPhone 16 est\u00e1 disponible con las configuraciones de 128 GB, 256 GB y 512 GB.<\/p>\n<p>Diferencias en el apartado fotogr\u00e1fico<\/p>\n<p>                   <img class=\"centro_sinmarco\" height=\"900\" width=\"1600\" loading=\"lazy\" decoding=\"async\"  fetchpriority=\"high\"  src=\"https:\/\/www.europesays.com\/es\/wp-content\/uploads\/2025\/09\/1757671749_731_450_1000.jpeg\" alt=\"Imagen 2\"\/><\/p>\n<p>Si priorizas el apartado fotogr\u00e1fico por encima de lo dem\u00e1s, hay mejoras y novedades importantes. Respecto a la parte frontal, el iPhone 17 incorpora una c\u00e1mara Center Stage de 18 MP, mientras que el iPhone 16 viene con una c\u00e1mara TrueDepth de 12 MP. Por si fuera poco, el nuevo m\u00f3vil incluye <strong>Encuadre Centrado para fotograf\u00edas y videollamadas, Captura Dual y v\u00eddeo ultraestabilizado<\/strong>.<\/p>\n<p>Por la parte trasera tambi\u00e9n hay un cambio. Ambos m\u00f3viles vienen con un sistema dual de c\u00e1maras cuyos sensores principales Fusion son de 48 MP. No obstante, el iPhone 16 viene con un ultra angular de 12 MP y el iPhone 17 integra un <strong>ultra gran angular Fusion de 48 MP<\/strong>.<\/p>\n<p>Una bater\u00eda con mayor autonom\u00eda te\u00f3rica<\/p>\n<p>Si hablamos de autonom\u00eda te\u00f3rica, la nueva generaci\u00f3n mejora con creces. El iPhone 16 ofrece una autonom\u00eda te\u00f3rica de hasta 22 horas de reproducci\u00f3n de v\u00eddeo, mientras que el iPhone 17 alcanza una <strong>autonom\u00eda te\u00f3rica de hasta 30 horas<\/strong> de reproducci\u00f3n de v\u00eddeo. Son ocho horas de diferencia, que se dice pronto.<\/p>\n<p>Y no es la \u00fanica diferencia. El iPhone 17 soporta carga r\u00e1pida de 40W (<strong>hasta 50% de carga en 20 minutos con adaptador de 40W<\/strong>) y el iPhone 16 soporta una carga r\u00e1pida de hasta 20W (hasta el 50% de carga en 30 minutos).<\/p>\n<p>Precios muy similares<\/p>\n<p>Si piensas comprar uno de los dos m\u00f3viles, hay algunas cosas importantes que debemos se\u00f1alar: el <strong>iPhone 17<\/strong> tiene un precio oficial de 959 euros en su configuraci\u00f3n b\u00e1sica de 256 GB, mientras que el <strong>iPhone 16<\/strong> ahora mismo se puede encontrar por <a rel=\"nofollow, sponsored, noopener, noreferrer\" target=\"_blank\" class=\"js-ecommerce\" id=\"link-ecommerce-1\" href=\"https:\/\/www.xataka.com\/redirect?url=https%3A%2F%2Fwww.mediamarkt.es%2Fes%2Fproduct%2F_apple-iphone-16-negro-128-gb-5g-61-oled-super-retina-xdr-chip-a18-bionic-ios-1582150.html&amp;category=seleccion&amp;ecomPostExpiration=everlasting&amp;postId=324306\" data-vars-affiliate-url=\"https:\/\/www.mediamarkt.es\/es\/product\/_apple-iphone-16-negro-128-gb-5g-61-oled-super-retina-xdr-chip-a18-bionic-ios-1582150.html\">809 euros<\/a> en la configuraci\u00f3n de 128 GB y por <a rel=\"nofollow, sponsored, noopener, noreferrer\" target=\"_blank\" class=\"js-ecommerce\" id=\"link-ecommerce-2\" href=\"https:\/\/www.xataka.com\/redirect?url=https%3A%2F%2Fwww.mediamarkt.es%2Fes%2Fproduct%2F_apple-iphone-16-negro-256-gb-5g-61-oled-super-retina-xdr-chip-a18-bionic-ios-1582155.html&amp;category=seleccion&amp;ecomPostExpiration=everlasting&amp;postId=324306\" data-vars-affiliate-url=\"https:\/\/www.mediamarkt.es\/es\/product\/_apple-iphone-16-negro-256-gb-5g-61-oled-super-retina-xdr-chip-a18-bionic-ios-1582155.html\">931 euros<\/a> en la configuraci\u00f3n de 256 GB.<\/p>\n<p>    <a href=\"https:\/\/www.xataka.com\/seleccion\/iphone-17-pro-vs-iphone-16-pro-que-movil-apple-elegir-funcion-tus-gustos-necesidades\" class=\"pivot-outboundlink\" data-vars-post-title=\"iPhone 17 Pro vs iPhone 16 Pro. Qu\u00e9 m\u00f3vil de Apple elegir en funci\u00f3n de tus gustos y necesidades \" rel=\"nofollow noopener\" target=\"_blank\"><br \/>\n     <img loading=\"lazy\" decoding=\"async\" alt=\"iPhone 17 Pro vs iPhone 16 Pro. Qu\u00e9 m\u00f3vil de Apple elegir en funci\u00f3n de tus gustos y necesidades \" width=\"375\" height=\"142\" src=\"https:\/\/www.europesays.com\/es\/wp-content\/uploads\/2025\/09\/1757671749_705_375_142.jpeg\"\/><br \/>\n    <\/a><\/p>\n<p>En resumen: qu\u00e9 iPhone elegir seg\u00fan tus necesidades<\/p>\n<p>Por qu\u00e9 elegir el iPhone 17<\/p>\n<p>                   <img class=\"centro_sinmarco\" height=\"900\" width=\"1600\" loading=\"lazy\" decoding=\"async\"  fetchpriority=\"high\"  src=\"https:\/\/www.europesays.com\/es\/wp-content\/uploads\/2025\/09\/1757671750_305_450_1000.jpeg\" alt=\"Iphone 17\"\/><\/p>\n<p>Son muchas las mejoras y novedades que han llegado al iPhone 17. Donde m\u00e1s destaca es en:<\/p>\n<ul>\n<li value=\"1\"><strong>Tiene muchas mejoras y novedades en la pantalla<\/strong>. M\u00e1s all\u00e1 de crecer en tama\u00f1o, el iPhone 17 ofrece una tasa de refresco de hasta 120 Hz, tiene m\u00e1s brillo pico en exteriores y cuenta con pantalla siempre activa.<\/li>\n<li value=\"2\"><strong>Mejor configuraci\u00f3n m\u00ednima de almacenamiento<\/strong>. Se acabaron los 128 GB: el iPhone 17 llega con una configuraci\u00f3n base de 256 GB.<\/li>\n<li value=\"3\"><strong>Viene<\/strong><strong> con el nuevo procesador<\/strong>. Si buscas potencia, rendimiento y mayor eficiencia, el iPhone 17 viene con el chip Apple A19.<\/li>\n<li value=\"4\"><strong>Tiene un mejor apartado fotogr\u00e1fico<\/strong>. No s\u00f3lo cuenta con un mejor ultra gran angular, sino que su c\u00e1mara frontal Center Stage viene con muchas novedades, como el Encuadre Centrado o la Captura Dual.<\/li>\n<li value=\"5\"><strong>Tiene una mejor autonom\u00eda te\u00f3rica<\/strong>. Aunque esto es algo te\u00f3rico y diferir\u00e1 en la pr\u00e1ctica, el iPhone 17 ofrecer\u00e1 una mayor autonom\u00eda, con una diferencia de ocho horas te\u00f3ricas en reproducci\u00f3n de v\u00eddeo frente al iPhone 16.<\/li>\n<li value=\"6\"><strong>Su relaci\u00f3n calidad-precio es mejor<\/strong>. Si comparamos ambos m\u00f3viles en sus respectivas configuraciones de 256 GB, el precio es muy peque\u00f1o. La diferencia es m\u00e1s notoria al comparar el iPhone 16 de 128 GB, pero tampoco es muy grande.<\/li>\n<\/ul>\n<p>Por qu\u00e9 elegir el iPhone 16<\/p>\n<p>                    <a rel=\"nofollow, sponsored, noopener, noreferrer\" target=\"_blank\" class=\"js-ecommerce\" id=\"link-ecommerce-3\" href=\"https:\/\/www.xataka.com\/redirect?url=https%3A%2F%2Fwww.mediamarkt.es%2Fes%2Fproduct%2F_apple-iphone-16-negro-128-gb-5g-61-oled-super-retina-xdr-chip-a18-bionic-ios-1582150.html&amp;category=seleccion&amp;ecomPostExpiration=everlasting&amp;postId=324306\" data-vars-affiliate-url=\"https:\/\/www.mediamarkt.es\/es\/product\/_apple-iphone-16-negro-128-gb-5g-61-oled-super-retina-xdr-chip-a18-bionic-ios-1582150.html\"><br \/>\n         <img class=\"centro_sinmarco\" height=\"900\" width=\"1600\" loading=\"lazy\" decoding=\"async\"  fetchpriority=\"high\"  src=\"https:\/\/www.europesays.com\/es\/wp-content\/uploads\/2025\/09\/1757671750_303_450_1000.jpeg\" alt=\"Iphone 16\"\/><\/p>\n<p>     <\/a><\/p>\n<p>El iPhone 17 viene cargado de mejoras y novedades, pero eso no significa que el iPhone 16 sea un mal candidato a la hora de comprarlo. Donde m\u00e1s destaca es en:<\/p>\n<ul>\n<li value=\"1\"><strong>Es un m\u00f3vil ideal para los que busquen algo compacto<\/strong>. Si prefieres los m\u00f3viles peque\u00f1os, aunque la diferencia no es muy grande, el iPhone 16 tiene una pantalla de 6,1 pulgadas.<\/li>\n<li value=\"2\"><strong>Sus c\u00e1maras son muy buenas<\/strong>. Es evidente que sobre el papel el iPhone 17 incorpora un mejor sistema de c\u00e1maras, pero el iPhone 16 no se queda muy atr\u00e1s y ofrece una muy buena experiencia fotogr\u00e1fica.<\/li>\n<li value=\"3\"><strong>Incorpora un buen chip<\/strong>. No ser\u00e1 el procesador m\u00e1s reciente, pero el chip Apple A18 es potente, eficiente y ofrece un buen rendimiento.<\/li>\n<li value=\"4\"><strong>Un precio m\u00e1s bajo<\/strong>. Si quieres gastar lo m\u00ednimo posible, el iPhone 16 es m\u00e1s barato porque se lanz\u00f3 hace m\u00e1s tiempo.<\/li>\n<\/ul>\n<p> <a rel=\"nofollow, sponsored, noopener, noreferrer\" target=\"_blank\" href=\"https:\/\/www.xataka.com\/redirect?site=xataka&amp;url=https%3A%2F%2Fwww.mediamarkt.es%2Fes%2Fproduct%2F_apple-iphone-16-negro-128-gb-5g-61-oled-super-retina-xdr-chip-a18-bionic-ios-1582150.html&amp;affiliate_id=&amp;ecomPostExpiration=everlasting&amp;postId=324306\"><br \/>\n     <img loading=\"lazy\" decoding=\"async\" src=\"https:\/\/www.europesays.com\/es\/wp-content\/uploads\/2025\/09\/1757671750_196_original.jpeg\" alt=\"iPhone 16 (128 GB)\" width=\"900\" height=\"900\"\/><br \/>\n   <\/a><\/p>\n<p>El precio podr\u00eda variar. Obtenemos comisi\u00f3n por estos enlaces<\/p>\n<p>Ficha t\u00e9cnica con las principales diferencias entre los iPhone 17 y iPhone 16<\/p>\n<tr>\n<p>IPHONE 17<\/p>\n<p>iPhone 16<\/p>\n<\/tr>\n<tr>\n<p>PANTALLA<\/p>\n<td class=\"align-left\">\n<p>OLED Super Retina XDR<\/p>\n<p>6,3 pulgadas<\/p>\n<p>Hasta 120 Hz (ProMotion)<\/p>\n<p>Brillo pico de 3.000 nits en exteriores<\/p>\n<p>Pantalla siempre activa<\/p>\n<\/td>\n<td class=\"align-left\">\n<p>OLED Super Retina XDR<\/p>\n<p>6,1 pulgadas<\/p>\n<p>Hasta 60 Hz<\/p>\n<p>Brillo pico de 2.000 nits<\/p>\n<\/td>\n<\/tr>\n<tr>\n<p>PROCESADOR<\/p>\n<td class=\"align-left\">\n<p>Apple A19<\/p>\n<\/td>\n<td class=\"align-left\">\n<p>Apple A18<\/p>\n<\/td>\n<\/tr>\n<tr>\n<p>ALMACENAMIENTO<\/p>\n<td class=\"align-left\">\n<p>256 GB \/ 512 GB<\/p>\n<\/td>\n<td class=\"align-left\">\n<p>128 GB \/ 256 GB \/ 512 GB<\/p>\n<\/td>\n<\/tr>\n<tr>\n<p>C\u00c1MARA DELANTERA<\/p>\n<td class=\"align-left\">\n<p>C\u00e1mara frontal Center Stage<\/p>\n<p>18 MP<\/p>\n<p>Encuadre Centrado (fotos y videollamadas)<\/p>\n<p>Captura Dual<\/p>\n<p>V\u00eddeo ultraestabilizado<\/p>\n<\/td>\n<td class=\"align-left\">\n<p>C\u00e1mara frontal TrueDepth<\/p>\n<p>12 MP<\/p>\n<\/td>\n<\/tr>\n<tr>\n<p>C\u00c1MARAS TRASERAS<\/p>\n<td class=\"align-left\">\n<p>Sistema de c\u00e1mara dual Fusion de 48 MP<\/p>\n<p><strong>Principal:<\/strong>\u00a0Fusion de 48 MP<\/p>\n<p><strong>Ultra gran angular:<\/strong>\u00a0Fusion de 48 MP<\/p>\n<\/td>\n<td class=\"align-left\">\n<p>Sistema avanzado de c\u00e1mara dual<\/p>\n<p><strong>Principal:<\/strong><strong>\u00a0<\/strong>Fusion de 48 MP<\/p>\n<p><strong>Ultra gran angular:<\/strong>\u00a012 MP<\/p>\n<\/td>\n<\/tr>\n<tr>\n<p>Bater\u00eda<\/p>\n<td class=\"align-left\">\n<p>Hasta 30 horas de reproducci\u00f3n de v\u00eddeo<\/p>\n<p>Hasta un 50% de carga en 20 minutos (40W)<\/p>\n<\/td>\n<td class=\"align-left\">\n<p>Hasta 22 horas de reproducci\u00f3n de v\u00eddeo<\/p>\n<p>Hasta un 50% de carga en 30 minutos (20W)<\/p>\n<\/td>\n<\/tr>\n<tr>\n<p>Precio<\/p>\n<td class=\"align-left\">\n<p>Desde 959 euros<\/p>\n<\/td>\n<td class=\"align-left\">\n<p>Desde <a rel=\"nofollow, sponsored, noopener, noreferrer\" target=\"_blank\" class=\"js-ecommerce\" id=\"link-ecommerce-4\" href=\"https:\/\/www.xataka.com\/redirect?url=https%3A%2F%2Fwww.mediamarkt.es%2Fes%2Fproduct%2F_apple-iphone-16-negro-128-gb-5g-61-oled-super-retina-xdr-chip-a18-bionic-ios-1582150.html&amp;category=seleccion&amp;ecomPostExpiration=everlasting&amp;postId=324306\" data-vars-affiliate-url=\"https:\/\/www.mediamarkt.es\/es\/product\/_apple-iphone-16-negro-128-gb-5g-61-oled-super-retina-xdr-chip-a18-bionic-ios-1582150.html\">809 euros<\/a><\/p>\n<\/td>\n<\/tr>\n<p> <a rel=\"nofollow, sponsored, noopener, noreferrer\" target=\"_blank\" href=\"https:\/\/www.xataka.com\/redirect?site=xataka&amp;url=https%3A%2F%2Fwww.mediamarkt.es%2Fes%2Fproduct%2F_apple-iphone-16-negro-128-gb-5g-61-oled-super-retina-xdr-chip-a18-bionic-ios-1582150.html&amp;affiliate_id=&amp;ecomPostExpiration=everlasting&amp;postId=324306\"><br \/>\n     <img loading=\"lazy\" decoding=\"async\" src=\"https:\/\/www.europesays.com\/es\/wp-content\/uploads\/2025\/09\/1757671750_196_original.jpeg\" alt=\"iPhone 16 (128 GB)\" width=\"900\" height=\"900\"\/><br \/>\n   <\/a><\/p>\n<p>El precio podr\u00eda variar. Obtenemos comisi\u00f3n por estos enlaces<\/p>\n<p>    <a href=\"https:\/\/www.xataka.com\/moviles\/apple-ha-dado-paso-atras-iphone-17-pro-era-necesario-para-dar-salto-delante\" class=\"pivot-outboundlink\" data-vars-post-title=\"Apple ha dado un paso atr\u00e1s con los iPhone 17 Pro. Era necesario para dar un salto hacia delante \" rel=\"nofollow noopener\" target=\"_blank\"><br \/>\n     <img loading=\"lazy\" decoding=\"async\" alt=\"Apple ha dado un paso atr\u00e1s con los iPhone 17 Pro. Era necesario para dar un salto hacia delante \" width=\"375\" height=\"142\" src=\"https:\/\/www.europesays.com\/es\/wp-content\/uploads\/2025\/09\/1757671751_466_375_142.jpeg\"\/><br \/>\n    <\/a><\/p>\n<p>Algunos de los enlaces de este art\u00edculo son afiliados y pueden reportar un beneficio a Xataka. En caso de no disponibilidad, las ofertas pueden variar.<\/p>\n<p>Imagen |\u00a0Freepik (cabecera),\u00a0Apple<\/p>\n<p>En Xataka |\u00a0<a class=\"text-outboundlink\" href=\"https:\/\/www.xataka.com\/seleccion\/iphone-17-vs-iphone-17-pro-vs-iphone-air-que-movil-apple-elegir-funcion-tus-gustos-necesidades\" data-vars-post-title=\"iPhone 17 vs iPhone 17 Pro vs iPhone Air. Qu\u00e9 m\u00f3vil de Apple elegir en funci\u00f3n de tus gustos y necesidades\" data-vars-post-url=\"https:\/\/www.xataka.com\/seleccion\/iphone-17-vs-iphone-17-pro-vs-iphone-air-que-movil-apple-elegir-funcion-tus-gustos-necesidades\" rel=\"nofollow noopener\" target=\"_blank\">iPhone 17 vs iPhone 17 Pro vs iPhone Air. Qu\u00e9 m\u00f3vil de Apple elegir en funci\u00f3n de tus gustos y necesidades<\/a><\/p>\n<p>En Xataka |\u00a0<a class=\"text-outboundlink\" href=\"https:\/\/www.xataka.com\/seleccion\/google-pixel-10-vs-google-pixel-9-que-movil-elegir-tus-gustos-necesidades\" data-vars-post-title=\"Google Pixel 10 Vs Google Pixel 9. Qu\u00e9 m\u00f3vil elegir seg\u00fan tus gustos y necesidades\" data-vars-post-url=\"https:\/\/www.xataka.com\/seleccion\/google-pixel-10-vs-google-pixel-9-que-movil-elegir-tus-gustos-necesidades\" rel=\"nofollow noopener\" target=\"_blank\">Google Pixel 10 Vs Google Pixel 9. Qu\u00e9 m\u00f3vil elegir seg\u00fan tus gustos y necesidades<\/a><\/p>\n","protected":false},"excerpt":{"rendered":"El iPhone Air ha sido una de las grandes novedades del \u00faltimo evento de Apple, pero no podemos&hellip;\n","protected":false},"author":2,"featured_media":109783,"comment_status":"","ping_status":"","sticky":false,"template":"","format":"standard","meta":{"footnotes":""},"categories":[81],"tags":[119,123,124,25,24,117,121,122,23,118,120],"class_list":{"0":"post-109782","1":"post","2":"type-post","3":"status-publish","4":"format-standard","5":"has-post-thumbnail","7":"category-ciencia-y-tecnologia","8":"tag-ciencia","9":"tag-ciencia-y-tecnologia","10":"tag-cienciaytecnologia","11":"tag-es","12":"tag-espana","13":"tag-science","14":"tag-science-and-technology","15":"tag-scienceandtechnology","16":"tag-spain","17":"tag-technology","18":"tag-tecnologia"},"share_on_mastodon":{"url":"","error":""},"_links":{"self":[{"href":"https:\/\/www.europesays.com\/es\/wp-json\/wp\/v2\/posts\/109782","targetHints":{"allow":["GET"]}}],"collection":[{"href":"https:\/\/www.europesays.com\/es\/wp-json\/wp\/v2\/posts"}],"about":[{"href":"https:\/\/www.europesays.com\/es\/wp-json\/wp\/v2\/types\/post"}],"author":[{"embeddable":true,"href":"https:\/\/www.europesays.com\/es\/wp-json\/wp\/v2\/users\/2"}],"replies":[{"embeddable":true,"href":"https:\/\/www.europesays.com\/es\/wp-json\/wp\/v2\/comments?post=109782"}],"version-history":[{"count":0,"href":"https:\/\/www.europesays.com\/es\/wp-json\/wp\/v2\/posts\/109782\/revisions"}],"wp:featuredmedia":[{"embeddable":true,"href":"https:\/\/www.europesays.com\/es\/wp-json\/wp\/v2\/media\/109783"}],"wp:attachment":[{"href":"https:\/\/www.europesays.com\/es\/wp-json\/wp\/v2\/media?parent=109782"}],"wp:term":[{"taxonomy":"category","embeddable":true,"href":"https:\/\/www.europesays.com\/es\/wp-json\/wp\/v2\/categories?post=109782"},{"taxonomy":"post_tag","embeddable":true,"href":"https:\/\/www.europesays.com\/es\/wp-json\/wp\/v2\/tags?post=109782"}],"curies":[{"name":"wp","href":"https:\/\/api.w.org\/{rel}","templated":true}]}}