{"id":109794,"date":"2025-09-12T10:18:12","date_gmt":"2025-09-12T10:18:12","guid":{"rendered":"https:\/\/www.europesays.com\/es\/109794\/"},"modified":"2025-09-12T10:18:12","modified_gmt":"2025-09-12T10:18:12","slug":"la-generacion-de-2010-ya-gana-partidos-oficiales","status":"publish","type":"post","link":"https:\/\/www.europesays.com\/es\/109794\/","title":{"rendered":"La generaci\u00f3n de 2010 ya gana partidos oficiales"},"content":{"rendered":"<p class=\"quota-display text-align-center\">\n        <a href=\"https:\/\/www.puntodebreak.com\/MDBA-B3-PDB-QUOTA-25\" rel=\"sponsored nofollow noopener\" title=\"Apuesta en bet365\" target=\"_blank\"><\/p>\n<p>            <img decoding=\"async\" alt=\"Bet365\" class=\"bet-logo lazyload\" loading=\"lazy\" src=\"https:\/\/www.europesays.com\/es\/wp-content\/uploads\/2025\/09\/1757458332_421_b365.jpg\"\/>Streaming ITF M25 Cuiaba en directo<\/p>\n<p> \ud83c\udfbe Paulo A S Dos Santos vs Igor Marcondes<\/p>\n<ol class=\"stream-card__steps\">\n<li>Entra aqu\u00ed y reg\u00edstrate en Bet365<\/li>\n<li>Haz tu primer dep\u00f3sito de m\u00ednimo 5\u00a0\u20ac<\/li>\n<li>Entra en la secci\u00f3n \u00abDirecto\u00bb y ve todos los partidos<\/li>\n<\/ol>\n<p>\n                                Ver partido en Bet365\n                            <\/p>\n<p>        <\/a>\n      <\/p>\n<p class=\"text-align-justify\">No es normal soltar un art\u00edculo hablando de una chica de tan solo 15 a\u00f1os si no hay un motivo de peso que lo sostenga. En esta ocasi\u00f3n, lo hay. De entrada, os presento a la protagonista, aunque cuidado que su nombre no es de los m\u00e1s sencillos de recordar: <a href=\"https:\/\/www.wtatennis.com\/news\/4359539\/brazils-leme-da-silva-becomes-first-2010-born-player-to-win-wta-match\" rel=\"nofollow noopener\" target=\"_blank\"><b>Nauhany Vitoria Leme Da Silva<\/b><\/a>. La brasile\u00f1a, desconocida todav\u00eda dentro del circuito, ocup\u00f3 algunas portadas esta semana despu\u00e9s de firmar su primera victoria profesional en el <b>WTA 250 de Sao Paulo<\/b>, torneo que le tendi\u00f3 la mano a trav\u00e9s de una invitaci\u00f3n. Dicho esto, vamos a profundizar en la historia de la primera tenista nacida en 2010 que gana un partido oficial<\/p>\n<p class=\"text-align-justify\">Ocupando actualmente el puesto #1206 de la clasificaci\u00f3n mundial, pr\u00e1cticamente podemos decir que Leme Da Silva sigue siendo una jugadora sin ranking, aunque esos primeros puntos conseguidos en septiembre del a\u00f1o pasado ya le sirvieron para hacer historia y liderar a toda una generaci\u00f3n. Casi un a\u00f1o despu\u00e9s, su nombre vuelve a estar sobre la mesa tras vencer hace un par de d\u00edas a su compatriota <b>Carolina Alves<\/b> (6-7, 6-2, 6-0), quien salt\u00f3 a la pista siendo la #237 del ranking. Parec\u00eda suficiente brecha como para no esperar la sorpresa, pero ah\u00ed estuvo la joven de 15 a\u00f1os para resolver el pulso a su favor de 1h 49min.<\/p>\n<p class=\"text-align-justify\">Tan solo era su s\u00e9ptimo evento profesional \u2013englobando todos los estratos de la pir\u00e1mide, desde los ITF\u2013, pero le bast\u00f3 esta oportunidad para sacar la bandera de la generaci\u00f3n 2010 y lograr ese primer triunfo que siempre se recordar\u00e1, aunque esto luego pueda no significar nada en el futuro. Curioso que llegara contra Alves si tenemos en cuenta que el circuito WTA no ve\u00eda un <strong>duelo directo entre brasile\u00f1as<\/strong> desde Miami 2016, cuando se crearon Teliana Pereira y Beatriz Haddad Maia. A todo esto, el partido lo empieza ganando Alves con un tiebreak en blanco, sin perder un solo punto. Qu\u00e9 personalidad habr\u00e1 de tener Nauhany para girar ese marcador y terminan amarrando los once \u00faltimos juegos.<\/p>\n<p class=\"text-align-justify\"><b>SUDAM\u00c9RICA SONR\u00cdE<\/b><\/p>\n<p class=\"text-align-justify\">Como podr\u00e1n imaginar, Sudam\u00e9rica no es la regi\u00f3n del mundo con m\u00e1s raquetas en el circuito mundial, ni en la rama masculina, ni mucho menos en la femenina. De hecho, <b>Beatriz Haddad Maia<\/b> (#26) es una de esas pocas elegidas que pueden presumir de comer en la mesa de las grandes elegidas, las que nunca fallan en los grandes torneos. En clave brasile\u00f1a, detr\u00e1s solo encontraremos a dos mujeres m\u00e1s que actualmente viven de esto: <b>Laura Pigossi<\/b> (#177) y la citada <b>Carolina Alves<\/b> (#236). \u00bfCu\u00e1l es el problema? Que en 2026, ya ninguna cumplir\u00e1 los 30.<\/p>\n<p><img decoding=\"async\" alt=\"Leme Da Silva golpeando duro en S\u00e3o Paulo. Fuente: WTA\" data-entity-type=\"file\" data-entity-uuid=\"4e33220d-f47a-4d8b-964c-b1ff9914cc28\" class=\"align-center lazyload\" width=\"830\" height=\"519\" loading=\"lazy\" src=\"https:\/\/www.europesays.com\/es\/wp-content\/uploads\/2025\/09\/Leme-Da-Silva-Primera-Victoria-Generacion-2010-SaoPaulo.png\"\/><\/p>\n<p class=\"text-align-justify\">\u00a0<\/p>\n<p class=\"text-align-justify\">En Sao Paulo, primer torneo WTA celebrado en Brasil desde el a\u00f1o 2000, una ni\u00f1a de 15 a\u00f1os se encarg\u00f3 de emocionar a todo el p\u00fablico presente, abriendo la puerta a un futuro prometedor donde Sudam\u00e9rica pueda seguir sumando piezas en esta batalla. Por cierto, su camino no pas\u00f3 m\u00e1s all\u00e1 de la segunda ronda, donde la realidad le despert\u00f3 de sopet\u00f3n con una derrota clara ante <b>Solana Sierra<\/b> (6-0, 6-4), argentina que viene marcando su mejor temporada profesional. A partir de la semana que viene veremos a \u2018<b>Nana<\/b>\u2019 \u2013as\u00ed la llaman\u2013 dando un salto de calidad hasta el puesto #787 del ranking, convirti\u00e9ndose en la octava mejor raqueta del pa\u00eds. Qui\u00e9n sabe si dentro de una d\u00e9cada estaremos rescatando este art\u00edculo con una sonrisa en la boca.<\/p>\n","protected":false},"excerpt":{"rendered":"Streaming ITF M25 Cuiaba en directo \ud83c\udfbe Paulo A S Dos Santos vs Igor Marcondes Entra aqu\u00ed y&hellip;\n","protected":false},"author":2,"featured_media":109795,"comment_status":"","ping_status":"","sticky":false,"template":"","format":"standard","meta":{"footnotes":""},"categories":[274],"tags":[168,25,24,23,167,327,326],"class_list":{"0":"post-109794","1":"post","2":"type-post","3":"status-publish","4":"format-standard","5":"has-post-thumbnail","7":"category-tenis","8":"tag-deportes","9":"tag-es","10":"tag-espana","11":"tag-spain","12":"tag-sports","13":"tag-tenis","14":"tag-tennis"},"share_on_mastodon":{"url":"","error":""},"_links":{"self":[{"href":"https:\/\/www.europesays.com\/es\/wp-json\/wp\/v2\/posts\/109794","targetHints":{"allow":["GET"]}}],"collection":[{"href":"https:\/\/www.europesays.com\/es\/wp-json\/wp\/v2\/posts"}],"about":[{"href":"https:\/\/www.europesays.com\/es\/wp-json\/wp\/v2\/types\/post"}],"author":[{"embeddable":true,"href":"https:\/\/www.europesays.com\/es\/wp-json\/wp\/v2\/users\/2"}],"replies":[{"embeddable":true,"href":"https:\/\/www.europesays.com\/es\/wp-json\/wp\/v2\/comments?post=109794"}],"version-history":[{"count":0,"href":"https:\/\/www.europesays.com\/es\/wp-json\/wp\/v2\/posts\/109794\/revisions"}],"wp:featuredmedia":[{"embeddable":true,"href":"https:\/\/www.europesays.com\/es\/wp-json\/wp\/v2\/media\/109795"}],"wp:attachment":[{"href":"https:\/\/www.europesays.com\/es\/wp-json\/wp\/v2\/media?parent=109794"}],"wp:term":[{"taxonomy":"category","embeddable":true,"href":"https:\/\/www.europesays.com\/es\/wp-json\/wp\/v2\/categories?post=109794"},{"taxonomy":"post_tag","embeddable":true,"href":"https:\/\/www.europesays.com\/es\/wp-json\/wp\/v2\/tags?post=109794"}],"curies":[{"name":"wp","href":"https:\/\/api.w.org\/{rel}","templated":true}]}}