{"id":109796,"date":"2025-09-12T10:19:09","date_gmt":"2025-09-12T10:19:09","guid":{"rendered":"https:\/\/www.europesays.com\/es\/109796\/"},"modified":"2025-09-12T10:19:09","modified_gmt":"2025-09-12T10:19:09","slug":"roger-adria-ficha-por-movistar-team-hasta-2028","status":"publish","type":"post","link":"https:\/\/www.europesays.com\/es\/109796\/","title":{"rendered":"Roger Adri\u00e0 ficha por Movistar Team hasta 2028"},"content":{"rendered":"<p class=\"news_body-excerpt\">El ciclista barcelon\u00e9s se incorpora al conjunto de Eusebio Unzu\u00e9 con un contrato de tres temporadas.<\/p>\n<p><img fetchpriority=\"high\" decoding=\"async\" width=\"683\" height=\"920\" src=\"https:\/\/www.europesays.com\/es\/wp-content\/uploads\/2025\/09\/Fichajes-OK-Roger-1-683x920.jpg\" alt=\"\" class=\"wp-image-145248\" style=\"width:736px;height:auto\"  \/><\/p>\n<p>Movistar Team anuncia la incorporaci\u00f3n de\u00a0<strong>Roger Adri\u00e0<\/strong>\u00a0(Barcelona, 1998) para la temporada 2026 y formar\u00e1 parte de la plantilla del conjunto telef\u00f3nico hasta el curso\u00a0<strong>2028<\/strong>.<\/p>\n<p>Adri\u00e0 muestra su satisfacci\u00f3n tras confirmarse la firma:<\/p>\n<p>\u201c<strong>Fichar por Movistar Team supone cumplir un sue\u00f1o. Casi todos los ciclistas espa\u00f1oles desde j\u00f3venes so\u00f1amos con correr en este equipo, siendo el conjunto con m\u00e1s historia del pelot\u00f3n internacional. As\u00ed que, es un sue\u00f1o hecho realidad<\/strong>.\u201d<\/p>\n<p>Sobre lo que significa este paso en su carrera, el catal\u00e1n a\u00f1ade:<\/p>\n<p>\u201c<strong>Creo que es un paso importante en mi carrera. Siendo un equipo que encaja m\u00e1s con mi personalidad y mi cultura. Un conjunto donde encontrar un espacio donde brillar y aportar mis cualidades al equipo.<\/strong>\u201d<\/p>\n","protected":false},"excerpt":{"rendered":"El ciclista barcelon\u00e9s se incorpora al conjunto de Eusebio Unzu\u00e9 con un contrato de tres temporadas. Movistar Team&hellip;\n","protected":false},"author":2,"featured_media":109797,"comment_status":"","ping_status":"","sticky":false,"template":"","format":"standard","meta":{"footnotes":""},"categories":[273],"tags":[5168,313,1757,312,168,622,25,24,14861,699,303,8660,3013,23,167,1826,462,11214,5411,14860],"class_list":{"0":"post-109796","1":"post","2":"type-post","3":"status-publish","4":"format-standard","5":"has-post-thumbnail","7":"category-ciclismo","8":"tag-bicicletas","9":"tag-ciclismo","10":"tag-ciclista","11":"tag-cycling","12":"tag-deportes","13":"tag-equipo","14":"tag-es","15":"tag-espana","16":"tag-eusebio-unzue","17":"tag-grande","18":"tag-movistar","19":"tag-movistar-team","20":"tag-mundo","21":"tag-spain","22":"tag-sports","23":"tag-telefonica","24":"tag-tour-de-francia","25":"tag-uci","26":"tag-vuelta-a-espana","27":"tag-world-tour"},"share_on_mastodon":{"url":"","error":""},"_links":{"self":[{"href":"https:\/\/www.europesays.com\/es\/wp-json\/wp\/v2\/posts\/109796","targetHints":{"allow":["GET"]}}],"collection":[{"href":"https:\/\/www.europesays.com\/es\/wp-json\/wp\/v2\/posts"}],"about":[{"href":"https:\/\/www.europesays.com\/es\/wp-json\/wp\/v2\/types\/post"}],"author":[{"embeddable":true,"href":"https:\/\/www.europesays.com\/es\/wp-json\/wp\/v2\/users\/2"}],"replies":[{"embeddable":true,"href":"https:\/\/www.europesays.com\/es\/wp-json\/wp\/v2\/comments?post=109796"}],"version-history":[{"count":0,"href":"https:\/\/www.europesays.com\/es\/wp-json\/wp\/v2\/posts\/109796\/revisions"}],"wp:featuredmedia":[{"embeddable":true,"href":"https:\/\/www.europesays.com\/es\/wp-json\/wp\/v2\/media\/109797"}],"wp:attachment":[{"href":"https:\/\/www.europesays.com\/es\/wp-json\/wp\/v2\/media?parent=109796"}],"wp:term":[{"taxonomy":"category","embeddable":true,"href":"https:\/\/www.europesays.com\/es\/wp-json\/wp\/v2\/categories?post=109796"},{"taxonomy":"post_tag","embeddable":true,"href":"https:\/\/www.europesays.com\/es\/wp-json\/wp\/v2\/tags?post=109796"}],"curies":[{"name":"wp","href":"https:\/\/api.w.org\/{rel}","templated":true}]}}