{"id":109819,"date":"2025-09-12T10:31:06","date_gmt":"2025-09-12T10:31:06","guid":{"rendered":"https:\/\/www.europesays.com\/es\/109819\/"},"modified":"2025-09-12T10:31:06","modified_gmt":"2025-09-12T10:31:06","slug":"estrenos-de-la-semana-en-cines-sigue-mi-voz-jone-a-veces-y-caja-de-resistencia","status":"publish","type":"post","link":"https:\/\/www.europesays.com\/es\/109819\/","title":{"rendered":"Estrenos de la semana en cines: &#8216;Sigue mi voz&#8217;, &#8216;Jone, a veces&#8217; y &#8216;Caja de resistencia&#8217;"},"content":{"rendered":"<p><strong>Esta semana llegan a las salas de cine tres pel\u00edculas dirigidas y escritas por mujeres: \u2018Jone, a veces\u2019, de Sara Fantova; \u2018Sigue mi voz\u2019, de In\u00e9s Pintor Sierra (CIMA) (y Pablo Santidri\u00e1n); y \u2018Caja de resistencia\u2019, de Concha Barquero (y Alejandro Alvarado).<\/strong><\/p>\n<p>\u2018Jone, a veces\u2019 (Jone, Batzuetan), dirigida y escrita por Sara Fantova<\/p>\n<p>Bilbao, verano. Jone (20), vive con su padre y su hermana peque\u00f1a Marta. En el marco de las fiestas de La Semana Grande, Jone se enamorar\u00e1 por primera vez. Mientras, en su casa, deber\u00e1 afrontar las consecuencias de la dolencia que sufre su padre. Ese verano Jone vivir\u00e1 entre la sensaci\u00f3n de inmortalidad que siente con Olga, la chica de la que se enamora, y el miedo a quedarse sola debido a la enfermedad de su padre. <\/p>\n<p>Ganadora de mejor pel\u00edcula nacional en el Atl\u00e0ntida Mallorca Film Fest, la pel\u00edcula est\u00e1 protagonizada por Olaia Aguayo y el guion es de la directora Sara Fantova junto a N\u00faria Dunj\u00f3 y Nuria Mart\u00edn. Surge del Laboratorio \u00d3pera Prima de ESCAC 2024 y es una producci\u00f3n de Escac Studio, Esc\u00e1ndalo Films, Amania Films y ECPV. La distribuci\u00f3n corre a cargo de Atera Films.<\/p>\n<p>\u2018Sigue mi voz\u2019, dirigida y escrita por In\u00e9s Pintor Sierra (y Pablo Santidri\u00e1n)<\/p>\n<p>Tras una crisis de salud que la mantiene en casa 76 d\u00edas seguidos, Klara no hace otra cosa que escuchar su programa de radio favorito, Sigue Mi Voz. Pero un d\u00eda se pregunta: \u00bfEs posible enamorarse de alguien a quien ha o\u00eddo en la radio, pero nunca ha conocido? \u00bfPuede realmente sentir algo por Kang, el presentador del programa de radio cuya voz s\u00f3lo ha o\u00eddo una vez, superar\u00e1 sus miedos y saldr\u00e1 de nuevo al mundo?<\/p>\n<p>Basada en la novela de Ariana Godoy, \u2018Sigue mi voz\u2019 est\u00e1 dirigida y escrita por In\u00e9s Pintor Sierra (y Pablo Santidri\u00e1n) y protagonizada por Berta Casta\u00f1\u00e9. Es una coproducci\u00f3n Espa\u00f1a-Estados Unidos de Zeta Cinema, Beta Fiction Spain, Sigue y No Pares AIE, Wattpad Webtoon Studios. Distribuye Beta Fiction Spain.<\/p>\n<p>\u2018Caja de resistencia\u2019, dirigida y escrita por Concha Barquero (y Alejandro Alvarado)<\/p>\n<p>Tras su muerte, Fernando Ruiz Vergara dej\u00f3 decenas de bocetos de pel\u00edculas que nunca pudo realizar. El cineasta andaluz s\u00f3lo hab\u00eda dirigido un documental, \u2018Roc\u00edo\u2019, desgarrador y fascinante, maldito tras su censura judicial en los primeros a\u00f1os de la democracia en Espa\u00f1a. Desde entonces, sus proyectos permanecieron latentes en la imaginaci\u00f3n y en el deseo. En el documental \u2018Caja de resistencia\u2019, fabulamos con aquellos proyectos so\u00f1ados para llevarlos al cine desde el presente, como un gesto de resistencia.<\/p>\n<p>La cinta ha sido galardonada, entre otros, con\u00a0el\u00a0Premio especial del Jurado\u00a0en la 26.\u00aa edici\u00f3n del\u00a0Festival Internacional de Cine\u00a0de Jeonju (Corea del Sur);\u00a0el\u00a0Premio Doc Espa\u00f1a\u00a0en la 69.\u00aa edici\u00f3n de la\u00a0SEMINCI;\u00a0el\u00a0Premio al Mejor Film\u00a0en la 31.\u00aa edici\u00f3n de\u00a0L\u2019Alternativa;\u00a0o el\u00a0Premio del Jurado Joven\u00a0en la 14.\u00aa edici\u00f3n de\u00a0M\u00e1rgenes. Dirigida y escrita por Concha Barquero (y Alejandro Alvarado), la m\u00fasica de la pel\u00edcula es de\u00a0Paloma Pe\u00f1arrubia y la fotograf\u00eda de\u00a0Raquel Fern\u00e1ndez Nu\u00f1ez (CIMA). Es una producci\u00f3n de Azhar Media y Alvarquero junto con la portuguesa Blablabla Media.<\/p>\n","protected":false},"excerpt":{"rendered":"Esta semana llegan a las salas de cine tres pel\u00edculas dirigidas y escritas por mujeres: \u2018Jone, a veces\u2019,&hellip;\n","protected":false},"author":2,"featured_media":109820,"comment_status":"","ping_status":"","sticky":false,"template":"","format":"standard","meta":{"footnotes":""},"categories":[91],"tags":[5776,146,147,25,24,6750,23],"class_list":{"0":"post-109819","1":"post","2":"type-post","3":"status-publish","4":"format-standard","5":"has-post-thumbnail","7":"category-entretenimiento","8":"tag-cima","9":"tag-entertainment","10":"tag-entretenimiento","11":"tag-es","12":"tag-espana","13":"tag-estrenos","14":"tag-spain"},"share_on_mastodon":{"url":"","error":""},"_links":{"self":[{"href":"https:\/\/www.europesays.com\/es\/wp-json\/wp\/v2\/posts\/109819","targetHints":{"allow":["GET"]}}],"collection":[{"href":"https:\/\/www.europesays.com\/es\/wp-json\/wp\/v2\/posts"}],"about":[{"href":"https:\/\/www.europesays.com\/es\/wp-json\/wp\/v2\/types\/post"}],"author":[{"embeddable":true,"href":"https:\/\/www.europesays.com\/es\/wp-json\/wp\/v2\/users\/2"}],"replies":[{"embeddable":true,"href":"https:\/\/www.europesays.com\/es\/wp-json\/wp\/v2\/comments?post=109819"}],"version-history":[{"count":0,"href":"https:\/\/www.europesays.com\/es\/wp-json\/wp\/v2\/posts\/109819\/revisions"}],"wp:featuredmedia":[{"embeddable":true,"href":"https:\/\/www.europesays.com\/es\/wp-json\/wp\/v2\/media\/109820"}],"wp:attachment":[{"href":"https:\/\/www.europesays.com\/es\/wp-json\/wp\/v2\/media?parent=109819"}],"wp:term":[{"taxonomy":"category","embeddable":true,"href":"https:\/\/www.europesays.com\/es\/wp-json\/wp\/v2\/categories?post=109819"},{"taxonomy":"post_tag","embeddable":true,"href":"https:\/\/www.europesays.com\/es\/wp-json\/wp\/v2\/tags?post=109819"}],"curies":[{"name":"wp","href":"https:\/\/api.w.org\/{rel}","templated":true}]}}