{"id":109829,"date":"2025-09-12T10:37:29","date_gmt":"2025-09-12T10:37:29","guid":{"rendered":"https:\/\/www.europesays.com\/es\/109829\/"},"modified":"2025-09-12T10:37:29","modified_gmt":"2025-09-12T10:37:29","slug":"elda-prestigio-el-renacer-de-un-club-que-se-nego-a-desaparecer","status":"publish","type":"post","link":"https:\/\/www.europesays.com\/es\/109829\/","title":{"rendered":"Elda Prestigio, el renacer de un club que se neg\u00f3 a desaparecer"},"content":{"rendered":"<p class=\"ft-text\"><strong>Corr\u00eda el a\u00f1o 1985<\/strong> cuando <strong>desde el Ayuntamiento de Elda se foment\u00f3 la creaci\u00f3n de un club femenino<\/strong> <strong>fundado<\/strong> por <strong>Federico Poveda bajo las \u00f3rdenes de \u00c1ngel Sandoval<\/strong>, el \u00abalma mater\u00bb que canaliz\u00f3 la pasi\u00f3n escolar por el balonmano en la cuna del calzado. Tras varios a\u00f1os entre los mejores de Primera Nacional se produjo el <strong>ascenso a la Liga ABF, m\u00e1xima categor\u00eda Femenina en la temporada 1991-92<\/strong>: el <strong>15 de marzo del 1992 el <\/strong><a class=\"ft-link ft-link--decoration\" href=\"https:\/\/www.superdeporte.es\/tags\/elda-prestigio\/\" target=\"_blank\" rel=\"nofollow noopener\"><strong>Elda Prestigio<\/strong><\/a><strong> asciende a la Divisi\u00f3n de Honor de la Liga espa\u00f1ola.<\/strong> Un equipo con una base de \u00abonce chicas de Elda\u00bb y refuerzos clave como las rumanas <strong>Eva Covrig y Gina Cervenciu<\/strong>, inici\u00f3 veinte a\u00f1os consecutivos en la \u00e9lite.<\/p>\n<p>\u00c9poca de esplendor<\/p>\n<p class=\"ft-text\">Entre las <strong>temporadas 92-93 y 95-96 el <\/strong><a class=\"ft-link ft-link--decoration\" href=\"https:\/\/www.facebook.com\/eldaprestigio\/?locale=es_ES\" rel=\"nofollow noopener\" target=\"_blank\"><strong>Elda Prestigio<\/strong><\/a><strong> se consolida en la m\u00e1xima categor\u00eda<\/strong> y accede a <strong>participar en competiciones europeas.<\/strong><\/p>\n<p class=\"ft-text\">La <strong>temporada 1998-99 marc\u00f3 un momento hist\u00f3rico del Club Alsa Elda Prestigio<\/strong> al <strong>conquistar su primer t\u00edtulo de Campe\u00f3n de Liga ante el Osito l&#8217;Eliana<\/strong>, eterno campe\u00f3n y eterno rival de las eldenses, con un gol de la zurda rusa <strong>Ekaterina Sergueeva<\/strong>, a 4 segundos de la conclusi\u00f3n. En las <strong>siguientes campa\u00f1as, el conjunto eldense sum\u00f3 dos nuevos t\u00edtulos de Liga (2002 y 2003), as\u00ed como una Copa de la Reina<\/strong> y tuvo una actuaci\u00f3n notable tambi\u00e9n en las diversas competiciones europeas en las que tom\u00f3 parte, Liga de Campeones, Recopa y Copa EHF, <strong>convirti\u00e9ndose as\u00ed en uno de los clubes femeninos m\u00e1s importantes del panorama espa\u00f1ol y europeo.<\/strong><\/p>\n<p><img decoding=\"async\" src=\"https:\/\/www.europesays.com\/es\/wp-content\/uploads\/2025\/09\/513b475a-6d2e-49f7-981c-6b24da6a9c8e_alta-libre-aspect-ratio_default_0.jpg\" width=\"1200\" height=\"688\" alt=\"El Club Alsa Elda Prestigio conquist\u00f3 su primer t\u00edtulo de Campe\u00f3n de Liga ante el Osito l'Eliana, eterno campe\u00f3n y eterno rival de las eldenses, con un gol de la zurda rusa Ekaterina Sergueeva, a 4 segundos de la conclusi\u00f3n.\" class=\"ft-helper-img-rd\" loading=\"lazy\" hasdataaida=\"true\"\/><\/p>\n<p class=\"ft-helper-fontColor-quaternary ft-helper-fontSize-body-S ft-helper-spacer-t-xxs\">El Club Alsa Elda Prestigio conquist\u00f3 su primer t\u00edtulo de Campe\u00f3n de Liga ante el Osito l&#8217;Eliana, eterno campe\u00f3n y eterno rival de las eldenses, con un gol de la zurda rusa Ekaterina Sergueeva, a 4 segundos de la conclusi\u00f3n.  \/ ELDA <\/p>\n<p class=\"ft-text\">En la <strong>temporada 2009\/2010<\/strong>, tras no llegar lejos en las competiciones europeas en los \u00faltimos a\u00f1os, consigue alcanzar la <strong>final de la Copa EHF<\/strong>, en la que cedi\u00f3 ante el Randers. Tambi\u00e9n<strong> fue subcampe\u00f3n de Liga<\/strong>.<\/p>\n<p>La crisis<\/p>\n<p class=\"ft-text\">La gloria se vio truncada no en la pista, sino en los despachos. La crisis econ\u00f3mica global de 2008 fue demoledora y las subvenciones p\u00fablicas y los patrocinios privados desaparecieron, ahogando al club en deudas. <strong>En junio de 2012, con deudas insostenibles y siete mensualidades impagadas a las jugadoras, la directiva solicit\u00f3 el descenso<\/strong>. Fue el inicio de una d\u00e9cada de \u00abca\u00edda y resistencia\u00bb. <strong>El Elda Prestigio se neg\u00f3 a desaparecer, aferr\u00e1ndose a su cantera y a la lealtad de su gente <\/strong>como un n\u00e1ufrago a su balsa. \u201cDespu\u00e9s de una \u00e9poca brillante y exitosa , el club casi desaparece por problemas econ\u00f3micos . Gracias a personas como <strong>Francis Valero y Pepe Verd\u00fa<\/strong> , se mantuvo el nombre del club y se afrontaron las deudas a largo plazo. Cuando <strong>Manolo Pastor<\/strong> se present\u00f3 para la presidencia empez\u00f3 una \u00e9poca en Divisi\u00f3n Plata , y en pocos a\u00f1os se termin\u00f3 de pagar dicha deuda y por fin se qued\u00f3 el club saneado. Durante ese periodo se consigui\u00f3 el ascenso despu\u00e9s de 13 a\u00f1os a Liga Guerreras Iberdrola. El a\u00f1o pasado Manolo dio un paso al lado para descansar , y tuve que coger la presidencia para seguir el proyecto tan bonito de mantener el club en Liga Guerreras y por todos los medios poder afianzar el club en dicha categor\u00eda\u201d, <strong>rememor\u00f3 Jos\u00e9 Antonio Garc\u00eda \u00abMatu\u00bb, actual presidente de la entidad alicantina<\/strong>.<\/p>\n<p>El resurgir<\/p>\n<p class=\"ft-text\">Tras diez a\u00f1os de lucha, el sue\u00f1o del regreso se hizo realidad. Con un proyecto reconstruido desde la base, el equipo fue escalando categor\u00edas hasta el asalto final, uniendo de nuevo a toda la ciudad en un objetivo com\u00fan. <strong>En la temporada 2022-23, tras una gran campa\u00f1a<\/strong> (donde venci\u00f3 en la fase de ascenso disputada en Elda al Balonmano Morvedre, Zonzamas Cicar Lanzarote y Costa de Almer\u00eda Roquetas), <strong>el equipo termin\u00f3 ascendiendo a la Liga Guerreras Iberdrola once a\u00f1os despu\u00e9s<\/strong>.<\/p>\n<p class=\"ft-text\"><strong>En su primera incursi\u00f3n en la DHF, durante la temporada 2024\/25, el club se salv\u00f3 \u2018in extremis\u2019 <\/strong>a pesar de las llegadas de las jugadoras asentadas en la m\u00e1xima divisi\u00f3n. <strong>A falta de tres meses para acabar la competici\u00f3n, Vanesa Amor\u00f3s dej\u00f3 el banquillo a manos de Jos\u00e9 Ignacio Prades<\/strong>. La llegada de Prades al polideportivo Ciudad de Elda Florentino Ib\u00e1\u00f1ez fue el revulsivo que necesitaban las jugadoras para poder mejorar su juego y mantener la categor\u00eda.<\/p>\n<p class=\"ft-text\"><strong>De momento, la temporada 2025\/2026<\/strong>, de la que se han disputado dos jornadas hasta el momento, ha arrancado con un <strong>triunfo, en la jornada inaugural en el duelo en casa ante el Morvedre (32-24), y la derrota en el potente feudo del Costa del Sol M\u00e1laga (28-24).<\/strong><\/p>\n<p><img decoding=\"async\" src=\"https:\/\/www.europesays.com\/es\/wp-content\/uploads\/2025\/09\/81d86a13-f98a-44d5-9287-8a39d7f7eeb6_alta-libre-aspect-ratio_default_0.jpg\" width=\"1200\" height=\"800\" alt=\"Las jugadoras del banquillo animan a sus compa\u00f1eras. Jos\u00e9 Ignacio Prades, atento al juego de su equipo.\" class=\"ft-helper-img-rd\" loading=\"lazy\" hasdataaida=\"true\"\/><\/p>\n<p class=\"ft-helper-fontColor-quaternary ft-helper-fontSize-body-S ft-helper-spacer-t-xxs\">Las jugadoras del banquillo animan a sus compa\u00f1eras. Jos\u00e9 Ignacio Prades, atento al juego de su equipo.  \/ ELDA PRESTIGIO<\/p>\n<p class=\"ft-text\">La presente plantilla cuenta con nombres consolidados como los de <strong>Meriem Ezbida, Virginia Fern\u00e1ndez, Luc\u00eda Garc\u00eda o Elena Cuadrado<\/strong>, a los que se suman otros prometedores como <strong>Emi Heilmann, Malena Valles, Maddi Bengoetxea, Marina Gonz\u00e1lez, Celia Guilabert <\/strong>o la jovenc\u00edsima <strong>J\u00falia Terrado. Claudia Mart\u00ednez, Mar\u00eda Rodr\u00edguez, Aitana Pastor, Paula Lluch, Agda Rafaela, Graci Duque, Lora Sarandeva y Sol Azcune<\/strong> tambi\u00e9n siguen en las filas eldenses, a las que tambi\u00e9n se han incorporado desde la base del Elda Prestigio las jugadoras <strong>Luna Villaescusa y Anastasia Hvozd.<\/strong> Por contra, ha habido <strong>dos bajas Sof\u00eda Rivadeneira y Joana Bolling, adem\u00e1s de una emotiva despedida de Bea Escribano<\/strong>.<\/p>\n<p class=\"ft-text\">\u201cEl proyecto del club es fortalecer la base y afianzar los patrocinios para poder mantenerlo en Primera categor\u00eda y hacer un proyecto deportivo fuerte con grandes entrenadores y entrenadoras en el primer equipo y en la base\u201d, se\u00f1ala el presidente, para a\u00f1adir que los objetivos presentes y futuros del club son \u201cestabilidad econ\u00f3mica con la b\u00fasqueda constante de patrocinios , mantener el equilibrio con la aportaci\u00f3n de muchas chicas de la base al primer equipo, por supuesto mantener el primer equipo en zona m\u00e1s tranquila de la tabla y por todos los medios intentar evitar el play down esta temporada . Pelearemos con todas la fuerzas para ello\u201d.<\/p>\n<p>El palmar\u00e9s de este gigante hist\u00f3rico<\/p>\n<p class=\"ft-text\">Con<strong> 22 temporadas en la m\u00e1xima categor\u00eda<\/strong>, el Elda es un gigante hist\u00f3rico. <strong>Su irrupci\u00f3n a finales de los 90 rompi\u00f3 la hegemon\u00eda de otros clubes, creando un nuevo polo de poder.<\/strong> Pero <strong>su legado m\u00e1s singular en el siglo XXI es su propia supervivencia<\/strong>. En un <strong>contexto donde la crisis econ\u00f3mica barri\u00f3 a muchos clubes hist\u00f3ricos<\/strong>, <strong>la tenacidad del Elda para resistir, negarse a desaparecer y volver a la \u00e9lite lo convierte en un faro de resiliencia para todo el deporte espa\u00f1ol.<\/strong><\/p>\n<p class=\"ft-text\">A lo largo de sus historia, el club <strong>ha ganado cuatro Ligas<\/strong> (1998\/99, 2002\/03, 2003\/04, 2007\/08), siendo el quinto club de Espa\u00f1a con m\u00e1s t\u00edtulos (el segundo club en activo m\u00e1s laureado por detr\u00e1s del Super Amara Bera Bera.), y <strong>dos Copas de la Reina<\/strong> (2001\/02, 2004\/05), <strong>dos Supercopas de Espa\u00f1a<\/strong> ( 2004\/2005 y 2008\/2009), <strong>un t\u00edtulo de Copa ABF<\/strong> (2004\/2005). Y en competici\u00f3n europea lleg\u00f3 a los <strong>octavos de final de la Champions League femenina<\/strong> (1999\/2000), a las <strong>semifinales de la Recopa Europea<\/strong> (2001\/2002) y a<strong> la final de la EHF European Cup <\/strong>( 2009\/2010).<\/p>\n<p><img decoding=\"async\" src=\"https:\/\/www.europesays.com\/es\/wp-content\/uploads\/2025\/09\/b3db897f-6bdf-4206-8f48-8c94e57100ee_alta-libre-aspect-ratio_default_0.jpg\" width=\"1200\" height=\"800\" alt=\"Exposici\u00f3n de alguno de los trofeos ganados por el Elda Prestigio.\" class=\"ft-helper-img-rd\" loading=\"lazy\" hasdataaida=\"true\"\/><\/p>\n<p class=\"ft-helper-fontColor-quaternary ft-helper-fontSize-body-S ft-helper-spacer-t-xxs\">Exposici\u00f3n de alguno de los trofeos ganados por el Elda Prestigio.  \/ ELDA PRESTIGIO<\/p>\n<p class=\"ft-text\"><strong>Diana Box Alonso estuvo presente en las cuatro finales<\/strong> que culminaron con los cuatro t\u00edtulos ligueros,<strong> con \u00c1ngel Sandoval Quesada en el banquillo de todas ellas<\/strong> y con <strong>Susana Fraile Celaya en la plantilla de los cuatro equipos campeones.<\/strong><\/p>\n<p>Entrevista a Jos\u00e9 Ignacio Prades<\/p>\n<p><strong>\u00bfQu\u00e9 ha cambiado en el equipo tras su llegada al banquillo al final de la pasada campa\u00f1a?<\/strong><\/p>\n<p>Quiz\u00e1s no sea yo quien deba contestar esa pregunta, pero lo que s\u00ed puedo asegurarte es que hemos intentado darle nuestra impronta, muchas horas de trabajo y una idea muy clara de c\u00f3mo queremos jugar y c\u00f3mo queremos actuar. <strong>La disciplina t\u00e1ctica es un valor fundamental que estamos intentando asentar<\/strong>.<\/p>\n<p><strong>&#8211; \u00bfC\u00f3mo valora la plantilla actual, sus puntos fuertes, alguna debilidad?<\/strong><\/p>\n<p>La verdad es que tenemos una plantilla amplia, con multitud de posibilidades y combinaciones, lo que nos facilita el que podamos trabajar en buenas condiciones y con una alta calidad en el trabajo diario; sin embargo dir\u00eda que este amplio abanico de posibilidades nos puede llevar a que esa combinaci\u00f3n perfecta y esa sinergia entre el grupo tardemos algo m\u00e1s en encontrarla, pero <strong>estoy muy contento con las chicas y con la predisposici\u00f3n que est\u00e1n mostrando ante el trabajo y la competencia que ahora es mayor<\/strong>.<\/p>\n<p><strong>\u00bfC\u00f3mo prepara los partidos?<\/strong><\/p>\n<p>Pues intentamos realizar la preparaci\u00f3n de partido de manera minuciosa y contemplando todas las alternativas y opciones que nos podemos encontrar; <strong>desde el inicio de semana trabajamos tanto en la mejora individual como en la colectiva sin dejar de pensar en el rival del fin de semana<\/strong> para intentar corregir errores y adecuarnos a su manera de trabajar para competirles de la mejor manera posible.<\/p>\n<p><strong>&#8211; \u00bfPapel de la cantera?<\/strong><\/p>\n<p><strong>En este club es un valor innegociable<\/strong> actualmente y desde hace a\u00f1os atr\u00e1s cuando tuvo que sobrevivir a la crisis; existe un buen trabajo por parte del club y sus entrenadores en las categor\u00edas de base y debemos estar contentos y sentirnos orgullosos que <strong>de las 20 jugadoras que forman parte de la primera plantilla 7 de ellas provengan de nuestra cantera<\/strong>.<\/p>\n<p><strong>&#8211; \u00bfObjetivos del equipo en la presente temporada?<\/strong><\/p>\n<p>Bueno lo cierto es que nos gustar\u00eda dar un paso adelante con respecto a las temporadas pasadas y, en ese caso, <strong>nuestro objetivo pasa por intentar eludir el play down<\/strong>, aunque sabemos de la dificultad que ello conlleva; por un lado porque hay mucha igualdad en la zona media baja de la tabla y tambi\u00e9n porque los reci\u00e9n ascendidos se han reforzado bien, con lo cual va a ser una pelea muy bonita hasta el final.<\/p>\n<p><strong>&#8211; Va a compaginar su labor en el banquillo del Elda Prestigio con la de seleccionador de Serbia, \u00bfc\u00f3mo plantea esta situaci\u00f3n?<\/strong><\/p>\n<p>Aunque pueda parecer una situaci\u00f3n at\u00edpica o anormal tengo la suerte de haberla vivido ya y sinceramente la recuerdo con gran satisfacci\u00f3n y con mucho cari\u00f1o; tengo un recuerdo muy bonito de compaginar mi rol en la selecci\u00f3n espa\u00f1ola con el del club&#8230;.eso s\u00ed, las semanas internacionales se redobla el trabajo pero a los que nos encanta y disfrutamos con nuestro trabajo no se nos hace cuesta arriba. Tambi\u00e9n es importante rodearse de un gran grupo de trabajo, tanto humano como a nivel profesional ya que delegar y compartir con tu staff ayuda a que el ambiente sea magnifico entre todos y tambi\u00e9n a que nos sintamos que podemos abarcar todo y no se nos escapa nada con la ayuda del cuerpo t\u00e9cnico.<\/p>\n<p>Internacionalidades recientes<\/p>\n","protected":false},"excerpt":{"rendered":"Corr\u00eda el a\u00f1o 1985 cuando desde el Ayuntamiento de Elda se foment\u00f3 la creaci\u00f3n de un club femenino&hellip;\n","protected":false},"author":2,"featured_media":109830,"comment_status":"","ping_status":"","sticky":false,"template":"","format":"standard","meta":{"footnotes":""},"categories":[278],"tags":[37643,376,1798,7524,168,22185,24502,25,24,375,37642,24500,8055,23,167],"class_list":{"0":"post-109829","1":"post","2":"type-post","3":"status-publish","4":"format-standard","5":"has-post-thumbnail","7":"category-balonmano","8":"tag-a-desaparecer","9":"tag-balonmano","10":"tag-club","11":"tag-comunitat-de-l","12":"tag-deportes","13":"tag-elda","14":"tag-elda-prestigio","15":"tag-es","16":"tag-espana","17":"tag-handball","18":"tag-nego","19":"tag-prestigio","20":"tag-renacer","21":"tag-spain","22":"tag-sports"},"share_on_mastodon":{"url":"","error":""},"_links":{"self":[{"href":"https:\/\/www.europesays.com\/es\/wp-json\/wp\/v2\/posts\/109829","targetHints":{"allow":["GET"]}}],"collection":[{"href":"https:\/\/www.europesays.com\/es\/wp-json\/wp\/v2\/posts"}],"about":[{"href":"https:\/\/www.europesays.com\/es\/wp-json\/wp\/v2\/types\/post"}],"author":[{"embeddable":true,"href":"https:\/\/www.europesays.com\/es\/wp-json\/wp\/v2\/users\/2"}],"replies":[{"embeddable":true,"href":"https:\/\/www.europesays.com\/es\/wp-json\/wp\/v2\/comments?post=109829"}],"version-history":[{"count":0,"href":"https:\/\/www.europesays.com\/es\/wp-json\/wp\/v2\/posts\/109829\/revisions"}],"wp:featuredmedia":[{"embeddable":true,"href":"https:\/\/www.europesays.com\/es\/wp-json\/wp\/v2\/media\/109830"}],"wp:attachment":[{"href":"https:\/\/www.europesays.com\/es\/wp-json\/wp\/v2\/media?parent=109829"}],"wp:term":[{"taxonomy":"category","embeddable":true,"href":"https:\/\/www.europesays.com\/es\/wp-json\/wp\/v2\/categories?post=109829"},{"taxonomy":"post_tag","embeddable":true,"href":"https:\/\/www.europesays.com\/es\/wp-json\/wp\/v2\/tags?post=109829"}],"curies":[{"name":"wp","href":"https:\/\/api.w.org\/{rel}","templated":true}]}}