{"id":109831,"date":"2025-09-12T10:38:08","date_gmt":"2025-09-12T10:38:08","guid":{"rendered":"https:\/\/www.europesays.com\/es\/109831\/"},"modified":"2025-09-12T10:38:08","modified_gmt":"2025-09-12T10:38:08","slug":"salida-a-hombros-en-almonacid-de-garibay-robledo-arias-samper-y-el-ganadero-de-dehesa-de-guadarrama","status":"publish","type":"post","link":"https:\/\/www.europesays.com\/es\/109831\/","title":{"rendered":"Salida a hombros en Almonacid de Garibay, Robledo, Arias Samper y el ganadero de Dehesa de Guadarrama"},"content":{"rendered":"<p><strong>Con una actuaci\u00f3n plena de temple, serenidad y actitud torera, Garibay conquist\u00f3 al p\u00fablico almonacile\u00f1o <\/strong><\/p>\n<p>La Plaza de Toros La Coqueta volvi\u00f3 a vibrar con la fiesta taurina en la semifinal almonacile\u00f1a del certamen Guadalajara Busca Torero, una tarde que confirm\u00f3 la afici\u00f3n al toro de la villa alcarre\u00f1a y su fidelidad a una tradici\u00f3n viva desde hace d\u00e9cadas. Con media entrada y el tendido de sombra lleno, se lidiaron cuatro erales de la Dehesa de Guadarrama que dieron juego y propiciaron un gran espect\u00e1culo. El resultado fue inmejorable, con tres orejas para Jacob Robledo, cuatro para Ignacio Garibay y dos para el sobresaliente, Arias Samper, con salida a hombros de los tres espadas y del ganadero, Felipe Garrigues.<\/p>\n<p>La Coqueta, inaugurada el 11 de septiembre de 1986 por el rejoneador Manuel Vidri\u00e9, es ya un referente en la provincia. Entre sus p\u00e1ginas memorables figura la labor de Victorino Mart\u00edn Andr\u00e9s, quien fue asesor taurino de la plaza, precisamente en 1986. Su hijo, Victorino Mart\u00edn Garc\u00eda, protagoniz\u00f3 este mismo a\u00f1o las Jornadas Taurinas de Almonacid de la mano del actual asesor taurino y gran valedor de la fiesta en la villa alcarre\u00f1a, Pedro Antonio Ca\u00f1adillas.<\/p>\n<p>Presidi\u00f3 la novillada el alcalde de Almonacid, Jos\u00e9 Miguel L\u00f3pez, y abri\u00f3 plaza Jacob Robledo, vestido de grana y oro, con \u201cZorro\u201d, n\u00famero 25, colorado. El novillo exig\u00eda firmeza y mando, con tendencia a derrotar al final de cada muletazo. Robledo se mostr\u00f3 solvente desde el inicio con ver\u00f3nicas y un brillante quite por chicuelinas. Con la muleta entendi\u00f3 mejor el pit\u00f3n derecho, bajando la mano y templando, hasta lograr una estocada que finiquit\u00f3 al animal pese a que \u00e9ste intent\u00f3 tragarse su muerte levant\u00e1ndose, tras un pinchazo previo. Dos orejas de peso cayeron en manos del chaval.<\/p>\n<p>Su segundo, \u201cMartil\u201d, n\u00famero 21, casta\u00f1o, result\u00f3 a\u00fan m\u00e1s complicado. Prob\u00f3n, mir\u00f3n y reserv\u00f3n, exigi\u00f3 valor y paciencia. Robledo, muy firme, logr\u00f3 imponerse, aprovechando el pit\u00f3n derecho y soportando las dificultades por el izquierdo. La faena tuvo emoci\u00f3n y verdad, rubricada con una buena estocada que le vali\u00f3 otra oreja. Tres en total para el joven de la Escuela de Tauromaquia CITAR, natural de Aguascalientes (M\u00e9xico). \u201cEs una ilusi\u00f3n que me inculcaron mi padre y mi abuelo. Hoy me he sentido acogido por esta afici\u00f3n y muy contento de haber podido cortar las orejas en una plaza con tanta historia\u201d, se\u00f1al\u00f3 Robledo.<\/p>\n<p>El turno de Ignacio Garibay, de azul y oro, comenz\u00f3 con \u201cIdealisto\u201d, n\u00famero 9, negro mulato. El eral mostr\u00f3 nobleza inicial, pero se complic\u00f3 al transcurrir la faena, soltando la cara y qued\u00e1ndose corto por el derecho. Garibay lo entendi\u00f3 con serenidad, aprovechando mejor el pit\u00f3n izquierdo, y construy\u00f3 una faena medida y solvente, rubricada con una estocada entera que le vali\u00f3 las dos orejas.<\/p>\n<p>El cuarto de la tarde, \u201cSacrist\u00eda\u201d, n\u00famero 30, casta\u00f1o, ofreci\u00f3 menos humillaci\u00f3n y ped\u00eda mando. Garibay se entreg\u00f3 en cuerpo y alma, transmitiendo a los tendidos su disposici\u00f3n y temple. Conect\u00f3 con el p\u00fablico gracias a su actitud y su capacidad de estructurar la faena con inteligencia, logrando otros dos trofeos. \u201cLo m\u00e1s bonito es emocionar al p\u00fablico. Este novillo me permiti\u00f3 mostrar lo que llevo dentro y sentirme muy a gusto. Este certamen tiene categor\u00eda y orgullo para todos los que participamos en \u00e9l\u201d, se\u00f1al\u00f3 Garibay, alumno de la Escuela de Tauromaquia \u201cJos\u00e9 Cubero Yiyo\u201d de Madrid y originario de Ciudad de M\u00e9xico.<\/p>\n<p>El buen ambiente en la plaza y la calidad del ganado animaron a la presidencia a ordenar la salida de un sobrero: \u201cCiruelo\u201d, n\u00famero 29, negro, de la ganader\u00eda de Ana Isabel Vicente Garc\u00eda. El novillero ecuatoriano Arias Samper, sobresaliente de la tarde, lo lidi\u00f3 con entrega y variedad, destacando en ver\u00f3nicas, naturales y derechazos. La estocada definitiva le permiti\u00f3 cortar dos orejas y dar la vuelta al ruedo, besando al novillo en se\u00f1al de respeto. \u201cTorear en Almonacid es sentirme en casa. Esta gente me ha arropado siempre y salir a hombros de La Coqueta es un sue\u00f1o cumplido\u201d, declar\u00f3 tras el festejo.<\/p>\n<p>El balance final coron\u00f3 la tarde con la salida a hombros de Robledo, Garibay \u2014triunfador de la tarde\u2014, Arias Samper y el ganadero Felipe Garrigues, en reconocimiento a la bravura de la Dehesa de Guadarrama. Cinco estocadas certeras, tan solo un pinchazo en toda la tarde, y el ambiente festivo que acompa\u00f1\u00f3 el pase\u00edllo con la m\u00fasica de la charanga Los Maniseros, de Almoguera, rubricaron una jornada para el recuerdo.<\/p>\n<p>Almonacid de Zorita reafirm\u00f3 as\u00ed su lugar en el calendario taurino provincial, en el marco de la d\u00e9cima edici\u00f3n de Guadalajara Busca Torero, un certamen que cada a\u00f1o da nuevas oportunidades a los j\u00f3venes valores de la tauromaquia y que sigue proyectando la afici\u00f3n de Guadalajara como una de las m\u00e1s vivas de Espa\u00f1a.<\/p>\n<p>\u00a0<\/p>\n","protected":false},"excerpt":{"rendered":"Con una actuaci\u00f3n plena de temple, serenidad y actitud torera, Garibay conquist\u00f3 al p\u00fablico almonacile\u00f1o La Plaza de&hellip;\n","protected":false},"author":2,"featured_media":109832,"comment_status":"","ping_status":"","sticky":false,"template":"","format":"standard","meta":{"footnotes":""},"categories":[277],"tags":[10605,7713,4641,380,37648,37646,373,37649,24171,18125,37647,3008,19912,168,420,25,24,2328,21325,1783,1386,5670,1421,16388,37645,23,167,600,37644,374,31192,444,20877,12376,24632,1511],"class_list":{"0":"post-109831","1":"post","2":"type-post","3":"status-publish","4":"format-standard","5":"has-post-thumbnail","7":"category-toreo","8":"tag-a","9":"tag-actitud","10":"tag-actuacion","11":"tag-al","12":"tag-almonacilena","13":"tag-almonacileno","14":"tag-bullfighting","15":"tag-certa","16":"tag-con","17":"tag-conquisto","18":"tag-coqueta","19":"tag-de","20":"tag-del","21":"tag-deportes","22":"tag-en","23":"tag-es","24":"tag-espana","25":"tag-fiesta","26":"tag-garibay","27":"tag-la","28":"tag-plaza","29":"tag-plena","30":"tag-publico","31":"tag-semifinal","32":"tag-serenidad","33":"tag-spain","34":"tag-sports","35":"tag-taurina","36":"tag-temple","37":"tag-toreo","38":"tag-torera","39":"tag-toros","40":"tag-una","41":"tag-vibrar","42":"tag-volvio","43":"tag-y"},"share_on_mastodon":{"url":"","error":""},"_links":{"self":[{"href":"https:\/\/www.europesays.com\/es\/wp-json\/wp\/v2\/posts\/109831","targetHints":{"allow":["GET"]}}],"collection":[{"href":"https:\/\/www.europesays.com\/es\/wp-json\/wp\/v2\/posts"}],"about":[{"href":"https:\/\/www.europesays.com\/es\/wp-json\/wp\/v2\/types\/post"}],"author":[{"embeddable":true,"href":"https:\/\/www.europesays.com\/es\/wp-json\/wp\/v2\/users\/2"}],"replies":[{"embeddable":true,"href":"https:\/\/www.europesays.com\/es\/wp-json\/wp\/v2\/comments?post=109831"}],"version-history":[{"count":0,"href":"https:\/\/www.europesays.com\/es\/wp-json\/wp\/v2\/posts\/109831\/revisions"}],"wp:featuredmedia":[{"embeddable":true,"href":"https:\/\/www.europesays.com\/es\/wp-json\/wp\/v2\/media\/109832"}],"wp:attachment":[{"href":"https:\/\/www.europesays.com\/es\/wp-json\/wp\/v2\/media?parent=109831"}],"wp:term":[{"taxonomy":"category","embeddable":true,"href":"https:\/\/www.europesays.com\/es\/wp-json\/wp\/v2\/categories?post=109831"},{"taxonomy":"post_tag","embeddable":true,"href":"https:\/\/www.europesays.com\/es\/wp-json\/wp\/v2\/tags?post=109831"}],"curies":[{"name":"wp","href":"https:\/\/api.w.org\/{rel}","templated":true}]}}