{"id":109833,"date":"2025-09-12T10:41:09","date_gmt":"2025-09-12T10:41:09","guid":{"rendered":"https:\/\/www.europesays.com\/es\/109833\/"},"modified":"2025-09-12T10:41:09","modified_gmt":"2025-09-12T10:41:09","slug":"por-que-no-juega-carlos-alcaraz-la-copa-davis","status":"publish","type":"post","link":"https:\/\/www.europesays.com\/es\/109833\/","title":{"rendered":"\u00bfPor qu\u00e9 no juega Carlos Alcaraz la Copa Davis?"},"content":{"rendered":"<p>La selecci\u00f3n espa\u00f1ola de tenis afrontar\u00e1 la eliminatoria de la <a href=\"https:\/\/okdiario.com\/noticias\/copa-davis\/\" rel=\"nofollow noopener\" target=\"_blank\"><strong>Copa Davis<\/strong><\/a> ante <strong>Dinamarca<\/strong> este pr\u00f3ximo 13 y 14 de septiembre en Marbella, sin su gran referente, <a href=\"https:\/\/okdiario.com\/noticias\/carlos-alcaraz\/\" rel=\"nofollow noopener\" target=\"_blank\"><strong>Carlos<\/strong> <strong>Alcaraz<\/strong><\/a>. El murciano, <a href=\"https:\/\/okdiario.com\/deportes\/doble-victoria-alcaraz-recupera-numero-uno-del-mundo-dos-anos-despues-15369713\" rel=\"nofollow noopener\" target=\"_blank\">flamante n\u00famero uno del mundo<\/a> tras conquistar por segunda vez el <a href=\"https:\/\/okdiario.com\/deportes\/alcaraz-funde-sinner-us-open-reconquistar-trono-del-tenis-15369808\" rel=\"nofollow noopener\" target=\"_blank\"><strong>US<\/strong> <strong>Open <\/strong><\/a>en su duelo ante <a href=\"https:\/\/okdiario.com\/deportes\/alcaraz-sinner-genial-compartir-esto-contigo-te-veo-mas-que-familia-15370650\" rel=\"nofollow noopener\" target=\"_blank\"><strong>Jannik Sinner<\/strong><\/a>, <a href=\"https:\/\/okdiario.com\/deportes\/alcaraz-prioriza-descanso-despues-del-us-open-no-jugara-copa-davis-espana-15370980\" rel=\"nofollow noopener\" target=\"_blank\">confirm\u00f3 este domingo su ausencia<\/a> apenas unas horas despu\u00e9s de levantar el trofeo en Nueva York.<\/p>\n<p>El calendario del tenista de <strong>El<\/strong> <strong>Palmar<\/strong> ha sido especialmente intenso en las \u00faltimas semanas. Tras disputar seis partidos en el<strong> Masters 1.000 de Cincinnati<\/strong>, donde tambi\u00e9n se proclam\u00f3 campe\u00f3n, y participar en un encuentro del minitorneo de dobles mixto del Grand Slam neoyorquino junto a Emma Raducanu, afront\u00f3 siete duelos m\u00e1s en Flushing Meadows hasta coronarse de nuevo en el <strong>Abierto de Estados Unidos<\/strong>. En total, <strong>Alcaraz<\/strong> suma 67 partidos en 2025, con 61 victorias, una carga competitiva que ha sido determinante en su decisi\u00f3n.<\/p>\n<p>Adem\u00e1s del desgaste f\u00edsico y mental, el cambio de superficie ha influido en su planificaci\u00f3n. La serie contra <strong>Dinamarca<\/strong> se jugar\u00e1 sobre <strong>arcilla<\/strong> en el <strong>Club Puente Romano de Marbella<\/strong>, mientras que el murciano prepara su pr\u00f3xima gira en pista dura. De hecho, tras participar del 19 al 21 de septiembre en la <strong>Laver<\/strong> <strong>Cup<\/strong> en San Francisco como integrante del equipo europeo, debutar\u00e1 en Jap\u00f3n en el <strong>ATP 500 de Tokio<\/strong> (24 al 30 de septiembre), sustituyendo en su calendario al torneo de Pek\u00edn, donde fue campe\u00f3n en 2024.<\/p>\n<p><a href=\"https:\/\/okdiario.com\/deportes\/alcaraz-alcanza-madurez-15370900\" rel=\"nofollow noopener\" target=\"_blank\"><strong>Carlos Alcaraz<\/strong><\/a> explic\u00f3 abiertamente los motivos de su renuncia a la <strong>Copa Davis<\/strong> en la Cadena Ser: \u00abMe sabe muy mal, pero llevo una gira muy exigente, tanto mental como f\u00edsicamente, con muchos partidos y no tengo tiempo para llegar a casa y prepararme de la mejor manera posible para la Copa Davis. Creo que ser\u00eda demasiado ego\u00edsta y otros jugadores pueden hacerlo mejor que yo. Necesito descanso para afrontar lo que queda de temporada y, sobre todo, estar tranquilo mentalmente para asimilar todo lo conseguido en esta gira\u00bb.<\/p>\n<p>La <a href=\"https:\/\/www.rfet.es\" rel=\"nofollow noopener\" target=\"_blank\"><strong>Real Federaci\u00f3n Espa\u00f1ola de Tenis (RFET)<\/strong><\/a> anunci\u00f3 este lunes que tampoco podr\u00e1 contar con <strong>Alejandro<\/strong> <strong>Davidovich<\/strong>, llamado a liderar al equipo en ausencia de <a href=\"https:\/\/okdiario.com\/deportes\/mundo-rinde-alcaraz-rey-nueva-york-15370973\" rel=\"nofollow noopener\" target=\"_blank\"><strong>Alcaraz<\/strong><\/a>. El malague\u00f1o ha renunciado por cansancio y un calendario muy cargado, dejando a Espa\u00f1a sin sus dos principales referentes para esta eliminatoria de clasificaci\u00f3n para las Finales de la <strong>Copa<\/strong> <strong>Davis<\/strong>, que se celebrar\u00e1n en noviembre en Bolonia (Italia).<\/p>\n<p>Sin <a href=\"https:\/\/okdiario.com\/deportes\/alcaraz-ya-mejora-nadal-15370758\" rel=\"nofollow noopener\" target=\"_blank\"><strong>Alcaraz<\/strong><\/a> ni <strong>Davidovich<\/strong>, el capit\u00e1n <strong>David<\/strong> <strong>Ferrer<\/strong> ha configurado un equipo liderado por <strong>Jaume<\/strong> <strong>Munar<\/strong>, en su mejor momento deportivo tras alcanzar por primera vez los octavos de final en un Grand Slam y situarse en el puesto 37 del ranking ATP. <strong>Munar<\/strong> estar\u00e1 acompa\u00f1ado por <strong>Pedro<\/strong> <strong>Mart\u00ednez<\/strong>, <strong>Roberto<\/strong> <strong>Carball\u00e9s<\/strong> y <strong>Pablo<\/strong> <strong>Carre\u00f1o<\/strong>, que regresa al combinado nacional y aporta su experiencia como medallista ol\u00edmpico.<\/p>\n<p>La nota positiva es la inclusi\u00f3n de <strong>Marcel<\/strong> <strong>Granollers<\/strong>, campe\u00f3n del <strong>US<\/strong> <strong>Open<\/strong> en dobles junto al argentino <strong>Horacio<\/strong> <strong>Zeballos<\/strong>. El doblista catal\u00e1n, que arrastraba problemas en un tobillo, ha superado las pruebas m\u00e9dicas previstas en Barcelona y ser\u00e1 pieza clave para asegurar el punto del dobles. Los integrantes del equipo espa\u00f1ol llegar\u00e1n a Marbella el martes para iniciar los entrenamientos en el Club Puente Romano.<\/p>\n","protected":false},"excerpt":{"rendered":"La selecci\u00f3n espa\u00f1ola de tenis afrontar\u00e1 la eliminatoria de la Copa Davis ante Dinamarca este pr\u00f3ximo 13 y&hellip;\n","protected":false},"author":2,"featured_media":109834,"comment_status":"","ping_status":"","sticky":false,"template":"","format":"standard","meta":{"footnotes":""},"categories":[274],"tags":[168,25,24,23,167,327,326],"class_list":{"0":"post-109833","1":"post","2":"type-post","3":"status-publish","4":"format-standard","5":"has-post-thumbnail","7":"category-tenis","8":"tag-deportes","9":"tag-es","10":"tag-espana","11":"tag-spain","12":"tag-sports","13":"tag-tenis","14":"tag-tennis"},"share_on_mastodon":{"url":"","error":""},"_links":{"self":[{"href":"https:\/\/www.europesays.com\/es\/wp-json\/wp\/v2\/posts\/109833","targetHints":{"allow":["GET"]}}],"collection":[{"href":"https:\/\/www.europesays.com\/es\/wp-json\/wp\/v2\/posts"}],"about":[{"href":"https:\/\/www.europesays.com\/es\/wp-json\/wp\/v2\/types\/post"}],"author":[{"embeddable":true,"href":"https:\/\/www.europesays.com\/es\/wp-json\/wp\/v2\/users\/2"}],"replies":[{"embeddable":true,"href":"https:\/\/www.europesays.com\/es\/wp-json\/wp\/v2\/comments?post=109833"}],"version-history":[{"count":0,"href":"https:\/\/www.europesays.com\/es\/wp-json\/wp\/v2\/posts\/109833\/revisions"}],"wp:featuredmedia":[{"embeddable":true,"href":"https:\/\/www.europesays.com\/es\/wp-json\/wp\/v2\/media\/109834"}],"wp:attachment":[{"href":"https:\/\/www.europesays.com\/es\/wp-json\/wp\/v2\/media?parent=109833"}],"wp:term":[{"taxonomy":"category","embeddable":true,"href":"https:\/\/www.europesays.com\/es\/wp-json\/wp\/v2\/categories?post=109833"},{"taxonomy":"post_tag","embeddable":true,"href":"https:\/\/www.europesays.com\/es\/wp-json\/wp\/v2\/tags?post=109833"}],"curies":[{"name":"wp","href":"https:\/\/api.w.org\/{rel}","templated":true}]}}