{"id":109851,"date":"2025-09-12T10:50:09","date_gmt":"2025-09-12T10:50:09","guid":{"rendered":"https:\/\/www.europesays.com\/es\/109851\/"},"modified":"2025-09-12T10:50:09","modified_gmt":"2025-09-12T10:50:09","slug":"cuando-el-rock-se-puso-triste","status":"publish","type":"post","link":"https:\/\/www.europesays.com\/es\/109851\/","title":{"rendered":"Cuando el rock se puso triste"},"content":{"rendered":"<p><img decoding=\"async\" class=\"voc-author__img\" src=\"https:\/\/www.europesays.com\/es\/wp-content\/uploads\/2025\/07\/autor-1610-foto-3.jpeg\" alt=\"Nacho Serrano\"\/><\/p>\n<p>12\/09\/2025<br \/>\n<br \/><strong><br \/>\nActualizado a las 12:37h.<br \/>\n<\/strong><\/p>\n<p class=\"voc-p\" style=\"\">A la altura de 1975, <a href=\"https:\/\/www.abc.es\/noticias\/pink-floyd\/\" target=\"_blank\" data-voc-vtm-id=\"in-text-traffic\" title=\"Pink Floyd\" data-mrf-link=\"www.abc.es\" rel=\"nofollow noopener\">Pink Floyd<\/a> hab\u00edan detonado varias revoluciones en el rock y se hab\u00edan dejado llevar por la onda expansiva de otras tantas. Psicod\u00e9lico, progresivo, electr\u00f3nico, experimental, sinf\u00f3nico, espacial, filos\u00f3fico&#8230; El rock de sus ocho primeros \u00e1lbumes adopt\u00f3 todos esos apellidos, por separado o juntos y revueltos, y el noveno a\u00f1adi\u00f3 otro m\u00e1s. <strong>&#8216;Wish you were here&#8217;<\/strong> es rock melanc\u00f3lico, triste. Abrumadora e ins\u00f3litamente triste.<\/p>\n<p class=\"voc-p\" style=\"\"><a href=\"https:\/\/www.abc.es\/cultura\/pink-floyd-vuelve-roger-waters-david-gilmour-20250731184834-nt.html\" data-voc-vtm-id=\"in-text-traffic\" title=\"David Gilmour\" rel=\"nofollow noopener\" target=\"_blank\">David Gilmour<\/a>, Nick Mason, Roger Waters y Richard Wright ten\u00edan razones para estarlo. Hab\u00edan descubierto por las malas las presiones de la industria, la camarader\u00eda de los viejos tiempos hab\u00eda desaparecido, y el sentimiento de p\u00e9rdida, e incluso de culpa arrastrado durante siete a\u00f1os por el despido del \u00e1ngel fundador del grupo, <strong>Syd Barrett<\/strong>, dej\u00f3 de ser un malestar latente para materializarse en un fantasma de las navidades pasadas que se les plant\u00f3 en toda la cara.<\/p>\n<p class=\"voc-p\" style=\"\">Varios de ellos hab\u00edan tirado cuerdas para rescatar a Barrett del abismo lis\u00e9rgico al que se hab\u00eda precipitado, incluso le ayudaron con sus proyectos discogr\u00e1ficos en solitario, pero todav\u00eda pesaba aquel d\u00eda en que, yendo de camino al local de ensayo con la furgoneta, decidieron no parar en su casa para recogerle. Fue un final demasiado <strong>cruel e injusto <\/strong>para el taumaturgo de la psicodelia que les abri\u00f3 las puertas de la gloria, aunque tambi\u00e9n fue un final inevitable. Qu\u00e9 pod\u00edan haber hecho ellos para evitarlo. Pero as\u00ed funciona la culpa.<\/p>\n<p class=\"voc-p\" style=\"\">La nostalgia por su viejo amigo inund\u00f3 el trabajo de composici\u00f3n hasta el punto de que 32 de los 44 minutos del \u00e1lbum estaban dedicados a \u00e9l: los cinco del tema titular, m\u00e1s los 26 de <a href=\"https:\/\/www.abc.es\/cultura\/musica\/abci-pink-floyd-resucita-pompeya-201607082212_noticia.html\" target=\"_blank\" data-voc-vtm-id=\"in-text-traffic\" title=\"&#039;Shine on you crazy diamond&#039;\" data-mrf-link=\"www.abc.es\" rel=\"nofollow noopener\">&#8216;Shine on you crazy diamond&#8217;<\/a>, una canci\u00f3n que al principio estaba pensada para ocupar toda una cara del elep\u00e9, pero que finalmente fue dividida en dos piezas colocadas al principio y al final del mismo.<\/p>\n<p>\nL\u00e1grimas por Barrett\n<\/p>\n<p class=\"voc-p\" style=\"\">La creaci\u00f3n de aquella suite de nueve partes les depar\u00f3 una brutal jugada del destino cuando lleg\u00f3 a su punto culminante, la fase de mezclas. El cuarteto estaba en la sala de mandos, atento a cada milisegundo de m\u00fasica para dar con el sonido que buscaba, cuando de pronto entr\u00f3 un tipo calvo, bastante gordo y, lo m\u00e1s llamativo, con las cejas afeitadas. Tom\u00f3 asiento y se qued\u00f3 observando. Todos pensaron durante un momento que ser\u00eda alg\u00fan friki de su compa\u00f1\u00eda discogr\u00e1fica, pero a los pocos segundos se dieron cuenta de que no hab\u00edan reconocido a su compa\u00f1ero y el coraz\u00f3n les dio un vuelco. <strong>Quedaron horrorizados por el declive f\u00edsico de Barrett<\/strong>, y Roger Waters no pudo evitar echarse a llorar. <\/p>\n<p class=\"voc-p\" style=\"\"> \u00abEn realidad fueron dos o tres personas las que lloraron\u00bb, relatar\u00eda m\u00e1s tarde el dise\u00f1ador de las portadas de los discos Pink Floyd, Storm Thorgerson. \u00abSyd se sent\u00f3 y habl\u00f3 un rato, pero en realidad no estaba all\u00ed\u00bb. El baterista, Nick Mason, intent\u00f3 hablar algo m\u00e1s con \u00e9l pero la charla \u00abfue inconexa y no del todo sensata\u00bb. Le pusieron &#8216;Shine on you crazy diamond&#8217;, y no pareci\u00f3 entender que estaba dedicada a \u00e9l porque no mostr\u00f3 ninguna reacci\u00f3n. Barrett se pas\u00f3 por all\u00ed un par de veces m\u00e1s, pero despu\u00e9s de eso, ninguno de los miembros del grupo volvi\u00f3 a verlo con vida. <\/p>\n<p class=\"voc-p\" style=\"\">El disco vio la luz el 12 de septiembre de 1975 en medio de una colosal expectaci\u00f3n tras el exitazo de <a href=\"https:\/\/www.abc.es\/cultura\/musica\/anos-dark-side-the-moon-pink-floyd-20230301140022-nt.html\" target=\"_blank\" data-voc-vtm-id=\"in-text-traffic\" title=\"&#039;Dark Side of the Moon&#039;\" data-mrf-link=\"www.abc.es\" rel=\"nofollow noopener\">&#8216;Dark Side of the Moon&#8217;<\/a>, y tuvo malas cr\u00edticas de medios importantes. Algo que el historiador musical Paul Stump atribuye a que \u00abera (en aquel momento) <strong>el \u00e1lbum de rock m\u00e1s esperado jam\u00e1s publicado<\/strong>, ya que incluso el anuncio de su fecha de lanzamiento fue noticia de primera plana. Estos elogios se basaban \u00fanicamente en el hecho de que se trataba simplemente de la continuaci\u00f3n de &#8216;Dark Side of the Moon&#8217;, que para muchos representaba la c\u00faspide del g\u00e9nero hasta la fecha\u00bb.<\/p>\n<p class=\"voc-p\" style=\"\">El p\u00fablico no pens\u00f3 lo mismo, ya que el \u00e1lbum tard\u00f3 una semana en llegar a lo m\u00e1s alto en las listas inglesas y dos en las estadounidenses, convirti\u00e9ndose en el que m\u00e1s r\u00e1pido se hab\u00eda vendido de la historia del grupo. Su predecesor cuenta hasta el d\u00eda de hoy con 45 millones de copias vendidas, &#8216;The Wall&#8217; suma 35 y, con 20 millones, &#8216;Wish you were here&#8217;, es el tercer trabajo m\u00e1s popular de Pink Floyd.<\/p>\n<p class=\"voc-p\" style=\"\">De toda la gente que particip\u00f3 en la creaci\u00f3n de esta obra maestra del rock, ya no est\u00e1n entre nosotros el teclista Rick Wright ni el dise\u00f1ador Storm Thorgerson. Tampoco el actor que aparece prendido en llamas en su inolvidable portada, Ronnie Rondell Jr, que falleci\u00f3 hace unas pocas semanas, no sin antes contar que, durante la sesi\u00f3n de fotograf\u00edas, un repentino cambio de viento hizo que el fuego le quemara el bigote y&#8230; las cejas.<\/p>\n<p>Reportar un error<\/p>\n","protected":false},"excerpt":{"rendered":"12\/09\/2025 Actualizado a las 12:37h. A la altura de 1975, Pink Floyd hab\u00edan detonado varias revoluciones en el&hellip;\n","protected":false},"author":2,"featured_media":109852,"comment_status":"","ping_status":"","sticky":false,"template":"","format":"standard","meta":{"footnotes":""},"categories":[170],"tags":[988,146,147,25,24,11367,37655,184,185,8561,8607,1273,23,7465,37654,37652,37653],"class_list":{"0":"post-109851","1":"post","2":"type-post","3":"status-publish","4":"format-standard","5":"has-post-thumbnail","7":"category-musica","8":"tag-anos","9":"tag-entertainment","10":"tag-entretenimiento","11":"tag-es","12":"tag-espana","13":"tag-floyd","14":"tag-here","15":"tag-music","16":"tag-musica","17":"tag-pink","18":"tag-puso","19":"tag-rock","20":"tag-spain","21":"tag-triste","22":"tag-were","23":"tag-wish","24":"tag-you"},"share_on_mastodon":{"url":"","error":""},"_links":{"self":[{"href":"https:\/\/www.europesays.com\/es\/wp-json\/wp\/v2\/posts\/109851","targetHints":{"allow":["GET"]}}],"collection":[{"href":"https:\/\/www.europesays.com\/es\/wp-json\/wp\/v2\/posts"}],"about":[{"href":"https:\/\/www.europesays.com\/es\/wp-json\/wp\/v2\/types\/post"}],"author":[{"embeddable":true,"href":"https:\/\/www.europesays.com\/es\/wp-json\/wp\/v2\/users\/2"}],"replies":[{"embeddable":true,"href":"https:\/\/www.europesays.com\/es\/wp-json\/wp\/v2\/comments?post=109851"}],"version-history":[{"count":0,"href":"https:\/\/www.europesays.com\/es\/wp-json\/wp\/v2\/posts\/109851\/revisions"}],"wp:featuredmedia":[{"embeddable":true,"href":"https:\/\/www.europesays.com\/es\/wp-json\/wp\/v2\/media\/109852"}],"wp:attachment":[{"href":"https:\/\/www.europesays.com\/es\/wp-json\/wp\/v2\/media?parent=109851"}],"wp:term":[{"taxonomy":"category","embeddable":true,"href":"https:\/\/www.europesays.com\/es\/wp-json\/wp\/v2\/categories?post=109851"},{"taxonomy":"post_tag","embeddable":true,"href":"https:\/\/www.europesays.com\/es\/wp-json\/wp\/v2\/tags?post=109851"}],"curies":[{"name":"wp","href":"https:\/\/api.w.org\/{rel}","templated":true}]}}