{"id":109862,"date":"2025-09-12T10:56:10","date_gmt":"2025-09-12T10:56:10","guid":{"rendered":"https:\/\/www.europesays.com\/es\/109862\/"},"modified":"2025-09-12T10:56:10","modified_gmt":"2025-09-12T10:56:10","slug":"que-nos-deja-la-ultima-reunion-del-bce","status":"publish","type":"post","link":"https:\/\/www.europesays.com\/es\/109862\/","title":{"rendered":"\u00bfQu\u00e9 nos deja la \u00faltima reuni\u00f3n del BCE?"},"content":{"rendered":"<p>Reuni\u00f3n del Banco Central Europeo:<\/p>\n<p>\/ Tipos que se mantienen en el 2%, en l\u00ednea con lo esperado para esta reuni\u00f3n, con una decisi\u00f3n un\u00e1nime por parte de los miembros. Esta es la segunda cita consecutiva donde no realizan ning\u00fan movimiento y confirman el final del ciclo de bajadas en Europa. El mercado no espera ninguna bajada en lo que nos queda de a\u00f1o.<\/p>\n<p>\/ Proyecciones macroecon\u00f3micas de la Eurozona actualizadas. Apenas cambios significativos, m\u00e1s que una revisi\u00f3n al alza del crecimiento de la econom\u00eda para 2025. En la primera mitad de a\u00f1o, la econom\u00eda ha crecido un 0,7% debido a la resiliencia de la demanda interna.<\/p>\n<p>En la rueda de prensa, comentarios de Lagarde:<\/p>\n<p>\/ Comenta la importancia del acuerdo arancelario con Estados Unidos por reducir la incertidumbre, que ahora viene dada por las tensiones geopol\u00edticas en Ucrania y en Oriente Medio.<\/p>\n<p>\/ El mercado laboral sigue siendo una fuente de fuerza para la econom\u00eda ya que, con el tiempo, ayudar\u00e1 a que aumente el consumo en la zona euro; no obstante, seg\u00fan los indicadores salariales se espera que su crecimiento se ralentice en los pr\u00f3ximos meses.<\/p>\n<p>\/ Habla de los riesgos de un deterioro en la confianza del consumidor puede llevar a condiciones m\u00e1s estrictas de financiamiento y un debilitamiento del crecimiento econ\u00f3mico.<br \/>\/ Ha destacado que el periodo desinflacionista se ha terminado. La tasa de inflaci\u00f3n est\u00e1 en el entorno que hab\u00edan estimado y dentro de la banda del 2%. Da as\u00ed tambi\u00e9n por terminado el ciclo de bajadas de tipos.<\/p>\n<p>\/ La reacci\u00f3n del mercado ha sido limitada y sin una volatilidad significativa, la TIR del bono alem\u00e1n a corto plazo sube 2 p.b. y el euro\/d\u00f3lar sube media figura tras la decisi\u00f3n de tipos.<\/p>\n<p><img fetchpriority=\"high\" decoding=\"async\" width=\"470\" height=\"282\" src=\"https:\/\/www.europesays.com\/es\/wp-content\/uploads\/2025\/09\/1757674570_692_image-4.png\" alt=\"\" class=\"wp-image-42016\"  \/><\/p>\n","protected":false},"excerpt":{"rendered":"Reuni\u00f3n del Banco Central Europeo: \/ Tipos que se mantienen en el 2%, en l\u00ednea con lo esperado&hellip;\n","protected":false},"author":2,"featured_media":109863,"comment_status":"","ping_status":"","sticky":false,"template":"","format":"standard","meta":{"footnotes":""},"categories":[80],"tags":[1842,82,95,94,25,24,1847,921,23],"class_list":{"0":"post-109862","1":"post","2":"type-post","3":"status-publish","4":"format-standard","5":"has-post-thumbnail","7":"category-economia","8":"tag-bce","9":"tag-business","10":"tag-economia","11":"tag-economy","12":"tag-es","13":"tag-espana","14":"tag-inflacion","15":"tag-inversion","16":"tag-spain"},"share_on_mastodon":{"url":"","error":""},"_links":{"self":[{"href":"https:\/\/www.europesays.com\/es\/wp-json\/wp\/v2\/posts\/109862","targetHints":{"allow":["GET"]}}],"collection":[{"href":"https:\/\/www.europesays.com\/es\/wp-json\/wp\/v2\/posts"}],"about":[{"href":"https:\/\/www.europesays.com\/es\/wp-json\/wp\/v2\/types\/post"}],"author":[{"embeddable":true,"href":"https:\/\/www.europesays.com\/es\/wp-json\/wp\/v2\/users\/2"}],"replies":[{"embeddable":true,"href":"https:\/\/www.europesays.com\/es\/wp-json\/wp\/v2\/comments?post=109862"}],"version-history":[{"count":0,"href":"https:\/\/www.europesays.com\/es\/wp-json\/wp\/v2\/posts\/109862\/revisions"}],"wp:featuredmedia":[{"embeddable":true,"href":"https:\/\/www.europesays.com\/es\/wp-json\/wp\/v2\/media\/109863"}],"wp:attachment":[{"href":"https:\/\/www.europesays.com\/es\/wp-json\/wp\/v2\/media?parent=109862"}],"wp:term":[{"taxonomy":"category","embeddable":true,"href":"https:\/\/www.europesays.com\/es\/wp-json\/wp\/v2\/categories?post=109862"},{"taxonomy":"post_tag","embeddable":true,"href":"https:\/\/www.europesays.com\/es\/wp-json\/wp\/v2\/tags?post=109862"}],"curies":[{"name":"wp","href":"https:\/\/api.w.org\/{rel}","templated":true}]}}