{"id":109881,"date":"2025-09-12T11:08:08","date_gmt":"2025-09-12T11:08:08","guid":{"rendered":"https:\/\/www.europesays.com\/es\/109881\/"},"modified":"2025-09-12T11:08:08","modified_gmt":"2025-09-12T11:08:08","slug":"nace-el-segundo-hijo-del-aritz-elustondo-jugador-de-la-real-sociedad","status":"publish","type":"post","link":"https:\/\/www.europesays.com\/es\/109881\/","title":{"rendered":"Nace el segundo hijo del Aritz Elustondo, jugador de la Real Sociedad"},"content":{"rendered":"<p class=\"v-mdl-ath__p v-mdl-ath__p--6\">\nViernes, 12 de septiembre 2025, 07:48<\/p>\n<p>| Actualizado 07:55h.<\/p>\n<p class=\"v-p\">La familia de la Real Sociedad celebra una feliz noticia. El defensa txuri-urdin <a href=\"https:\/\/www.diariovasco.com\/temas\/personajes\/aritz-elustondo.html\" title=\"www.diariovasco.com\" data-voc-vtm-id=\"in-text-traffic\" data-mrf-link=\"www.diariovasco.com\" rel=\"nofollow noopener\" target=\"_blank\">Aritz Elustondo <\/a>y su pareja han dado la bienvenida a su segundo hijo, al que han puesto por nombre Jakes. El nacimiento tuvo lugar en la Policl\u00ednica Gipuzkoa, donde ambos fueron atendidos y acompa\u00f1ados en este momento tan especial.<\/p>\n<p class=\"v-p\">El centro m\u00e9dico comparti\u00f3 la feliz noticia a trav\u00e9s de sus redes sociales: \u00abCrece la familia en la @RealSociedad. Bienvenido Jakes!!! Zorionak @aritzelus. Un placer acompa\u00f1aros en este momento tan bonito\u00bb.<\/p>\n<p class=\"v-p\">El txuri urdin Aritz Elustondo atraviesa as\u00ed una de las etapas m\u00e1s emotivas de su vida, tanto en lo personal como en lo deportivo. La llegada de Jakes se suma a un a\u00f1o cargado de emociones para el defensa beasaindarra. Aritz Elustondo y su pareja Idoia <a href=\"https:\/\/www.diariovasco.com\/real-sociedad\/aritz-elustondo-padre-luken-20230618223806-nt.html\" title=\"www.diariovasco.com\" data-voc-vtm-id=\"in-text-traffic\" data-mrf-link=\"www.diariovasco.com\" rel=\"nofollow noopener\" target=\"_blank\">ya son padres de otro ni\u00f1o llamado Luken<\/a>, que naci\u00f3 en 2023. <\/p>\n<p>Comenta<\/p>\n<p>Reporta un error<\/p>\n","protected":false},"excerpt":{"rendered":"Viernes, 12 de septiembre 2025, 07:48 | Actualizado 07:55h. La familia de la Real Sociedad celebra una feliz&hellip;\n","protected":false},"author":2,"featured_media":109882,"comment_status":"","ping_status":"","sticky":false,"template":"","format":"standard","meta":{"footnotes":""},"categories":[268],"tags":[37661,168,25,24,280,282,30,6755,281,23,167],"class_list":{"0":"post-109881","1":"post","2":"type-post","3":"status-publish","4":"format-standard","5":"has-post-thumbnail","7":"category-futbol","8":"tag-aritz-elustondo","9":"tag-deportes","10":"tag-es","11":"tag-espana","12":"tag-football","13":"tag-futbol","14":"tag-hijo","15":"tag-nacimiento","16":"tag-soccer","17":"tag-spain","18":"tag-sports"},"share_on_mastodon":{"url":"","error":""},"_links":{"self":[{"href":"https:\/\/www.europesays.com\/es\/wp-json\/wp\/v2\/posts\/109881","targetHints":{"allow":["GET"]}}],"collection":[{"href":"https:\/\/www.europesays.com\/es\/wp-json\/wp\/v2\/posts"}],"about":[{"href":"https:\/\/www.europesays.com\/es\/wp-json\/wp\/v2\/types\/post"}],"author":[{"embeddable":true,"href":"https:\/\/www.europesays.com\/es\/wp-json\/wp\/v2\/users\/2"}],"replies":[{"embeddable":true,"href":"https:\/\/www.europesays.com\/es\/wp-json\/wp\/v2\/comments?post=109881"}],"version-history":[{"count":0,"href":"https:\/\/www.europesays.com\/es\/wp-json\/wp\/v2\/posts\/109881\/revisions"}],"wp:featuredmedia":[{"embeddable":true,"href":"https:\/\/www.europesays.com\/es\/wp-json\/wp\/v2\/media\/109882"}],"wp:attachment":[{"href":"https:\/\/www.europesays.com\/es\/wp-json\/wp\/v2\/media?parent=109881"}],"wp:term":[{"taxonomy":"category","embeddable":true,"href":"https:\/\/www.europesays.com\/es\/wp-json\/wp\/v2\/categories?post=109881"},{"taxonomy":"post_tag","embeddable":true,"href":"https:\/\/www.europesays.com\/es\/wp-json\/wp\/v2\/tags?post=109881"}],"curies":[{"name":"wp","href":"https:\/\/api.w.org\/{rel}","templated":true}]}}