{"id":109885,"date":"2025-09-12T11:10:13","date_gmt":"2025-09-12T11:10:13","guid":{"rendered":"https:\/\/www.europesays.com\/es\/109885\/"},"modified":"2025-09-12T11:10:13","modified_gmt":"2025-09-12T11:10:13","slug":"concurso-fotografico-calendario-gorbeialdea-alava","status":"publish","type":"post","link":"https:\/\/www.europesays.com\/es\/109885\/","title":{"rendered":"Concurso fotogr\u00e1fico calendario Gorbeialdea | \u00c1lava"},"content":{"rendered":"<p>\n        La Cuadrilla de <strong>Gorbeialdea ya ha puesto en marcha el XXIII concurso fotogr\u00e1fico<\/strong>, del que surgir\u00e1n las im\u00e1genes del <strong>calendario de 2026<\/strong>. Pueden <strong>presentarse trabajos hasta el 22 de octubre<\/strong> y los premios, un total de 14, ser\u00e1n vales por valor de 1.300 euros para gastar en cualquier comercio o establecimiento de la comarca.\n<\/p>\n<p class=\"article-body__text \">\n        En concreto, se premiar\u00e1 la <strong>foto ganadora<\/strong> del concurso con un <strong>vale de 150 euros, y otras dos por cada municipio de la comarca <\/strong>(<a href=\"https:\/\/www.noticiasdealava.eus\/gorbeialdea\/aramaio\/\" title=\"Aramaio\" target=\"_blank\" class=\"link copy\" rel=\"nofollow noopener\">Aramaio<\/a>, <a href=\"https:\/\/www.noticiasdealava.eus\/gorbeialdea\/arratzua-ubarrundia\/\" title=\"Arratzua-Ubarrundia\" target=\"_blank\" class=\"link copy\" rel=\"nofollow noopener\">Arratzua-Ubarrundia<\/a>, <a href=\"https:\/\/www.noticiasdealava.eus\/gorbeialdea\/legutio\/\" title=\"Legutio\" target=\"_blank\" class=\"link copy\" rel=\"nofollow noopener\">Legutio<\/a>, <a href=\"https:\/\/www.noticiasdealava.eus\/gorbeialdea\/urkabustaiz\/\" title=\"Urkabustaiz\" target=\"_blank\" class=\"link copy\" rel=\"nofollow noopener\">Urkabustaiz<\/a>,<a href=\"https:\/\/www.noticiasdealava.eus\/gorbeialdea\/zigoitia\/\" title=\"Zigoitia\" target=\"_blank\" class=\"link copy\" rel=\"nofollow noopener\"> Zigoitia<\/a> y <a href=\"https:\/\/www.noticiasdealava.eus\/gorbeialdea\/zuia\/\" title=\"Zuia\" target=\"_blank\" class=\"link copy\" rel=\"nofollow noopener\">Zuia<\/a>), <strong>con sendos vales de 100 y 75 euros<\/strong>.\n<\/p>\n<p class=\"article-body__text \">\n        Asimismo, este a\u00f1o como<strong> novedad <\/strong>se entregar\u00e1<strong> otro vale de 100 euros<\/strong> a quien capte la <strong>mejor imagen<\/strong> durante el <strong>Gorbeia Experience<\/strong>, que tendr\u00e1 lugar los d\u00edas <strong>18 y 19 de octubre.\u00a0<\/strong>\n<\/p>\n<p class=\"article-body__text \">\n        Una de las condiciones m\u00e1s importantes que deber\u00e1n tener en cuenta los participantes es la <strong>orientaci\u00f3n de la fotograf\u00eda<\/strong>, que <strong>debe ser horizontal<\/strong>, as\u00ed como <strong>in\u00e9dita, en color y en formato digital<\/strong>.\n<\/p>\n<p class=\"article-body__text \">\n        Por lo dem\u00e1s, la <strong>tem\u00e1tica del concurso es libre<\/strong> pudiendo presentar im\u00e1genes del medio natural, social y art\u00edstico, edificios, costumbres, actos culturales, ferias y festejos, personas, visitas guiadas, experiencias, gastronom\u00eda o micolog\u00eda, e incluso la actividad econ\u00f3mica de la comarca (alojamientos, hosteler\u00eda, comercio y servicios, industria, productores agroalimentarios, artesan\u00eda) de cualquiera los seis municipios de Gorbeialdea, siempre que en las fotograf\u00edas no aparezca el nombre comercial de la empresa.\n<\/p>\n<p>            <a href=\"https:\/\/www.noticiasdealava.eus\/alava\/2024\/09\/19\/oro-cruz-gorbea-nuevos-rincones-8706838.html\" title=\"Oro y la Cruz del Gorbea, nuevos rincones favoritos de Gorbeialdea\" class=\"new__media\" rel=\"nofollow noopener\" target=\"_blank\"><\/p>\n<p>                <img alt=\"Oro y la Cruz del Gorbea, nuevos rincones favoritos de Gorbeialdea\" data-src=\"https:\/\/www.europesays.com\/es\/wp-content\/uploads\/2025\/09\/2d44f844-ffed-4712-9aac-beed97b72c7d_16-9-aspect-ratio_default_0.jpg\" class=\"lozad\"\/><\/p>\n<p>        <\/a><\/p>\n<p>        <a href=\"https:\/\/www.noticiasdealava.eus\/alava\/2024\/09\/19\/oro-cruz-gorbea-nuevos-rincones-8706838.html\" title=\"Oro y la Cruz del Gorbea, nuevos rincones favoritos de Gorbeialdea\" class=\"new__headline\" rel=\"nofollow noopener\" target=\"_blank\"><br \/>\n            Oro y la Cruz del Gorbea, nuevos rincones favoritos de Gorbeialdea<br \/>\n        <\/a><\/p>\n<p class=\"article-body__text \">\n        <strong>Ning\u00fan concursante podr\u00e1 optar a m\u00e1s de dos premios ni presentar m\u00e1s de tres im\u00e1genes<\/strong>. El jurado valorar\u00e1 las fotograf\u00edas en relaci\u00f3n al tema del concurso, as\u00ed como la calidad y la t\u00e9cnica empleada.\n<\/p>\n<p class=\"article-body__text \">\n        <strong>La entrega de premios tendr\u00e1 lugar en la localidad de Murgia<\/strong> en un acto p\u00fablico y las <strong>obras premiadas formar\u00e1n parte del Calendario de pared 2026<\/strong>, y en la medida de lo posible, se imprimir\u00e1n y expondr\u00e1n en la sede de la Cuadrilla de Gorbeialdea, haci\u00e9ndose constar el t\u00edtulo, autor y lugar en el que se ha tomado la fotograf\u00eda.\u00a0\n<\/p>\n<p>    <a href=\"https:\/\/www.noticiasdealava.eus\/alava\/2024\/12\/12\/imagenes-impresionantes-parajes-alava-calendario-9043585.html\" rel=\"nofollow noopener\" target=\"_blank\"><\/p>\n<p>    <img loading=\"lazy\" decoding=\"async\" class=\"lazy-place\" src=\"data:image\/svg+xml,%3Csvg xmlns=&quot;http:\/\/www.w3.org\/2000\/svg&quot; viewBox=&quot;0 0 880 495&quot;%3E%3C\/svg%3E\" height=\"495\" width=\"880\" alt=\"\" style=\"width:100%; height:auto; max-width:100%;\"\/><\/p>\n<p>    <\/a><\/p>\n<p>    <a href=\"https:\/\/www.noticiasdealava.eus\/alava\/2024\/12\/12\/imagenes-impresionantes-parajes-alava-calendario-9043585.html\" class=\"article-photo__multimedia\" rel=\"nofollow noopener\" target=\"_blank\"><\/p>\n<p>        13<br \/>\n    <\/a><\/p>\n<p class=\"article-photo__footer\">\n        En im\u00e1genes: Impresionantes parajes de \u00c1lava en el calendario de la Vital de 2025<br \/>\n                    Fundaci\u00f3n Vital\n            <\/p>\n<p>  Evento tur\u00edstico<\/p>\n<p class=\"article-body__text \">\n        Por otro lado, <strong>Destino Tur\u00edstico Gorbeia ha organizado para este s\u00e1bado<\/strong>, de 09.00 a 20.30 horas, una <strong>nueva edici\u00f3n de la iniciativa Gorbeiako Altxorrak<\/strong> que, como su propio nombre indica, pretende <strong>dar a conocer los tesoros y la infinita oferta del coraz\u00f3n verde de Euskadi, a trav\u00e9s de actividades y propuestas culturales, gastron\u00f3micas y de ocio, atractivas y novedosas para todo tipo de p\u00fablicos.<\/strong>\n<\/p>\n<blockquote cite=\"https:\/\/graph.facebook.com\/GorbeiaEuskadi\/videos\/304867034416304\/\" class=\"fb-xfbml-parse-ignore\" wp_automatic_readability=\"6.2950819672131\">\n<p>\ud83c\udf08 GORBEIAKO ALTXORRAK \ud83c\udf08<\/p>\n<p>\ud83d\udc9a\ud83c\udfbb Gorbeian gogoratzeko eguna, Korrontzi Folk eta Basque Sports taldeei esker, #IzanBagara&#8230;<\/p>\n<p>Posted by <a href=\"https:\/\/facebook.com\/GorbeiaEuskadi\" rel=\"nofollow noopener\" target=\"_blank\">Gorbeia Euskadi<\/a> on\u00a0<a href=\"https:\/\/graph.facebook.com\/GorbeiaEuskadi\/videos\/304867034416304\/\" rel=\"nofollow noopener\" target=\"_blank\">Sunday, October 17, 2021<\/a><\/p><\/blockquote>\n<p class=\"article-body__text \">\n        Para disfrutar de esta <strong>cita itinerante por las vertientes, tanto alavesa como vizca\u00edna<\/strong> del macizo, tocar\u00e1 viajar a la <strong>localidad de Areatza<\/strong>, donde se abrir\u00e1 el programa con un <strong>recorrido de monta\u00f1a<\/strong>, para seguir con una <strong>visita guiada por la villa<\/strong> vizca\u00edna, y <strong>catas de chorizo y txakoli,<\/strong> para las que hay que <a href=\"https:\/\/www.gorbeiaeuskadi.com\/\" title=\"inscribirse de forma previa\" rel=\"nofollow noopener\" target=\"_blank\" class=\"link copy\">inscribirse de forma previa<\/a>, ya que las <strong>plazas son limitadas<\/strong>. Tambi\u00e9n se puede llamar a la oficina de turismo al 946 122 695. Los que <strong>no requieren reserva de plaza<\/strong> son el <strong>recital que ofrecer\u00e1 Jazz Kollective Quartet<\/strong>, de 13.00 a 15.00 horas, <strong>ni el espect\u00e1culo de danza, deporte rural y musica fok \u201cIzan bagara\u201d con el que el grupo Korrontzi cerrar\u00e1 la jornada<\/strong>, de 19.00 a 20.30 horas.\n<\/p>\n<p class=\"article-body__text \">\n        A la cita tampoco faltar\u00e1 un <strong>mercado de productos locales<\/strong>, en el que se mostrar\u00e1n, se descubrir\u00e1n y se podr\u00e1n adquirir los tesoros gastron\u00f3micos y artesanos de Gorbeia; ni un <strong>gastrogune <\/strong>en el que se podr\u00e1n degustar pintxos acompa\u00f1ados de una bebida. Adem\u00e1s, el evento contar\u00e1 con un <strong>espacio creativo infantil<\/strong> y, a las 15.00 horas, se realizar\u00e1 un sorteo de productos locales entre las personas que hayan realizado sus compras en el mercado.<\/p>\n","protected":false},"excerpt":{"rendered":"La Cuadrilla de Gorbeialdea ya ha puesto en marcha el XXIII concurso fotogr\u00e1fico, del que surgir\u00e1n las im\u00e1genes&hellip;\n","protected":false},"author":2,"featured_media":109886,"comment_status":"","ping_status":"","sticky":false,"template":"","format":"standard","meta":{"footnotes":""},"categories":[173],"tags":[229,233,231,230,331,6783,232,234,146,147,25,24,37662,1684,17097,23],"class_list":{"0":"post-109885","1":"post","2":"type-post","3":"status-publish","4":"format-standard","5":"has-post-thumbnail","7":"category-arte-y-diseno","8":"tag-arte","9":"tag-arte-y-diseno","10":"tag-arts","11":"tag-arts-and-design","12":"tag-busca","13":"tag-calendario","14":"tag-design","15":"tag-diseno","16":"tag-entertainment","17":"tag-entretenimiento","18":"tag-es","19":"tag-espana","20":"tag-gorbeialdea","21":"tag-mejor","22":"tag-pose","23":"tag-spain"},"share_on_mastodon":{"url":"","error":""},"_links":{"self":[{"href":"https:\/\/www.europesays.com\/es\/wp-json\/wp\/v2\/posts\/109885","targetHints":{"allow":["GET"]}}],"collection":[{"href":"https:\/\/www.europesays.com\/es\/wp-json\/wp\/v2\/posts"}],"about":[{"href":"https:\/\/www.europesays.com\/es\/wp-json\/wp\/v2\/types\/post"}],"author":[{"embeddable":true,"href":"https:\/\/www.europesays.com\/es\/wp-json\/wp\/v2\/users\/2"}],"replies":[{"embeddable":true,"href":"https:\/\/www.europesays.com\/es\/wp-json\/wp\/v2\/comments?post=109885"}],"version-history":[{"count":0,"href":"https:\/\/www.europesays.com\/es\/wp-json\/wp\/v2\/posts\/109885\/revisions"}],"wp:featuredmedia":[{"embeddable":true,"href":"https:\/\/www.europesays.com\/es\/wp-json\/wp\/v2\/media\/109886"}],"wp:attachment":[{"href":"https:\/\/www.europesays.com\/es\/wp-json\/wp\/v2\/media?parent=109885"}],"wp:term":[{"taxonomy":"category","embeddable":true,"href":"https:\/\/www.europesays.com\/es\/wp-json\/wp\/v2\/categories?post=109885"},{"taxonomy":"post_tag","embeddable":true,"href":"https:\/\/www.europesays.com\/es\/wp-json\/wp\/v2\/tags?post=109885"}],"curies":[{"name":"wp","href":"https:\/\/api.w.org\/{rel}","templated":true}]}}