{"id":109889,"date":"2025-09-12T11:12:08","date_gmt":"2025-09-12T11:12:08","guid":{"rendered":"https:\/\/www.europesays.com\/es\/109889\/"},"modified":"2025-09-12T11:12:08","modified_gmt":"2025-09-12T11:12:08","slug":"la-jueza-de-la-dana-pide-las-imagenes-donde-se-ve-a-pradas-dar-instrucciones-sobre-la-alerta-tras-negarlo-en-el-juzgado-noticias-de-la-comunidad-valenciana","status":"publish","type":"post","link":"https:\/\/www.europesays.com\/es\/109889\/","title":{"rendered":"La jueza de la dana pide las im\u00e1genes donde se ve a Pradas dar instrucciones sobre la alerta tras negarlo en el juzgado | Noticias de la Comunidad Valenciana"},"content":{"rendered":"<p class=\"\">La jueza de Catarroja (Valencia) que investiga la dana, Nuria Ruiz Tobarra, ha pedido \u201cla aportaci\u00f3n voluntaria\u201d <a href=\"https:\/\/elpais.com\/espana\/comunidad-valenciana\/2025-09-10\/la-jueza-de-la-dana-pide-informacion-sobre-el-audio-de-la-aemet-manipulado-que-divulgo-mazon.html\" target=\"_self\" rel=\"nofollow noopener\" title=\"https:\/\/elpais.com\/espana\/comunidad-valenciana\/2025-09-10\/la-jueza-de-la-dana-pide-informacion-sobre-el-audio-de-la-aemet-manipulado-que-divulgo-mazon.html\">a la televisi\u00f3n p\u00fablica valenciana \u00c0 Punt de las im\u00e1genes<\/a> que grabaron sus profesionales en el Cecopi \u2013el centro de la Generalitat que coordin\u00f3 la tragedia- el d\u00eda de la inundaci\u00f3n que dej\u00f3 229 muertos el pasado 29 de octubre. <\/p>\n<p class=\"\">El requerimiento se produce despu\u00e9s de que RTVE divulgara esta semana una grabaci\u00f3n <a href=\"https:\/\/elpais.com\/espana\/comunidad-valenciana\/2025-09-10\/la-jueza-de-la-dana-pide-informacion-sobre-el-audio-de-la-aemet-manipulado-que-divulgo-mazon.html\" target=\"_self\" rel=\"nofollow noopener\" title=\"https:\/\/elpais.com\/espana\/comunidad-valenciana\/2025-09-10\/la-jueza-de-la-dana-pide-informacion-sobre-el-audio-de-la-aemet-manipulado-que-divulgo-mazon.html\">que mostraba que la exconsejera de Justicia e Interior<\/a> imputada en la causa, Salom\u00e9 Pradas, dio instrucciones sobre el Es Alert, el mensaje masivo a m\u00f3viles que la Generalitat envi\u00f3 para informar a la poblaci\u00f3n de la magnitud de la tragedia. El v\u00eddeo desmonta la tesis de defensa de Pradas, que en su declaraci\u00f3n judicial del pasado abril, se desmarc\u00f3 del aviso y descarg\u00f3 su responsabilidad del mensaje en los t\u00e9cnicos. <\/p>\n<p class=\"\">La instructora considera ahora de vital relevancia incorporar a la causa estas im\u00e1genes porque abordan la m\u00e9dula de las pesquisas, el aviso Es Alert. Y recuerda que esta notificaci\u00f3n que el departamento auton\u00f3mico de Emergencias envi\u00f3 a los m\u00f3viles para advertir a la poblaci\u00f3n de la dimensi\u00f3n de la cat\u00e1strofe es clave en la investigaci\u00f3n. A su juicio, si se hubiera enviado antes, se habr\u00edan salvado vidas. La alerta se remiti\u00f3 a las 20.11 horas, cuando se amontonaban los fallecidos, heridos y personas atrapadas en plantas bajas y garajes. <\/p>\n<p class=\"\">Desmarcarse del proceso de Es Alert centra la estrategia de Pradas. La jueza destaca ahora que las nuevas im\u00e1genes dejan en evidencia a la exconsejera. Y afloran una nueva versi\u00f3n respecto a lo que sostuvo en el juzgado. \u201cDicha grabaci\u00f3n contradice declaraciones prestadas en sede judicial y, la circunstancia en las que se obtienen, estaban presentes periodistas, que pudieron o\u00edr lo que, finalmente, qued\u00f3 registrado\u201d, alega. La instructora justifica la solicitud de pedir este material por la \u201cgravedad de los hechos objeto de la investigaci\u00f3n\u201d. Y a\u00f1ade que las pesquisas abordan \u201cuna investigaci\u00f3n penal con grav\u00edsimo resultado lesivo\u201d. <\/p>\n<p class=\"\">Las im\u00e1genes solicitadas tambi\u00e9n mostraban a una Pradas esquiva en pleno Cecopi que elud\u00eda llamar al presidente de la Confederaci\u00f3n Hidrogr\u00e1fica del J\u00facar (CHJ), Miguel Polo. \u201cLlamad a Miguel Polo, a m\u00ed no me apetece\u201d, dijo la exconsejera, que contempla en su estrategia de defensa en sostener que, si la Generalitat no actu\u00f3 antes, fue porque organismos estatales como la CHJ o la Aemet, que dependen ambos del Ministerio para la Transici\u00f3n Ecol\u00f3gica, no informaron con suficiente antelaci\u00f3n de la tromba. <\/p>\n<p class=\"\">\u201cLa falta de documentaci\u00f3n de la reuni\u00f3n del Cecopi y la obtenci\u00f3n de una grabaci\u00f3n -no durante recesos o una vez finalizada- justifican plenamente la inclusi\u00f3n en el procedimiento\u201d, remarca Ruiz Tobarra. <\/p>\n<p class=\"\">En su resoluci\u00f3n, la magistrada pide a RTVE la noticia que emiti\u00f3 el pasado 10 de septiembre sobre la reuni\u00f3n del Cecopi. Y transmite a \u00c0 Punt \u201csi mantiene el ofrecimiento\u201d de aportar la grabaci\u00f3n que captaron sus profesionales durante la aciaga jornada en el recinto que coordin\u00f3 la crisis. <\/p>\n<p class=\"\">Tras la difusi\u00f3n del v\u00eddeo de RTVE, la televisi\u00f3n p\u00fablica valenciana justific\u00f3 la no emisi\u00f3n de la grabaci\u00f3n del Cecopi porque, seg\u00fan la cadena, sus profesionales s\u00f3lo estaban autorizados a captar im\u00e1genes de la reuni\u00f3n. Y no el audio. Alegaron que es lo que se de denomina un mudo. Seg\u00fan \u00c0 Punt, el encuentro que gestion\u00f3 una de las mayores tragedias naturales de Espa\u00f1a fue \u201ca puerta cerrada\u201d. <\/p>\n","protected":false},"excerpt":{"rendered":"La jueza de Catarroja (Valencia) que investiga la dana, Nuria Ruiz Tobarra, ha pedido \u201cla aportaci\u00f3n voluntaria\u201d a&hellip;\n","protected":false},"author":2,"featured_media":109890,"comment_status":"","ping_status":"","sticky":false,"template":"","format":"standard","meta":{"footnotes":""},"categories":[171],"tags":[2007,242,1681,146,147,25,24,238,956,23,493,214],"class_list":{"0":"post-109889","1":"post","2":"type-post","3":"status-publish","4":"format-standard","5":"has-post-thumbnail","7":"category-tv","8":"tag-carlos-mazon","9":"tag-comunidad-valenciana","10":"tag-dana","11":"tag-entertainment","12":"tag-entretenimiento","13":"tag-es","14":"tag-espana","15":"tag-generalitat-valenciana","16":"tag-pp","17":"tag-spain","18":"tag-tribunales","19":"tag-tv"},"share_on_mastodon":{"url":"","error":""},"_links":{"self":[{"href":"https:\/\/www.europesays.com\/es\/wp-json\/wp\/v2\/posts\/109889","targetHints":{"allow":["GET"]}}],"collection":[{"href":"https:\/\/www.europesays.com\/es\/wp-json\/wp\/v2\/posts"}],"about":[{"href":"https:\/\/www.europesays.com\/es\/wp-json\/wp\/v2\/types\/post"}],"author":[{"embeddable":true,"href":"https:\/\/www.europesays.com\/es\/wp-json\/wp\/v2\/users\/2"}],"replies":[{"embeddable":true,"href":"https:\/\/www.europesays.com\/es\/wp-json\/wp\/v2\/comments?post=109889"}],"version-history":[{"count":0,"href":"https:\/\/www.europesays.com\/es\/wp-json\/wp\/v2\/posts\/109889\/revisions"}],"wp:featuredmedia":[{"embeddable":true,"href":"https:\/\/www.europesays.com\/es\/wp-json\/wp\/v2\/media\/109890"}],"wp:attachment":[{"href":"https:\/\/www.europesays.com\/es\/wp-json\/wp\/v2\/media?parent=109889"}],"wp:term":[{"taxonomy":"category","embeddable":true,"href":"https:\/\/www.europesays.com\/es\/wp-json\/wp\/v2\/categories?post=109889"},{"taxonomy":"post_tag","embeddable":true,"href":"https:\/\/www.europesays.com\/es\/wp-json\/wp\/v2\/tags?post=109889"}],"curies":[{"name":"wp","href":"https:\/\/api.w.org\/{rel}","templated":true}]}}