{"id":109899,"date":"2025-09-12T11:17:08","date_gmt":"2025-09-12T11:17:08","guid":{"rendered":"https:\/\/www.europesays.com\/es\/109899\/"},"modified":"2025-09-12T11:17:08","modified_gmt":"2025-09-12T11:17:08","slug":"la-apertura-del-testamento-de-giorgio-armani-la-casa-de-modas-sera-propiedad-de-la-fundacion-armani-y-sera-gestionada-por-dellorco-su-mano-derecha","status":"publish","type":"post","link":"https:\/\/www.europesays.com\/es\/109899\/","title":{"rendered":"La apertura del testamento de Giorgio Armani: la casa de modas ser\u00e1 propiedad de la Fundaci\u00f3n Armani y ser\u00e1 gestionada por Dell&#8217;Orco, su mano derecha"},"content":{"rendered":"<p class=\"has-dropcap\"><strong>Giorgio Armani dej\u00f3 dos testamentos, ambos escritos de su pu\u00f1o y letra y sellados en un sobre lacrado<\/strong>. La apertura oficial tuvo lugar el 9 de septiembre ante la notaria <strong>Elena Terrenghi<\/strong>, pocos d\u00edas despu\u00e9s de la muerte del modista, <a href=\"https:\/\/www.revistavanityfair.es\/articulos\/giorgio-armani-muerte-91-anos\" target=\"_blank\" rel=\"nofollow noopener\">fallecido el 4 de septiembre<\/a> a los 91 a\u00f1os. Los documentos, fechados el 15 de marzo y el 5 de abril de 2025, contienen las \u00faltimas voluntades del fundador de un imperio de la moda cuyo <a href=\"https:\/\/www.vanityfair.it\/article\/giorgio-armani-patrimonio-piano-successione-eredita-famiglia-fondazione-collaboratori\" target=\"_blank\" rel=\"nofollow noopener\">patrimonio se estima<\/a> que se halla entre los 11.000 y 13.000 millones de euros.<\/p>\n<p>Armani no tuvo hijos, por lo que pudo disponer libremente de su herencia sin tener que cumplir con los requisitos de la leg\u00edtima. <strong>Sus herederos directos son sus tres sobrinos: Silvana y Roberta, hijas de su hermano Sergio, y Andrea Camerana, hijo de su hermana Rosanna<\/strong>. Junto a sus familiares, desempe\u00f1a un papel destacado <strong>Leo Dell&#8217;Orco<\/strong>, su compa\u00f1ero, mano derecha y estrecho colaborador que siempre ha sido se\u00f1alado como guardi\u00e1n de la visi\u00f3n del fundador.<\/p>\n<p>El futuro de la maison Giorgio Armani estar\u00e1 en manos de la Fundaci\u00f3n que lleva el nombre del dise\u00f1ador: de hecho, <strong>el 100% de las acciones de la empresa van a la Fundaci\u00f3n<\/strong>. En concreto, posee la plena propiedad del 9,9% (equivalente al 30% de los derechos de voto) y la nuda propiedad del 90% restante. Los derechos de voto se dividen del siguiente modo: 40% para Dell&#8217;Orco, 30% para la Fundaci\u00f3n, 15% para Silvana Armani y 15% para Andrea Camerana. A Rosanna y Roberta Armani se les asignaron acciones sin derecho a voto.<\/p>\n<p>Dell&#8217;Orco y sus sobrinos, pues, son entre los principales beneficiarios del enorme patrimonio del dise\u00f1ador. La participaci\u00f3n de Armani en EssilorLuxottica, que asciende a alrededor del 2% del capital y posee un valor estimado de m\u00e1s de 2.500 millones de euros, queda dividida <strong>en un 40% para Dell&#8217;Orco y un 60% para la familia Armani.<\/strong> Giorgio tambi\u00e9n dej\u00f3 organizadas algunas donaciones espec\u00edficas, en concreto, 100.000 acciones de Essilux a <strong>Michele Morselli<\/strong> y 7.500 acciones cada uno a <strong>Daniele Ballestrazzi<\/strong>, <strong>Giuseppe Marsocci<\/strong>, <strong>Laura Tadini<\/strong> y <strong>Luca Pastorelli<\/strong>.<\/p>\n<p>Los activos inmobiliarios no son menos impresionantes: residencias de ensue\u00f1o en Antigua, Nueva York, Par\u00eds, Saint Moritz, Pantelleria, Saint Tropez, as\u00ed como la villa de Forte dei Marmi, la residencia hist\u00f3rica de via Borgonuovo en Mil\u00e1n (con 101 habitaciones) y Villa Rosa en el Oltrep\u00f2 Pavese. A estos activos se a\u00f1aden yates, obras de arte y participaciones en grupos internacionales como los astilleros The Italian Sea Group.<\/p>\n<p>Una de las disposiciones m\u00e1s relevantes se refiere al futuro estrat\u00e9gico de la maison: \u00abPongo a cargo de la Fundaci\u00f3n las siguientes cargas\u00bb, reza el testamento, \u201c<strong>despu\u00e9s de 12 meses y dentro de los 18 primeros a partir de la fecha de apertura de la sucesi\u00f3n,<\/strong> <strong>se habr\u00e1 de ceder una participaci\u00f3n del 15%\u201d a un socio industrial de primer orden, dando prioridad a LVMH, EssilorLuxottica o L&#8217;Or\u00e9al.<\/strong> La decisi\u00f3n habr\u00e1 de ser compartida por la Fundaci\u00f3n y Dell&#8217;Orco o, en su ausencia, por uno de sus sobrinos con derecho a voto.<\/p>\n<p>El papel central de Dell&#8217;Orco confirma el deseo del dise\u00f1ador de confiar la gesti\u00f3n y continuidad de su visi\u00f3n a quienes le han apoyado durante toda una vida. <strong>La Fundaci\u00f3n, que cre\u00f3 junto a Leo Dell&#8217;Orco y el banquero Irving Bellotti, asume as\u00ed la direcci\u00f3n del imperio Armani<\/strong> en nombre de la estabilidad y la fidelidad a la filosof\u00eda de su fundador.<\/p>\n<p>El dise\u00f1ador estableci\u00f3, adem\u00e1s, algunos principios indispensables: no se producir\u00eda el traslado de la sede fuera de Italia y la empresa no podr\u00e1 salir a bolsa hasta al menos cinco a\u00f1os despu\u00e9s de su muerte.<\/p>\n<p>Art\u00edculo original publicado por Vanity Fair Italia. Accede <a href=\"https:\/\/www.vanityfair.it\/article\/giorgio-armani-aperto-pubblicato-testamento-due-documenti-scritti-di-suo-pugno\" rel=\"nofollow noopener\" target=\"_blank\">aqu\u00ed<\/a>.<\/p>\n","protected":false},"excerpt":{"rendered":"Giorgio Armani dej\u00f3 dos testamentos, ambos escritos de su pu\u00f1o y letra y sellados en un sobre lacrado.&hellip;\n","protected":false},"author":2,"featured_media":109900,"comment_status":"","ping_status":"","sticky":false,"template":"","format":"standard","meta":{"footnotes":""},"categories":[91],"tags":[146,147,25,24,33775,23],"class_list":{"0":"post-109899","1":"post","2":"type-post","3":"status-publish","4":"format-standard","5":"has-post-thumbnail","7":"category-entretenimiento","8":"tag-entertainment","9":"tag-entretenimiento","10":"tag-es","11":"tag-espana","12":"tag-giorgio-armani","13":"tag-spain"},"share_on_mastodon":{"url":"","error":""},"_links":{"self":[{"href":"https:\/\/www.europesays.com\/es\/wp-json\/wp\/v2\/posts\/109899","targetHints":{"allow":["GET"]}}],"collection":[{"href":"https:\/\/www.europesays.com\/es\/wp-json\/wp\/v2\/posts"}],"about":[{"href":"https:\/\/www.europesays.com\/es\/wp-json\/wp\/v2\/types\/post"}],"author":[{"embeddable":true,"href":"https:\/\/www.europesays.com\/es\/wp-json\/wp\/v2\/users\/2"}],"replies":[{"embeddable":true,"href":"https:\/\/www.europesays.com\/es\/wp-json\/wp\/v2\/comments?post=109899"}],"version-history":[{"count":0,"href":"https:\/\/www.europesays.com\/es\/wp-json\/wp\/v2\/posts\/109899\/revisions"}],"wp:featuredmedia":[{"embeddable":true,"href":"https:\/\/www.europesays.com\/es\/wp-json\/wp\/v2\/media\/109900"}],"wp:attachment":[{"href":"https:\/\/www.europesays.com\/es\/wp-json\/wp\/v2\/media?parent=109899"}],"wp:term":[{"taxonomy":"category","embeddable":true,"href":"https:\/\/www.europesays.com\/es\/wp-json\/wp\/v2\/categories?post=109899"},{"taxonomy":"post_tag","embeddable":true,"href":"https:\/\/www.europesays.com\/es\/wp-json\/wp\/v2\/tags?post=109899"}],"curies":[{"name":"wp","href":"https:\/\/api.w.org\/{rel}","templated":true}]}}