{"id":10996,"date":"2025-07-29T05:58:11","date_gmt":"2025-07-29T05:58:11","guid":{"rendered":"https:\/\/www.europesays.com\/es\/10996\/"},"modified":"2025-07-29T05:58:11","modified_gmt":"2025-07-29T05:58:11","slug":"leer-la-montana-palencia-todas-las-noticias-de-palencia","status":"publish","type":"post","link":"https:\/\/www.europesays.com\/es\/10996\/","title":{"rendered":"Leer la Monta\u00f1a (Palencia) | Todas las noticias de Palencia"},"content":{"rendered":"<p>Los autores palentinos David Villegas y Vidal Rioja \u00a0publicaron una nueva edici\u00f3n del libro Ascensiones en la Monta\u00f1a Palentina, una completa gu\u00eda que recorre las cumbres m\u00e1s emblem\u00e1ticas del norte de la provincia a trav\u00e9s de 40 rutas de baja y media dificultad. Esta obra, que se encuentra ya a la venta en las librer\u00edas, ha sido realizada por el sello palentino Aruz Ediciones y supone una edici\u00f3n revisada que actualiza la publicada por los mismos autores en 2016 con la editorial La Pedrera Pindia.<\/p>\n<p>\u00a0Ascensiones en la Monta\u00f1a Palentina es un libro de gran atractivo visual gracias a su rico material gr\u00e1fico, en el que se intercalan fotograf\u00edas de los tramos parciales de las rutas y una completa cartograf\u00eda. Sus p\u00e1ginas recorren las cimas m\u00e1s emblem\u00e1ticas de la provincia, entre las que se pueden citar Curavacas, Espig\u00fcete, Pico Murcia, Pe\u00f1a Redonda, Carazo, Lezna, Pe\u00f1a Labra, Pico Tres Mares o Valdecebollas, entre otras muchas.<\/p>\n<p>En total, la suma de las 40 rutas propuestas recorre m\u00e1s de 75 cumbres y acumula m\u00e1s de 500 kil\u00f3metros de recorrido y casi 40.000 metros de desnivel positivo, con algunas rutas m\u00e1s accesibles y otras de car\u00e1cter m\u00e1s t\u00e9cnico.<\/p>\n<p>Entre las principales aportaciones de este libro se encuentra el planteamiento de cada una de las rutas, que en casi todos los casos propone el ascenso a una monta\u00f1a por la v\u00eda m\u00e1s sencilla o accesible. Una vez alcanzada la cima, la publicaci\u00f3n ofrece dos alternativas: regresar al punto de partida por el mismo camino ya recorrido, o bien realizar una ruta circular por otra v\u00eda alternativa, menos transitada y que prolonga y aumenta la dificultad del trayecto. Para afrontar estos itinerarios, la gu\u00eda incorpora las coordenadas gps de los principales lugares de referencia para facilitar as\u00ed la orientaci\u00f3n de los monta\u00f1eros.<\/p>\n<p>El libro se completa, adem\u00e1s, con diferentes contenidos complementarios, como los textos que abordan distintos aspectos hist\u00f3ricos, culturales o incluso aquellos que recopilan las leyendas relacionadas con las cumbres m\u00e1s emblem\u00e1ticas de la provincia. La obra, de 256 p\u00e1ginas y ampliada a un formato mayor que la anterior edici\u00f3n, se encuentra ya a la venta en las librer\u00edas de Palencia a un precio de 21,50 euros, adem\u00e1s de estar accesible en librer\u00edas de Madrid, Valladolid, Cantabria, Burgos o Le\u00f3n, entre otras provincias.<\/p>\n<p>Los autores. Naturales de Palencia y Guardo, David Villegas y Vidal Rioja son dos de los mayores expertos en monta\u00f1ismo de la provincia. Gu\u00edas de monta\u00f1a de dilatada experiencia, su labor divulgativa comenz\u00f3 en 2007 con la publicaci\u00f3n del libro Escaladas en Palencia, una gu\u00eda que recog\u00eda las principales v\u00edas de escalada deportiva en la regi\u00f3n. En 2016, con el patrocinio de la Diputaci\u00f3n Provincial, ampliaron ese trabajo con el t\u00edtulo Escalar en Palencia. En los a\u00f1os sucesivos fueron autores de otros tres libros de rutas de monta\u00f1a, rutas BTT y monta\u00f1ismo invernal, \u00a0publicados por \u00a0La Pedrera Pindia.<\/p>\n<p>En la actualidad contin\u00faan con su labor para promocionar el monta\u00f1ismo y el ciclismo en la Monta\u00f1a Palentina, colaborando con publicaciones tan prestigiosas como la revista de monta\u00f1a Desnivel. Vidal Rioja es uno de los principales promotores en la creaci\u00f3n de rutas para BTT en toda la comunidad, en proyectos apoyados por la Diputaci\u00f3n.<\/p>\n","protected":false},"excerpt":{"rendered":"Los autores palentinos David Villegas y Vidal Rioja \u00a0publicaron una nueva edici\u00f3n del libro Ascensiones en la Monta\u00f1a&hellip;\n","protected":false},"author":2,"featured_media":10997,"comment_status":"","ping_status":"","sticky":false,"template":"","format":"standard","meta":{"footnotes":""},"categories":[172],"tags":[224,623,2771,146,147,25,24,7945,7943,906,225,205,7944,7942,6442,23,1607],"class_list":{"0":"post-10996","1":"post","2":"type-post","3":"status-publish","4":"format-standard","5":"has-post-thumbnail","7":"category-libros","8":"tag-books","9":"tag-burgos","10":"tag-cantabria","11":"tag-entertainment","12":"tag-entretenimiento","13":"tag-es","14":"tag-espana","15":"tag-guardo","16":"tag-la-montana","17":"tag-librerias","18":"tag-libros","19":"tag-madrid","20":"tag-montana-palentina","21":"tag-montanismo","22":"tag-palencia","23":"tag-spain","24":"tag-valladolid"},"share_on_mastodon":{"url":"","error":""},"_links":{"self":[{"href":"https:\/\/www.europesays.com\/es\/wp-json\/wp\/v2\/posts\/10996","targetHints":{"allow":["GET"]}}],"collection":[{"href":"https:\/\/www.europesays.com\/es\/wp-json\/wp\/v2\/posts"}],"about":[{"href":"https:\/\/www.europesays.com\/es\/wp-json\/wp\/v2\/types\/post"}],"author":[{"embeddable":true,"href":"https:\/\/www.europesays.com\/es\/wp-json\/wp\/v2\/users\/2"}],"replies":[{"embeddable":true,"href":"https:\/\/www.europesays.com\/es\/wp-json\/wp\/v2\/comments?post=10996"}],"version-history":[{"count":0,"href":"https:\/\/www.europesays.com\/es\/wp-json\/wp\/v2\/posts\/10996\/revisions"}],"wp:featuredmedia":[{"embeddable":true,"href":"https:\/\/www.europesays.com\/es\/wp-json\/wp\/v2\/media\/10997"}],"wp:attachment":[{"href":"https:\/\/www.europesays.com\/es\/wp-json\/wp\/v2\/media?parent=10996"}],"wp:term":[{"taxonomy":"category","embeddable":true,"href":"https:\/\/www.europesays.com\/es\/wp-json\/wp\/v2\/categories?post=10996"},{"taxonomy":"post_tag","embeddable":true,"href":"https:\/\/www.europesays.com\/es\/wp-json\/wp\/v2\/tags?post=10996"}],"curies":[{"name":"wp","href":"https:\/\/api.w.org\/{rel}","templated":true}]}}