{"id":109982,"date":"2025-09-12T12:06:07","date_gmt":"2025-09-12T12:06:07","guid":{"rendered":"https:\/\/www.europesays.com\/es\/109982\/"},"modified":"2025-09-12T12:06:07","modified_gmt":"2025-09-12T12:06:07","slug":"paises-bajos-se-convierte-en-el-cuarto-pais-que-no-participara-en-eurovision-2026-si-compite-israel-esta-en-juego-el-sufrimiento-humano-television","status":"publish","type":"post","link":"https:\/\/www.europesays.com\/es\/109982\/","title":{"rendered":"Pa\u00edses Bajos se convierte en el cuarto pa\u00eds que no participar\u00e1 en Eurovisi\u00f3n 2026 si compite Israel: \u201cEst\u00e1 en juego el sufrimiento humano\u201d | Televisi\u00f3n"},"content":{"rendered":"<p class=\"\">Las voces contra Israel se acumulan, y el Festival de Eurovisi\u00f3n cada vez tiene m\u00e1s complicada su decisi\u00f3n alrededor de la participaci\u00f3n del pa\u00eds en la 70\u00aa edici\u00f3n del certamen que se celebrar\u00e1 en mayo del 2026. Pa\u00edses Bajos es el \u00faltimo en enviar un comunicado en el que asegura que no tomar\u00e1 parte del festival si compite <a href=\"https:\/\/elpais.com\/television\/2025-09-11\/irlanda-advierte-que-no-participara-en-eurovision-2026-si-compite-israel-es-inconcebible-con-el-deplorable-numero-de-victimas.html\" target=\"_self\" rel=\"nofollow noopener\" title=\"https:\/\/elpais.com\/television\/2025-09-11\/irlanda-advierte-que-no-participara-en-eurovision-2026-si-compite-israel-es-inconcebible-con-el-deplorable-numero-de-victimas.html\">Israel<\/a>, igual que hicieron antes Irlanda, Eslovenia e Islandia.<\/p>\n<p>M\u00e1s informaci\u00f3n<\/p>\n<p class=\"\"><a href=\"https:\/\/www.avrotros.nl\/article\/avrotros-trekt-grens-bij-songfestival-2026~1176\/\" target=\"_self\" rel=\"nofollow noopener\" title=\"https:\/\/www.avrotros.nl\/article\/avrotros-trekt-grens-bij-songfestival-2026~1176\/\">La cadena p\u00fablica neerlandesa AVROTROS<\/a> advierte a la Uni\u00f3n Europea de Radiodifusi\u00f3n (UER) de que, tras varias conversaciones con el organismo y el resto de corporaciones estatales, ha concluido que \u201cest\u00e1 en juego el sufrimiento humano, la libertad de prensa y la interferencia pol\u00edtica\u201d si participa Israel en pleno conflicto con Gaza.<\/p>\n<p class=\"\">\u201cEl Festival de Eurovisi\u00f3n fue fundado en 1956 para unir a la gente en un periodo de profunda divisi\u00f3n y guerra\u201d, explica el comunicado: \u201cLa m\u00fasica ha estado en el alma de una voz unificada con la paz, la igualdad y el respeto en su base. Por eso, AVROTROS no puede seguir justificando la participaci\u00f3n de Israel dada la actual situaci\u00f3n, y el severo dolor humano en Gaza. La corporaci\u00f3n tambi\u00e9n transmite una profunda preocupaci\u00f3n por la erosi\u00f3n de la libertad de prensa: con la deliberada exclusi\u00f3n de la prensa internacional independiente y las numerosas v\u00edctimas mortales. Adem\u00e1s, hay una probada interferencia del Gobierno israel\u00ed en el m\u00e1s reciente Eurovisi\u00f3n\u201d, apunta en referencia a la pol\u00e9mica por el televoto en la edici\u00f3n de Basilea.<\/p>\n<p class=\"\"><a href=\"https:\/\/elpais.com\/television\/2025-05-20\/la-carta-que-rtve-ha-enviado-a-eurovision-pide-una-revision-completa-del-televoto-y-muestra-gran-preocupacion-por-la-participacion-de-israel.html\" target=\"_self\" rel=\"nofollow noopener\" title=\"https:\/\/elpais.com\/television\/2025-05-20\/la-carta-que-rtve-ha-enviado-a-eurovision-pide-una-revision-completa-del-televoto-y-muestra-gran-preocupacion-por-la-participacion-de-israel.html\">En mayo, ya la espa\u00f1ola RTVE<\/a> escribi\u00f3 una carta a la organizadora de Eurovisi\u00f3n <a href=\"https:\/\/elpais.com\/television\/2025-05-18\/tve-solicitara-este-lunes-una-auditoria-del-televoto-espanol.html\" rel=\"nofollow noopener\" title=\"https:\/\/elpais.com\/television\/2025-05-18\/tve-solicitara-este-lunes-una-auditoria-del-televoto-espanol.html\" target=\"_blank\">solicitando una auditor\u00eda independiente<\/a> y una \u201crevisi\u00f3n completa\u201d del sistema de voto en el certamen. En ella, la cadena p\u00fablica espa\u00f1ola solicitaba una reformulaci\u00f3n del certamen para asegurar que no haya una \u201cinterferencia externa organizada por los pa\u00edses, como se ha demostrado recientemente\u201d. La misiva que pon\u00eda en duda el voto masivo del p\u00fablico a Israel recordaba que varias delegaciones, entre ellas Espa\u00f1a, \u201chan expresado una gran preocupaci\u00f3n sobre la participaci\u00f3n de Israel, la transparencia, legitimidad y la integridad percibida del actual sistema de votaci\u00f3n\u201d. Por ello, reclam\u00f3 a la UER varias medidas. Por un lado, una \u201creflexi\u00f3n sobre la participaci\u00f3n de Israel\u201d a trav\u00e9s de su televisi\u00f3n p\u00fablica, KAN, como ya hizo el pasado abril. \u201cLa inclusi\u00f3n de este pa\u00eds debe valorarse a la luz de los valores de paz, justicia y respeto por los derechos humanos que el festival de Eurovisi\u00f3n dice representar\u201d, dice el texto. \u201cLa UER no puede olvidar su compromiso con los derechos humanos\u201d.<\/p>\n<p class=\"\">La final de Eurovisi\u00f3n se celebrar\u00e1 el 16 de mayo de 2026, y algunos pa\u00edses como Islandia y Eslovenia ya han planteado tambi\u00e9n su retirada. <a href=\"https:\/\/elpais.com\/television\/2025-09-09\/benidorm-fest-anuncia-sus-novedades-para-2026-y-defiende-una-identidad-propia-al-margen-de-eurovision.html\" rel=\"nofollow noopener\" title=\"https:\/\/elpais.com\/television\/2025-09-09\/benidorm-fest-anuncia-sus-novedades-para-2026-y-defiende-una-identidad-propia-al-margen-de-eurovision.html\" target=\"_blank\">Espa\u00f1a esperar\u00e1 a diciembre<\/a> para mostrar su posici\u00f3n. Pa\u00edses Bajos asegura que seguir\u00e1 con los planes mientras no llegue esta asamblea, esperando que se vote no a la participaci\u00f3n de Israel, y que, de no tomar parte, estar\u00e1 encantado en volver en 2027. \u201cToda esta situaci\u00f3n es contraria a la posici\u00f3n apol\u00edtica del certamen\u201d, sigue Pa\u00edses Bajos en el comunicado: \u201cY son incompatibles con nuestros valores\u201d. <\/p>\n<p class=\"\">El ministro de Cultura espa\u00f1ol, Ernest Urtasun, record\u00f3 este lunes en el programa La hora de La 1 que la decisi\u00f3n final la tiene que tener la corporaci\u00f3n p\u00fablica, pero abog\u00f3 por la expulsi\u00f3n de Israel, y record\u00f3 que si esto no se logra, \u201chabr\u00e1 que adoptar medidas\u201d: \u201cNo se puede normalizar su participaci\u00f3n en foros internacionales como si nada ocurriera\u201d. La irlandesa RT\u00c9, a su vez, explic\u00f3 que la Asamblea General de la EBU del pasado julio \u201cvarios miembros plantearon preocupaciones sobre la participaci\u00f3n de Israel\u201d y agradeci\u00f3 el \u201cextenso proceso de consultas iniciado tras esta reuni\u00f3n y la extensi\u00f3n de la opci\u00f3n de retirarse sin penalizaci\u00f3n hasta diciembre\u201d.<\/p>\n<p class=\"\">\u201cEntendemos las preocupaciones y las opiniones profundamente arraigadas en torno al conflicto en curso en Oriente Medio. Todav\u00eda estamos consultando con todos los miembros de la UER para recopilar opiniones\u201d, ha respondido este jueves Martin Green, m\u00e1ximo responsable de Eurovisi\u00f3n sobre la decisi\u00f3n que tomar\u00e1n, mientras que cada d\u00eda m\u00e1s pa\u00edses se unen a las voces en contra antes de diciembre, cuando acaba el plazo de decisi\u00f3n: \u201cDepende de cada miembro decidir si quiere participar en el festival, y respetaremos cualquier decisi\u00f3n que tomen las cadenas\u201d<\/p>\n","protected":false},"excerpt":{"rendered":"Las voces contra Israel se acumulan, y el Festival de Eurovisi\u00f3n cada vez tiene m\u00e1s complicada su decisi\u00f3n&hellip;\n","protected":false},"author":2,"featured_media":109983,"comment_status":"","ping_status":"","sticky":false,"template":"","format":"standard","meta":{"footnotes":""},"categories":[42],"tags":[17,18,3061,7580,700,13,14,25188,11,26681,61,62,63,64,2908,19,20,185,9,10,15,16,807,20222,12,3156,21,22,65,66,67],"class_list":{"0":"post-109982","1":"post","2":"type-post","3":"status-publish","4":"format-standard","5":"has-post-thumbnail","7":"category-internacional","8":"tag-breaking-news","9":"tag-breakingnews","10":"tag-cantantes","11":"tag-concursos","12":"tag-europa","13":"tag-featured-news","14":"tag-featurednews","15":"tag-festival-eurovision","16":"tag-headlines","17":"tag-holanda","18":"tag-internacional","19":"tag-international","20":"tag-international-news","21":"tag-internationalnews","22":"tag-irlanda","23":"tag-latest-news","24":"tag-latestnews","25":"tag-musica","26":"tag-news","27":"tag-noticias","28":"tag-noticias-destacadas","29":"tag-noticiasdestacadas","30":"tag-television","31":"tag-television-publica","32":"tag-titulares","33":"tag-tve","34":"tag-ultimas-noticias","35":"tag-ultimasnoticias","36":"tag-world","37":"tag-world-news","38":"tag-worldnews"},"share_on_mastodon":{"url":"","error":""},"_links":{"self":[{"href":"https:\/\/www.europesays.com\/es\/wp-json\/wp\/v2\/posts\/109982","targetHints":{"allow":["GET"]}}],"collection":[{"href":"https:\/\/www.europesays.com\/es\/wp-json\/wp\/v2\/posts"}],"about":[{"href":"https:\/\/www.europesays.com\/es\/wp-json\/wp\/v2\/types\/post"}],"author":[{"embeddable":true,"href":"https:\/\/www.europesays.com\/es\/wp-json\/wp\/v2\/users\/2"}],"replies":[{"embeddable":true,"href":"https:\/\/www.europesays.com\/es\/wp-json\/wp\/v2\/comments?post=109982"}],"version-history":[{"count":0,"href":"https:\/\/www.europesays.com\/es\/wp-json\/wp\/v2\/posts\/109982\/revisions"}],"wp:featuredmedia":[{"embeddable":true,"href":"https:\/\/www.europesays.com\/es\/wp-json\/wp\/v2\/media\/109983"}],"wp:attachment":[{"href":"https:\/\/www.europesays.com\/es\/wp-json\/wp\/v2\/media?parent=109982"}],"wp:term":[{"taxonomy":"category","embeddable":true,"href":"https:\/\/www.europesays.com\/es\/wp-json\/wp\/v2\/categories?post=109982"},{"taxonomy":"post_tag","embeddable":true,"href":"https:\/\/www.europesays.com\/es\/wp-json\/wp\/v2\/tags?post=109982"}],"curies":[{"name":"wp","href":"https:\/\/api.w.org\/{rel}","templated":true}]}}