{"id":109994,"date":"2025-09-12T12:13:08","date_gmt":"2025-09-12T12:13:08","guid":{"rendered":"https:\/\/www.europesays.com\/es\/109994\/"},"modified":"2025-09-12T12:13:08","modified_gmt":"2025-09-12T12:13:08","slug":"el-consejo-que-rafa-nadal-podria-darle-a-carlos-alcaraz-tras-lo-de-su-nueva-novia","status":"publish","type":"post","link":"https:\/\/www.europesays.com\/es\/109994\/","title":{"rendered":"El consejo que Rafa Nadal podr\u00eda darle a Carlos Alcaraz tras lo de su nueva novia"},"content":{"rendered":"\n<p>Carlos Alcaraz vuelve a estar en el centro de todas las miradas. Esta vez no solo por su espectacular rendimiento sobre la pista, sino por los rumores que lo vinculan sentimentalmente con la modelo estadounidense Brooks Nader.<\/p>\n<p>La noticia ha generado mucho revuelo, especialmente porque tanto Alcaraz como Nader intentan mantener un perfil discreto. Sin embargo, la atenci\u00f3n medi\u00e1tica es inevitable cuando se trata de dos j\u00f3venes exitosos\u00a0y con miles de seguidores en todo el mundo.<\/p>\n<p>                    La recomendaci\u00f3n que Rafa Nadal podr\u00eda darle a Carlos Alcaraz<\/p>\n<p>Pero m\u00e1s all\u00e1 del inter\u00e9s sentimental, la pregunta que muchos se hacen es otra.\u00a0\u00bfPuede una relaci\u00f3n sentimental influir en el rendimiento de un deportista de \u00e9lite? \u00bfQu\u00e9 consejo podr\u00eda darle alguien que ha vivido esa experiencia con \u00e9xito? La respuesta parece\u00a0clara: Rafa Nadal.<\/p>\n<p>El manacor\u00ed no solo ha sido n\u00famero uno del mundo, sino tambi\u00e9n ejemplo de c\u00f3mo mantener una vida personal estable al margen de la presi\u00f3n. Durante toda su carrera, Rafa Nadal ha compartido su camino con Xisca Perell\u00f3, su actual esposa y madre de sus dos hijos.<\/p>\n<p>Lo ha hecho sin esc\u00e1ndalos, sin ruido y sin permitir que su vida privada afecte a su rendimiento profesional. Carlos Alcaraz ha dicho m\u00e1s de una vez que Nadal es su gran referente. No solo por lo que ha conseguido como deportista, sino por c\u00f3mo lo ha conseguido.<\/p>\n<p><img decoding=\"async\" style=\"width:100%\" src=\"https:\/\/www.europesays.com\/es\/wp-content\/uploads\/2025\/08\/montaje-rafa-nadal-chaqueta-gris-carlos-alcaraz-partido_1200_800.webp.webp\" class=\"img-responsive lazyload\" alt=\"Rafa Nadal y Carlos Alcaraz aparecen en la imagen, uno a la izquierda aplaudiendo con confeti azul alrededor y otro a la derecha sosteniendo una raqueta y mirando hacia un lado\" title=\"Rafa Nadal y Carlos Alcaraz aparecen en la imagen, uno a la izquierda aplaudiendo con confeti azul alrededor y otro a la derecha sosteniendo una raqueta y mirando hacia un lado\"\/><\/p>\n<p>| Europa Press, esp.xcatalunya.cat<\/p>\n<p>Uno de los consejos m\u00e1s valiosos que Rafa Nadal\u00a0le ha dado es: \u00abQue no tengo que ver el tenis como una obligaci\u00f3n, que realmente quiero ir a entrenar, que realmente quiero ser mejor. No tengo que serlo\u00bb. Y quiz\u00e1s ahora, m\u00e1s que nunca, esas palabras cobran sentido.<\/p>\n<p>                    Carlos Alcaraz quiere seguir el ejemplo de Rafa Nadal<\/p>\n<p>Tener una pareja no tiene por qu\u00e9 ser una distracci\u00f3n, al\u00a0contrario, puede convertirse en un apoyo clave. Lo importante es encontrar el equilibrio y\u00a0Rafa lo logr\u00f3. \u00bfPor qu\u00e9 no podr\u00eda hacerlo Alcaraz?<\/p>\n<p>Ambos comparten una mentalidad ganadora. Adem\u00e1s,\u00a0han demostrado que el trabajo duro da resultados, pero tambi\u00e9n es cierto que ning\u00fan campe\u00f3n llega lejos sin cuidar su bienestar emocional. Y ah\u00ed, Rafa Nadal es el ejemplo perfecto.<\/p>\n<p><img decoding=\"async\" style=\"width:100%\" src=\"https:\/\/www.europesays.com\/es\/wp-content\/uploads\/2025\/09\/carlos-alcaraz-hormiguero_1200_800.webp.webp\" class=\"img-responsive lazyload\" alt=\"Carlos Alcaraz sonriendo y levantando el pulgar en El Hormiguero con luces de fondo.\" title=\"Carlos Alcaraz sonriendo y levantando el pulgar en El Hormiguero con luces de fondo.\"\/><\/p>\n<p>| Atresmedia<\/p>\n<p>Carlos Alcaraz est\u00e1 construyendo su propio camino. Tal vez diferente, pero con la misma ambici\u00f3n. Si decide seguir los pasos de Rafa Nadal, no solo podr\u00eda alcanzar la cima del tenis, sino tambi\u00e9n el equilibrio personal que muchos anhelan.<\/p>\n<p>                    <a href=\"https:\/\/whatsapp.com\/channel\/0029VaeRw0E65yD4tEQYwu2p\" rel=\"nofollow noopener\" title=\"WhatsApp Link\" target=\"_blank\"><img loading=\"lazy\" decoding=\"async\" alt=\"Logo de WhatsApp\" class=\"lazyload\" src=\"\/filesedc\/uploads\/other\/whatsapp_icon_mid_article.png\" width=\"32\" height=\"32\" style=\"overflow:hidden\"\/><\/a><a href=\"https:\/\/whatsapp.com\/channel\/0029VaeRw0E65yD4tEQYwu2p\" rel=\"nofollow noopener\" title=\"WhatsApp Link\" target=\"_blank\"><strong>NOVEDAD WHATSAPP<\/strong>: \u00a1Pincha aqu\u00ed para recibir <strong>GRATIS<\/strong> las noticias m\u00e1s exclusivas de <strong>CORAZ\u00d3N<\/strong> en WhatsApp!<\/a><\/p>\n<p>\u00bfSer\u00e1 Brooks Nader parte de ese equilibrio que Carlos Alcaraz busca dentro y fuera de las pistas? El tiempo, como siempre, tendr\u00e1 la \u00faltima palabra. Por ahora, lo que s\u00ed est\u00e1 claro es que Rafa Nadal ya demostr\u00f3 que es posible alcanzar la cima del deporte sin renunciar al amor.<\/p>\n","protected":false},"excerpt":{"rendered":"Carlos Alcaraz vuelve a estar en el centro de todas las miradas. Esta vez no solo por su&hellip;\n","protected":false},"author":2,"featured_media":109995,"comment_status":"","ping_status":"","sticky":false,"template":"","format":"standard","meta":{"footnotes":""},"categories":[274],"tags":[168,25,24,23,167,327,326],"class_list":{"0":"post-109994","1":"post","2":"type-post","3":"status-publish","4":"format-standard","5":"has-post-thumbnail","7":"category-tenis","8":"tag-deportes","9":"tag-es","10":"tag-espana","11":"tag-spain","12":"tag-sports","13":"tag-tenis","14":"tag-tennis"},"share_on_mastodon":{"url":"","error":""},"_links":{"self":[{"href":"https:\/\/www.europesays.com\/es\/wp-json\/wp\/v2\/posts\/109994","targetHints":{"allow":["GET"]}}],"collection":[{"href":"https:\/\/www.europesays.com\/es\/wp-json\/wp\/v2\/posts"}],"about":[{"href":"https:\/\/www.europesays.com\/es\/wp-json\/wp\/v2\/types\/post"}],"author":[{"embeddable":true,"href":"https:\/\/www.europesays.com\/es\/wp-json\/wp\/v2\/users\/2"}],"replies":[{"embeddable":true,"href":"https:\/\/www.europesays.com\/es\/wp-json\/wp\/v2\/comments?post=109994"}],"version-history":[{"count":0,"href":"https:\/\/www.europesays.com\/es\/wp-json\/wp\/v2\/posts\/109994\/revisions"}],"wp:featuredmedia":[{"embeddable":true,"href":"https:\/\/www.europesays.com\/es\/wp-json\/wp\/v2\/media\/109995"}],"wp:attachment":[{"href":"https:\/\/www.europesays.com\/es\/wp-json\/wp\/v2\/media?parent=109994"}],"wp:term":[{"taxonomy":"category","embeddable":true,"href":"https:\/\/www.europesays.com\/es\/wp-json\/wp\/v2\/categories?post=109994"},{"taxonomy":"post_tag","embeddable":true,"href":"https:\/\/www.europesays.com\/es\/wp-json\/wp\/v2\/tags?post=109994"}],"curies":[{"name":"wp","href":"https:\/\/api.w.org\/{rel}","templated":true}]}}