{"id":110000,"date":"2025-09-12T12:16:08","date_gmt":"2025-09-12T12:16:08","guid":{"rendered":"https:\/\/www.europesays.com\/es\/110000\/"},"modified":"2025-09-12T12:16:08","modified_gmt":"2025-09-12T12:16:08","slug":"una-estrella-de-la-nba-se-entrena-en-ibiza","status":"publish","type":"post","link":"https:\/\/www.europesays.com\/es\/110000\/","title":{"rendered":"Una estrella de la NBA se entrena en Ibiza"},"content":{"rendered":"<p>El pabell\u00f3n de <a href=\"https:\/\/www.periodicodeibiza.es\/etiqueta\/Can+Guerxo.html?utm_source=Inline-tag&amp;utm_medium=internal\" rel=\"nofollow noopener\" target=\"_blank\">Can Guerxo<\/a>, hogar, entre otros, del equipo de <a href=\"https:\/\/www.periodicodeibiza.es\/etiqueta\/baloncesto.html?utm_source=Inline-tag&amp;utm_medium=internal\" rel=\"nofollow noopener\" target=\"_blank\">baloncesto<\/a> Club Recreatiu i Cultural Ses Salines, ha sido el escenario de una visita de lujo. Jimmy Butler (Houston, Texas, 1989), escolta de los Golden State Warriors de la <a href=\"https:\/\/www.periodicodeibiza.es\/etiqueta\/NBA.html?utm_source=Inline-tag&amp;utm_medium=internal\" rel=\"nofollow noopener\" target=\"_blank\">NBA<\/a>, estuvo el jueves entren\u00e1ndose en el parqu\u00e9 de dicho polideportivo.<\/p>\n<p>Los deportistas de \u00e9lite no descansan ni durante las vacaciones. Butler, una de las estrellas m\u00e1s brillantes de la liga estadounidense, aprovech\u00f3 sus vacaciones en Ibiza para prepararse para el comienzo de la temporada el pr\u00f3ximo 6 de octubre contra Los \u00c1ngeles Lakers.<\/p>\n<p>&#13;<br \/>\n&#13;<\/p>\n<p>Butler fue &#8216;Mejor jugador de la temporada&#8217; de las Finales de la Conferencia Este en el a\u00f1o 2023. El Cric Ses Salines ha querido agradecer en sus redes sociales la presencia de un jugador de tan alt\u00edsima talla como Butler.<\/p>\n<p>\u00abDe las canchas de la NBA a Ses Salines\u2026 Hoy hemos tenido el privilegio de recibir a nada m\u00e1s y nada menos que a Jimmy Butler, jugador de Golden State y una de las m\u00e1ximas figuras actuales del baloncesto mundial. Gracias por tu cercan\u00eda y por dejarnos vivir este momentazo \u00a1\u00c9xitos en tu temporada, Jimmy!\u00bb, escribi\u00f3 el club en la publicaci\u00f3n.<\/p>\n<p>Butler lleg\u00f3 a la NBA en 2011 tras ser seleccionado por los Chicago Bulls en la posici\u00f3n n\u00famero 30 del Draft. Jug\u00f3 para los Bulls, los Minnesota Timberwolves, los Philadelphia 76ers y los Miami Heat, con el que lleg\u00f3 a dos Finales de la NBA.<\/p>\n<blockquote class=\"instagram-media\" style=\"background: #FFF; border: 0; border-radius: 3px; box-shadow: 0 0 1px 0 rgba(0,0,0,0.5),0 1px 10px 0 rgba(0,0,0,0.15); margin: 1px; max-width: 540px; min-width: 326px; padding: 0; width: calc(100% - 2px);\" data-instgrm-captioned=\"\" data-instgrm-permalink=\"https:\/\/www.instagram.com\/p\/DOdTk0XDYRh\/?utm_source=ig_embed&amp;utm_campaign=loading\" data-instgrm-version=\"14\"><p>&#13;<br \/>\n&#13;\n<\/p><\/blockquote>\n<p>                        <script async src=\"\/\/www.instagram.com\/embed.js\"><\/script><\/p>\n","protected":false},"excerpt":{"rendered":"El pabell\u00f3n de Can Guerxo, hogar, entre otros, del equipo de baloncesto Club Recreatiu i Cultural Ses Salines,&hellip;\n","protected":false},"author":2,"featured_media":110001,"comment_status":"","ping_status":"","sticky":false,"template":"","format":"standard","meta":{"footnotes":""},"categories":[269],"tags":[1014,1015,299,298,37679,3061,255,10586,168,25,24,256,19407,1538,2183,3383,725,1725,23,167],"class_list":{"0":"post-110000","1":"post","2":"type-post","3":"status-publish","4":"format-standard","5":"has-post-thumbnail","7":"category-baloncesto","8":"tag-actores","9":"tag-actrices","10":"tag-baloncesto","11":"tag-basketball","12":"tag-can-guerxo","13":"tag-cantantes","14":"tag-celebrities","15":"tag-deporte-ibiza","16":"tag-deportes","17":"tag-es","18":"tag-espana","19":"tag-famosos","20":"tag-famosos-en-ibiza","21":"tag-futbolistas","22":"tag-influencers","23":"tag-modelos","24":"tag-musicos","25":"tag-nba","26":"tag-spain","27":"tag-sports"},"share_on_mastodon":{"url":"","error":""},"_links":{"self":[{"href":"https:\/\/www.europesays.com\/es\/wp-json\/wp\/v2\/posts\/110000","targetHints":{"allow":["GET"]}}],"collection":[{"href":"https:\/\/www.europesays.com\/es\/wp-json\/wp\/v2\/posts"}],"about":[{"href":"https:\/\/www.europesays.com\/es\/wp-json\/wp\/v2\/types\/post"}],"author":[{"embeddable":true,"href":"https:\/\/www.europesays.com\/es\/wp-json\/wp\/v2\/users\/2"}],"replies":[{"embeddable":true,"href":"https:\/\/www.europesays.com\/es\/wp-json\/wp\/v2\/comments?post=110000"}],"version-history":[{"count":0,"href":"https:\/\/www.europesays.com\/es\/wp-json\/wp\/v2\/posts\/110000\/revisions"}],"wp:featuredmedia":[{"embeddable":true,"href":"https:\/\/www.europesays.com\/es\/wp-json\/wp\/v2\/media\/110001"}],"wp:attachment":[{"href":"https:\/\/www.europesays.com\/es\/wp-json\/wp\/v2\/media?parent=110000"}],"wp:term":[{"taxonomy":"category","embeddable":true,"href":"https:\/\/www.europesays.com\/es\/wp-json\/wp\/v2\/categories?post=110000"},{"taxonomy":"post_tag","embeddable":true,"href":"https:\/\/www.europesays.com\/es\/wp-json\/wp\/v2\/tags?post=110000"}],"curies":[{"name":"wp","href":"https:\/\/api.w.org\/{rel}","templated":true}]}}