{"id":110002,"date":"2025-09-12T12:17:10","date_gmt":"2025-09-12T12:17:10","guid":{"rendered":"https:\/\/www.europesays.com\/es\/110002\/"},"modified":"2025-09-12T12:17:10","modified_gmt":"2025-09-12T12:17:10","slug":"pumas-se-interesa-a-ultima-hora-por-chimy-y-ofrece-casi-dos-millones-en-la-opcion-de-compra","status":"publish","type":"post","link":"https:\/\/www.europesays.com\/es\/110002\/","title":{"rendered":"Pumas se interesa a \u00faltima hora por Chimy y ofrece casi dos millones en la opci\u00f3n de compra"},"content":{"rendered":"<p>El Betis dialoga con el club mexicano por el argentino, cuyo agente descartaba esta semana su salida; ahora es el futbolista quien debe decidir<\/p>\n<p><img fetchpriority=\"high\" class=\"voc-img\" src=\"https:\/\/www.europesays.com\/es\/wp-content\/uploads\/2025\/09\/chimy-jflores-RiKh0rNCJgjROnXzhwiw6XO-1200x840@diario_abc.jpg\" loading=\"eager\" decoding=\"async\" alt=\"Chimy \u00c1vila, durante un entrenamiento del Betis\" width=\"1200\" height=\"840\"\/><\/p>\n<p>Chimy \u00c1vila, durante un entrenamiento del Betis    juan flores  <\/p>\n<p><img decoding=\"async\" class=\"voc-author__img\" src=\"https:\/\/www.europesays.com\/es\/wp-content\/uploads\/2025\/09\/autor-3503-foto-5.png\" alt=\"Mateo Gonz\u00e1lez\"\/><\/p>\n<p>12\/09\/2025<br \/>\n<br \/><strong><br \/>\nActualizado a las 11:57h.<br \/>\n<\/strong><\/p>\n<p class=\"voc-p\" style=\"\"><strong>Pumas de M\u00e9xico y Kasinpasa de Turqu\u00eda<\/strong> se han interesado en las \u00faltimas horas por la situaci\u00f3n de <strong>Chimy \u00c1vila<\/strong>, jugador del Betis, justo antes del cierre del mercado de fichajes en ambos pa\u00edses. En Heli\u00f3polis a\u00fan no han recibido ninguna oferta formal  &#8230; pero s\u00ed reconocen negociaciones para una salida del jugador, en principio en forma de cesi\u00f3n pero con intenci\u00f3n de que sea definitiva. Esta misma semana el agente del argentino descartaba su salida en estos instantes y garantizaba que el delantero estar\u00eda en el Betis hasta enero pero esta situaci\u00f3n puede sufrir un giro, sobre todo con la presi\u00f3n del equipo mexicano y con la voluntad del club heliopolitano de tramitar la marcha del delantero en determinadas condiciones.<\/p>\n<p class=\"voc-p\" style=\"\">Chimy era uno de los jugadores que intent\u00f3 el Betis sacar de su plantilla en el tramo final del mercado espa\u00f1ol para incluir a un nuevo atacante pero no hubo propuestas convincentes para todos al tiempo que el club verdiblanco cerraba las incorporaciones de <strong>Amrabat y Antony<\/strong>.<\/p>\n<p class=\"voc-p\" style=\"\">Ahora este inter\u00e9s de Pumas, sobre todo, puede variar el rumbo de Chimy, aunque la situaci\u00f3n debe avanzar muy r\u00e1pido dado que en M\u00e9xico, donde se dan por muy concretas las negociaciones para un traspaso, el mercado cierra en las pr\u00f3ximas horas. El equipo mexicano estar\u00eda dispuesto a asumir una cesi\u00f3n primero y pagar la cantidad de <strong>1,8 millones de euros<\/strong> en una opci\u00f3n de compra de te\u00f3rico f\u00e1cil cumplimiento para firmar al delantero y en el Betis valoran positivamente este acercamiento, con lo que dejan la decisi\u00f3n en manos del futbolista.  <\/p>\n<p class=\"voc-p\" style=\"\">Cabe recordar que el Betis pag\u00f3 cuatro millones de euros por Chimy en<strong> enero de 2024<\/strong> en el acuerdo con Osasuna para su fichaje, adem\u00e1s de ceder un diez por ciento m\u00e1s de los derechos de Ra\u00fal Garc\u00eda de Haro. En una de sus cl\u00e1usulas de variables se especifica que si llega a los 44 partidos como b\u00e9tico tendr\u00edan que pagar desde Heli\u00f3polis 350.000 euros m\u00e1s y est\u00e1 a s\u00f3lo tres encuentros de llegar. Los verdiblancos quieren recuperar parte de la inversi\u00f3n, al menos la que corresponde a su amortizaci\u00f3n recordando que su contrato tiene duraci\u00f3n hasta 2027.<\/p>\n<p><img loading=\"lazy\" decoding=\"async\" width=\"530\" height=\"64\" class=\"logo-premium\" src=\"data:image\/gif;base64,R0lGODlhAQABAAAAACH5BAEKAAEALAAAAAABAAEAAAICTAEAOw==\" alt=\"ABC Premium\"\/><br \/>\nL\u00edmite de sesiones alcanzadas<\/p>\n<ul class=\"listado\">\n<li>El acceso al contenido Premium est\u00e1 abierto por cortes\u00eda del establecimiento donde te encuentras, pero ahora mismo hay demasiados usuarios conectados a la vez. Por favor, int\u00e9ntalo pasados unos minutos.<\/li>\n<\/ul>\n<p>Volver a intentar<\/p>\n<p><img loading=\"lazy\" decoding=\"async\" width=\"530\" height=\"64\" class=\"logo-premium\" src=\"data:image\/gif;base64,R0lGODlhAQABAAAAACH5BAEKAAEALAAAAAABAAEAAAICTAEAOw==\" alt=\"ABC Premium\"\/><br \/>\nHas superado el l\u00edmite de sesiones<\/p>\n<ul class=\"listado\">\n<li>S\u00f3lo puedes tener tres sesiones iniciadas a la vez. Hemos cerrado la sesi\u00f3n m\u00e1s antigua para que sigas navegando sin l\u00edmites en el resto.<\/li>\n<\/ul>\n<p>Sigue navegando<\/p>\n<p>\nArt\u00edculo solo para suscriptores\n<\/p>\n<p>Reportar un error<\/p>\n","protected":false},"excerpt":{"rendered":"El Betis dialoga con el club mexicano por el argentino, cuyo agente descartaba esta semana su salida; ahora&hellip;\n","protected":false},"author":2,"featured_media":110003,"comment_status":"","ping_status":"","sticky":false,"template":"","format":"standard","meta":{"footnotes":""},"categories":[268],"tags":[37682,168,25,24,280,282,1458,37681,37680,4497,281,23,167,1885],"class_list":{"0":"post-110002","1":"post","2":"type-post","3":"status-publish","4":"format-standard","5":"has-post-thumbnail","7":"category-futbol","8":"tag-chimy","9":"tag-deportes","10":"tag-es","11":"tag-espana","12":"tag-football","13":"tag-futbol","14":"tag-hora","15":"tag-interesan","16":"tag-kasinpasa","17":"tag-pumas","18":"tag-soccer","19":"tag-spain","20":"tag-sports","21":"tag-ultima"},"share_on_mastodon":{"url":"","error":""},"_links":{"self":[{"href":"https:\/\/www.europesays.com\/es\/wp-json\/wp\/v2\/posts\/110002","targetHints":{"allow":["GET"]}}],"collection":[{"href":"https:\/\/www.europesays.com\/es\/wp-json\/wp\/v2\/posts"}],"about":[{"href":"https:\/\/www.europesays.com\/es\/wp-json\/wp\/v2\/types\/post"}],"author":[{"embeddable":true,"href":"https:\/\/www.europesays.com\/es\/wp-json\/wp\/v2\/users\/2"}],"replies":[{"embeddable":true,"href":"https:\/\/www.europesays.com\/es\/wp-json\/wp\/v2\/comments?post=110002"}],"version-history":[{"count":0,"href":"https:\/\/www.europesays.com\/es\/wp-json\/wp\/v2\/posts\/110002\/revisions"}],"wp:featuredmedia":[{"embeddable":true,"href":"https:\/\/www.europesays.com\/es\/wp-json\/wp\/v2\/media\/110003"}],"wp:attachment":[{"href":"https:\/\/www.europesays.com\/es\/wp-json\/wp\/v2\/media?parent=110002"}],"wp:term":[{"taxonomy":"category","embeddable":true,"href":"https:\/\/www.europesays.com\/es\/wp-json\/wp\/v2\/categories?post=110002"},{"taxonomy":"post_tag","embeddable":true,"href":"https:\/\/www.europesays.com\/es\/wp-json\/wp\/v2\/tags?post=110002"}],"curies":[{"name":"wp","href":"https:\/\/api.w.org\/{rel}","templated":true}]}}