{"id":110006,"date":"2025-09-12T12:19:12","date_gmt":"2025-09-12T12:19:12","guid":{"rendered":"https:\/\/www.europesays.com\/es\/110006\/"},"modified":"2025-09-12T12:19:12","modified_gmt":"2025-09-12T12:19:12","slug":"elogio-del-hierro-iii-de-chillida-regresa-a-bilbao-y-hunde-ya-sus-raices-junto-al-bellas-artes","status":"publish","type":"post","link":"https:\/\/www.europesays.com\/es\/110006\/","title":{"rendered":"&#8216;Elogio del Hierro III&#8217; de Chillida regresa a Bilbao y hunde ya sus ra\u00edces junto al Bellas Artes"},"content":{"rendered":"<p>Como esos urbanitas que se conceden un par de semanas en el campo para pronto regresar al lugar que en el fondo les hace sentirse  &#8230; bien, la escultura &#8216;Elogio del Hierro III&#8217; recuper\u00f3 este viernes el lugar que le corresponde en Bilbao, tras haber pasado unas vacaciones de siete a\u00f1os en las praderas de Chillida Leku. Junto al estanque de la plaza Circular, la escultura encargada por el BBVA para adornar la que fue su sede en la villa, se convirti\u00f3 en una de las estampas m\u00e1s caracter\u00edsticas de la ciudad. Su inauguraci\u00f3n en 1997 atrap\u00f3 la atenci\u00f3n medi\u00e1tica y la de los ciudadanos, y para la posteridad qued\u00f3 la foto donde los transe\u00fantes quedaron inmortalizados, entre ellos el artista Jes\u00fas Mari Lazkano. Admiraban la nueva incorporaci\u00f3n al paisaje (al lado del reci\u00e9n nacido fosterito del metro de Abando), que tras dos d\u00e9cadas qued\u00f3 desdibujado cuando por las obras en el entorno la obra de arte fue trasladada a respirar la tranquilidad y el aire puro de Chillida Leku. Pero &#8216;Elogio&#8217; no naci\u00f3 pensado para el campo, el hierro oxidado tiene que ver con el coraz\u00f3n de Bilbao, con sus industrias y sus barcos, y era de recibo que regresara a la ciudad para la que fue concebido. Finalmente, gracias a la cesi\u00f3n a largo plazo que ha hecho la instituci\u00f3n bancaria, vuelve a ocupar el espacio p\u00fablico que tanto deseaba el propio escultor para sus obras. <\/p>\n<p class=\"v-p\">La escultura, imponente con sus cuatro metros de altura y sus 18 toneladas, aguardaba cubierta con un velo blanco, asemej\u00e1ndose a una novia esperando a descubrirse en el momento m\u00e1s importante. La inauguraci\u00f3n result\u00f3 solemne, con las autoridades congregadas para darle la bienvenida. Estuvieron Ibone Bengoetxea, vicelehendakari primera y consejera de Cultura y Pol\u00edtica Ling\u00fc\u00edstica del Gobierno Vasco; Elixabete Etxanobe, diputada general de Bizkaia y presidenta del patronato del Bellas Artes; Luis y Mikel Chillida, presidente de la Fundaci\u00f3n Eduardo Chillida-Pilar Belzunce y director de Desarrollo de Chillida Leku, respectivamente; Carlos Torres Vila, presidente de BBVA; Juan Mari Aburto, alcalde de Bilbao; Mireia Massagu\u00e9, directora de Chillida Leku; Rafael Pardo, director de la Fundaci\u00f3n BBVA y vocal del museo, y el propio director de la pinacoteca, Miguel Zugaza.<\/p>\n<p><img decoding=\"async\" loading=\"lazy\" src=\"https:\/\/www.europesays.com\/es\/wp-content\/uploads\/2025\/09\/1500690139-kYXB--650x975@El Correo.jpg\" class=\"v-a-img\" width=\"650\" height=\"975\" alt=\"Carlos Torres Vila procede a destapar la obra junto a Elixabete Etxanobe.\" data-voc-vtm-id=\"in-text-traffic\"\/><\/p>\n<p>Carlos Torres Vila procede a destapar la obra junto a Elixabete Etxanobe.<\/p>\n<p>Ignacio P\u00e9rez<\/p>\n<p class=\"v-p\">Etxanobe aludi\u00f3 al doble homenaje que representa la obra que ya puede disfrutarse en el parque: \u00abPor un lado, a un material esencial en toda la trayectoria creativa de Chillida. Y por otro, a la tradici\u00f3n metal\u00fargica de la ciudad y del territorio, Bizkaia. Forjado con el esfuerzo, la energ\u00eda y la creatividad colectiva de sus gentes, el hierro ha sido durante siglos motor econ\u00f3mico, identidad cultural y tambi\u00e9n paisaje compartido, y Chillida supo traducir ese legado en formas art\u00edsticas llenas de intensidad y de significado\u00bb. Etxanobe agradeci\u00f3 finalmente al presidente del BBVA el haber hecho posible este regreso. <\/p>\n<p class=\"v-p\">Torres Vila, por su parte, expres\u00f3 \u00abel honor\u00bb que supone para \u00e9l \u00aby para el BBVA celebrar el retorno de esta escultura a Bilbao, en la Plaza Chillida, en honor a Eduardo, y en un lugar emblem\u00e1tico a la entrada del museo\u00bb. Cit\u00f3 la coincidencia con un \u00abmomento muy especial\u00bb para el Bellas Artes, \u00abinmerso en este ambicioso proceso de transformaci\u00f3n que no s\u00f3lo ampl\u00eda sus espacios, sino que refuerza tambi\u00e9n su papel como uno de los principales focos de atracci\u00f3n cultural en Espa\u00f1a y en Europa\u00bb. Record\u00f3 que la obra que el banco ha cedido \u00abfue concebida por y para Bilbao como un tributo a su tradici\u00f3n sider\u00fargica. La realiz\u00f3 Chillida por encargo del banco y es parte de nuestra historia, de la del BBVA y de la de Bilbao, una ciudad con la que tenemos fuertes lazos que nos unen. Y por eso me produce especial ilusi\u00f3n su vuelta gracias al acuerdo entre BBVA y el Museo de Bellas Artes\u00bb.<\/p>\n<p class=\"v-p\">Uno de los hijos del artista, Luis Chillida, tuvo palabras de recuerdo para su padre: \u00abPara aita esta escultura fue un trabajo muy especial. Fue una obra pensada y preparada para Bilbao, un homenaje a la importancia de este material industrial. Y tras unos a\u00f1os maravillosos que ha pasado con nosotros en Chillida Leku, la escultura regresa porque este es su sitio, un museo muy querido para \u00e9l, muy especial. Y vuelve a un espacio p\u00fablico, algo muy importante, pues su finalidad era que sus obras pudieran estar disponibles, abiertas al paseante\u00bb. <\/p>\n<p><img decoding=\"async\" loading=\"lazy\" src=\"https:\/\/www.europesays.com\/es\/wp-content\/uploads\/2025\/09\/1500690085.jpg\" class=\"v-a-img\" width=\"650\" height=\"455\" alt=\"Momento del descubrimiento.\" data-voc-vtm-id=\"in-text-traffic\"\/><\/p>\n<p>Momento del descubrimiento.<\/p>\n<p>Ignacio P\u00e9rez<\/p>\n<p><img loading=\"lazy\" decoding=\"async\" src=\"https:\/\/www.europesays.com\/es\/wp-content\/uploads\/2025\/09\/1500690085.jpg\" class=\"v-mdl__img-z\" width=\"1920\" height=\"1344\" alt=\"\"\/><\/p>\n<p class=\"v-p\">Miguel Zugaza, anfitri\u00f3n de la cita, expres\u00f3 su creencia en que el &#8216;Elogio del hierro III&#8217; \u00abvuelve a convertir esta plaza en un lugar de encuentros, donde la ciudadan\u00eda se relaciona con el arte y con la arquitectura\u00bb. \u00abY creo que todos estaremos de acuerdo tambi\u00e9n en destacar la labor del se\u00f1or I\u00f1igo Otero, que es el gruista que hizo que, con una facilidad enorme, esta pieza de 15 toneladas aproximadamente, se desplazara con total seguridad desde Chillida Leku y se posara en la Plaza Chillida\u00bb.<\/p>\n<p class=\"v-p\">El cuadernillo dedicado a las obras que siempre publica el museo con cada incorporaci\u00f3n o exposici\u00f3n, ha sido en este caso encargado al historiador Mikel Onandia: \u00abLa obra habla por s\u00ed misma. No se pudo instalar y presentar hasta 1997, concretamente se present\u00f3 el 18 de junio de 1997, por las obras de un hito importante en la ciudad, el metro de Bilbao\u00bb. Y record\u00f3 c\u00f3mo Chillida y Norman Foster, el arquitecto de metro, quisieron crear \u00abun di\u00e1logo\u00bb entre la escultura y el fosterito. <\/p>\n<p><img decoding=\"async\" loading=\"lazy\" src=\"https:\/\/www.europesays.com\/es\/wp-content\/uploads\/2025\/09\/1500690141-kYXB--748x524@El Correo.jpg\" class=\"v-a-img\" width=\"748\" height=\"524\" alt=\"Luis Chillida, Juan Mari Aburto, Carlos Torres Vila, Elixabete Etxanobe, Ibone Bengoetxea, Rafael Pardo y MIguel Zugaza, ante la escultura descubierta.\" data-voc-vtm-id=\"in-text-traffic\"\/><\/p>\n<p>Luis Chillida, Juan Mari Aburto, Carlos Torres Vila, Elixabete Etxanobe, Ibone Bengoetxea, Rafael Pardo y MIguel Zugaza, ante la escultura descubierta.<\/p>\n<p>Ignacio P\u00e9rez<\/p>\n<p><img loading=\"lazy\" decoding=\"async\" src=\"https:\/\/www.europesays.com\/es\/wp-content\/uploads\/2025\/09\/1500690141-kYXB--1920x1344@El Correo.jpg\" class=\"v-mdl__img-z\" width=\"1920\" height=\"1344\" alt=\"\"\/><\/p>\n<p class=\"v-p\">En su texto, el experto informa de c\u00f3mo el primer &#8216;Elogio del Hierro&#8217; \u00abfue creado en 1956; una escultura de 68&#215;52 cent\u00edmetros trabajada en la fragua a golpe de martillo\u00bb. M\u00e1s de tres d\u00e9cadas despu\u00e9s, \u00abel artista recuper\u00f3 el t\u00edtulo para una segunda peque\u00f1a escultura de 36&#215;13 cent\u00edmetros (1990)\u00bb. Explica que en la monumental tercera obra del mismo nombre que ya puede volver a contemplarse desde hoy en Bilbao, \u00abpredominan dos caras principales, anverso y reverso, a partir de una gran T o cruz, composici\u00f3n habitual en muchas de sus esculturas que es una de sus formas de mayor equilibrio est\u00e9tico. En la parte superior, los cuatro lingotes que crecen hacia arriba y se cierran hacia el centro. Cual garfios de acero que se envuelven sobre s\u00ed mismos, peinan el aire que se cuela en dicho escenario para crear un espacio\u00bb.<\/p>\n<p class=\"v-p\">En Chilllida Leku espera su turno &#8216;Lugar de Encuentros IV&#8217;, obra del escultor de 1973 que hasta que empezaron las obras del museo &#8216;colgaba&#8217; en la misma plaza Chillida, un poco m\u00e1s cerca del edificio, y que pronto ser\u00e1 instalada en el atrio del Bellas Artes. Parec\u00eda suspendida en el aire porque se sustentaba con cables de unas estructuras met\u00e1licas colocadas en la entrada del museo. Hecha de un material pesado como el hormig\u00f3n, el artista busc\u00f3 ese efecto de levitaci\u00f3n desafiando a las leyes de la gravedad. En Bilbao, hay otra escultura de Chillida en el Paseo de la Memoria, junto a la pasarela Pedro Arrupe, &#8216;Begirari IV (Centinela IV) de 1997. Y cerca del aeropuerto de Loiu se yergue &#8216;Elogio del aire II&#8217; (2000). <\/p>\n","protected":false},"excerpt":{"rendered":"Como esos urbanitas que se conceden un par de semanas en el campo para pronto regresar al lugar&hellip;\n","protected":false},"author":2,"featured_media":110007,"comment_status":"","ping_status":"","sticky":false,"template":"","format":"standard","meta":{"footnotes":""},"categories":[173],"tags":[229,233,1968,231,230,1967,2601,15909,232,234,25240,146,147,25,24,1854,20719,16745,2326,5551,2902,23],"class_list":{"0":"post-110006","1":"post","2":"type-post","3":"status-publish","4":"format-standard","5":"has-post-thumbnail","7":"category-arte-y-diseno","8":"tag-arte","9":"tag-arte-y-diseno","10":"tag-artes","11":"tag-arts","12":"tag-arts-and-design","13":"tag-bellas","14":"tag-bilbao","15":"tag-chillida","16":"tag-design","17":"tag-diseno","18":"tag-elogio","19":"tag-entertainment","20":"tag-entretenimiento","21":"tag-es","22":"tag-espana","23":"tag-hierro","24":"tag-hunde","25":"tag-iii","26":"tag-junto","27":"tag-raices","28":"tag-regresa","29":"tag-spain"},"share_on_mastodon":{"url":"","error":""},"_links":{"self":[{"href":"https:\/\/www.europesays.com\/es\/wp-json\/wp\/v2\/posts\/110006","targetHints":{"allow":["GET"]}}],"collection":[{"href":"https:\/\/www.europesays.com\/es\/wp-json\/wp\/v2\/posts"}],"about":[{"href":"https:\/\/www.europesays.com\/es\/wp-json\/wp\/v2\/types\/post"}],"author":[{"embeddable":true,"href":"https:\/\/www.europesays.com\/es\/wp-json\/wp\/v2\/users\/2"}],"replies":[{"embeddable":true,"href":"https:\/\/www.europesays.com\/es\/wp-json\/wp\/v2\/comments?post=110006"}],"version-history":[{"count":0,"href":"https:\/\/www.europesays.com\/es\/wp-json\/wp\/v2\/posts\/110006\/revisions"}],"wp:featuredmedia":[{"embeddable":true,"href":"https:\/\/www.europesays.com\/es\/wp-json\/wp\/v2\/media\/110007"}],"wp:attachment":[{"href":"https:\/\/www.europesays.com\/es\/wp-json\/wp\/v2\/media?parent=110006"}],"wp:term":[{"taxonomy":"category","embeddable":true,"href":"https:\/\/www.europesays.com\/es\/wp-json\/wp\/v2\/categories?post=110006"},{"taxonomy":"post_tag","embeddable":true,"href":"https:\/\/www.europesays.com\/es\/wp-json\/wp\/v2\/tags?post=110006"}],"curies":[{"name":"wp","href":"https:\/\/api.w.org\/{rel}","templated":true}]}}