{"id":110008,"date":"2025-09-12T12:20:11","date_gmt":"2025-09-12T12:20:11","guid":{"rendered":"https:\/\/www.europesays.com\/es\/110008\/"},"modified":"2025-09-12T12:20:11","modified_gmt":"2025-09-12T12:20:11","slug":"marc-colell-gana-el-cafe-gijon-de-novela","status":"publish","type":"post","link":"https:\/\/www.europesays.com\/es\/110008\/","title":{"rendered":"Marc Colell gana el Caf\u00e9 Gij\u00f3n de novela"},"content":{"rendered":"<p>Marc Colell (Barcelona, 1975) es el ganador del Premio de Novela Caf\u00e9 Gij\u00f3n 2025. Se lo adjudic\u00f3 por mayor\u00eda en su 75 edici\u00f3n con &#8216;Las  &#8230; crines&#8217;, una historia que narra el doble viaje de su protagonista hacia el coraz\u00f3n de la pampa argentina y su propio interior. Con una dotaci\u00f3n de 20.000 euros, el fallo se dio a conocer en el hist\u00f3rico Caf\u00e9 Gij\u00f3n de Madrid, donde Fernando Fern\u00e1n G\u00f3mez cre\u00f3 el premio hace 76 a\u00f1os. Siruela, sello que ampara el premio desde hace dos d\u00e9cadas, publicar\u00e1 la novela en enero de 2026. Collel toma el relevo de Mar\u00eda Fasce, ganadora el a\u00f1o pasado con &#8216;El final del bosque&#8217;.<\/p>\n<p class=\"v-p\">La novela ganadora \u00abconvierte la cr\u00f3nica de un desplazamiento real en un ejercicio de introspecci\u00f3n luminosa\u00bb. \u00abLo externo y lo \u00edntimo, la tierra, la memoria y la observaci\u00f3n social se entrelazan para componer un relato de descubrimiento y de transformaci\u00f3n con una prosa a la vez po\u00e9tica y precisa\u00bb, destaca el fallo del jurado. \u00abEs una novela de ecos gauchescos y un homenaje a la deslumbrante naturaleza argentina en cuyas p\u00e1ginas resuena la voz de autores como Juan Jos\u00e9 Saer o Ricardo G\u00fciraldes\u00bb, agrega el fallo.<\/p>\n<p class=\"v-p\">El protagonista viaja de Espa\u00f1a hasta Argentina con una llave en el bolsillo. Una amiga le ha dejado una quinta en el campo para pasar unas semanas. A la amiga le relatar\u00e1 en cartas sus experiencias, el poder de la casa y de algo que hay afuera, m\u00e1s all\u00e1.<\/p>\n<p class=\"v-p\">\u00abLa pampa -sus sonidos, sus noches, su luz, sus animales-, acompa\u00f1ar\u00e1n, como un personaje, como un narrador total, su recorrido, su mirada, y el extra\u00f1o transcurso de esos d\u00edas\u00bb, anticipan los editores. Lo que persigue es la soledad, pero muy pronto conocer\u00e1 a algunas personas que le obligar\u00e1n a salir, a formar parte de algo m\u00e1s, de todas esas vidas, su encierro, su terror, su esperanza, sus pesadillas, su silencio, su humanidad\u00bb. <\/p>\n<p class=\"v-p\">Marc Colell es licenciado en Humanidades por la Universitat Pompeu Fabra y en Letras por la Nacional de La Plata. Es autor de la colecci\u00f3n de aforismos calderonianos &#8216;Jard\u00edn Paremiol\u00f3gico&#8217; (2000) junto a Javier Aparicio Maydeu. Ha publicado la biograf\u00eda &#8216;Calder\u00f3n en tres jornadas&#8217;, recogida en &#8216;Estudios sobre Calder\u00f3n&#8217; (2000) y la novela &#8216;Reino vegetal&#8217; (2023), que obtuvo la menci\u00f3n especial en la 45.\u00aa edici\u00f3n del Premio Literario Kutxa Ciudad de Ir\u00fan.<\/p>\n<p class=\"v-p\">Es autor del volumen de relatos &#8216;El bozal&#8217; (2025), premiado en la Feria Internacional del Libro de Buenos Aires 2025. Publica relatos de ficci\u00f3n en la revista Zenda-Edhasa. Vive en L&#8217;Escala (Girona).<\/p>\n<p class=\"v-p\">Mercedes Monmany presidi\u00f3 en esta edici\u00f3n un jurado del que formaron parte los escritores Pilar Ad\u00f3n, Ricardo Men\u00e9ndez Salm\u00f3n, Gioconda Belli y Marcos Giralt Torrente.<\/p>\n<p class=\"v-p\">En esta edici\u00f3n hubo un recuerdo especial para Carmen Mart\u00edn Gaite, ganadora del premio en 1954 con &#8216;El balneario&#8217; y de quien este a\u00f1o se celebra el centenario de su nacimiento. Tambi\u00e9n para Jos\u00e9 Mar\u00eda Guelbenzu, vinculado al galard\u00f3n como presidente del jurado durante tantos a\u00f1os, y recientemente fallecido.<\/p>\n<p class=\"v-p\">Referente de los premios de narrativa, el Caf\u00e9 Gij\u00f3n es uno de los m\u00e1s antiguos. Naci\u00f3 en 1949, como r\u00e9plica al Premio Nadal concedido en Barcelona, por iniciativa del actor y escritor Fernando Fern\u00e1n G\u00f3mez y de un grupo de amigos con los que compart\u00eda tertulia en el caf\u00e9 del Paseo de Recoletos, entre los que se encontraban Camilo Jos\u00e9 Cela, Jos\u00e9 Garc\u00eda Nieto, Manuel Aleixandre o Eduardo Haro Tecglen.<\/p>\n<p class=\"v-p\">El Ayuntamiento de Gij\u00f3n patrocina este premio que cuenta en su n\u00f3mina con ganadores como Luis Mateo D\u00edez, Ana Mar\u00eda Matute, Luis del Val, Eduardo Mendicutti, Fulgencio Arg\u00fcelles, Fernando Qui\u00f1ones, Jos\u00e9 Carlos Somoza o L\u00e1zaro Covadlo.<\/p>\n<p class=\"v-p\">Esta era la decimonovena edici\u00f3n de premio bajo el amparo editorial de Siruela, que public\u00f3 obras ganadoras como &#8216;Los nombres prestados&#8217;, de Alexis Ravelo; &#8216;Volver a cu\u00e1ndo&#8217;, de Mar\u00eda Elena Mor\u00e1n; &#8216;Antes de que llegue el olvido&#8217;, de Ana Rodr\u00edguez Fischer, o &#8216;El final del bosque&#8217;, con la que Mar\u00eda Fasce gan\u00f3 la pasada edici\u00f3n. <\/p>\n","protected":false},"excerpt":{"rendered":"Marc Colell (Barcelona, 1975) es el ganador del Premio de Novela Caf\u00e9 Gij\u00f3n 2025. Se lo adjudic\u00f3 por&hellip;\n","protected":false},"author":2,"featured_media":110009,"comment_status":"","ping_status":"","sticky":false,"template":"","format":"standard","meta":{"footnotes":""},"categories":[172],"tags":[224,6185,37683,146,147,25,24,4355,6023,225,6489,1645,23],"class_list":{"0":"post-110008","1":"post","2":"type-post","3":"status-publish","4":"format-standard","5":"has-post-thumbnail","7":"category-libros","8":"tag-books","9":"tag-cafe","10":"tag-colell","11":"tag-entertainment","12":"tag-entretenimiento","13":"tag-es","14":"tag-espana","15":"tag-gana","16":"tag-gijon","17":"tag-libros","18":"tag-marc","19":"tag-novela","20":"tag-spain"},"share_on_mastodon":{"url":"","error":""},"_links":{"self":[{"href":"https:\/\/www.europesays.com\/es\/wp-json\/wp\/v2\/posts\/110008","targetHints":{"allow":["GET"]}}],"collection":[{"href":"https:\/\/www.europesays.com\/es\/wp-json\/wp\/v2\/posts"}],"about":[{"href":"https:\/\/www.europesays.com\/es\/wp-json\/wp\/v2\/types\/post"}],"author":[{"embeddable":true,"href":"https:\/\/www.europesays.com\/es\/wp-json\/wp\/v2\/users\/2"}],"replies":[{"embeddable":true,"href":"https:\/\/www.europesays.com\/es\/wp-json\/wp\/v2\/comments?post=110008"}],"version-history":[{"count":0,"href":"https:\/\/www.europesays.com\/es\/wp-json\/wp\/v2\/posts\/110008\/revisions"}],"wp:featuredmedia":[{"embeddable":true,"href":"https:\/\/www.europesays.com\/es\/wp-json\/wp\/v2\/media\/110009"}],"wp:attachment":[{"href":"https:\/\/www.europesays.com\/es\/wp-json\/wp\/v2\/media?parent=110008"}],"wp:term":[{"taxonomy":"category","embeddable":true,"href":"https:\/\/www.europesays.com\/es\/wp-json\/wp\/v2\/categories?post=110008"},{"taxonomy":"post_tag","embeddable":true,"href":"https:\/\/www.europesays.com\/es\/wp-json\/wp\/v2\/tags?post=110008"}],"curies":[{"name":"wp","href":"https:\/\/api.w.org\/{rel}","templated":true}]}}