{"id":110020,"date":"2025-09-12T12:26:07","date_gmt":"2025-09-12T12:26:07","guid":{"rendered":"https:\/\/www.europesays.com\/es\/110020\/"},"modified":"2025-09-12T12:26:07","modified_gmt":"2025-09-12T12:26:07","slug":"cinco-asiaticos-en-13-rue-del-percebe-babelia","status":"publish","type":"post","link":"https:\/\/www.europesays.com\/es\/110020\/","title":{"rendered":"Cinco asi\u00e1ticos en \u201813, Rue del Percebe\u2019 | Babelia"},"content":{"rendered":"<p class=\"\">Un viaje de ida y vuelta desde el mar de la China hasta el jard\u00edn europeo. En El Drag\u00f3n de Oro, <a href=\"https:\/\/elpais.com\/suscripciones\/elpaismas\/2025-09-02\/el-dragon-de-oro-en-el-teatro-de-la-abadia.html\" target=\"_self\" rel=\"nofollow noopener\" title=\"https:\/\/elpais.com\/suscripciones\/elpaismas\/2025-09-02\/el-dragon-de-oro-en-el-teatro-de-la-abadia.html\">Roland Schimmelpfennig, <\/a>el autor alem\u00e1n m\u00e1s representado actualmente, embarca al p\u00fablico en sendos periplos. Por un lado, le invita a entrar en las viviendas de un edificio modesto de una ciudad de Europa, en cuyos bajos funciona un restaurante de comida tailandesa, china y vietnamita cuyo nombre da t\u00edtulo a la funci\u00f3n. El segundo viaje es mar\u00edtimo y sigue la ruta de miles de contenedores que proveen a la UE de todo lo que dej\u00f3 de fabricar o de lo que produce a precios inasequibles. Solo que en esta comedia bufa la navegaci\u00f3n no la emprende un buque portacontenedores sino un humilde ciudadano asi\u00e1tico.<\/p>\n<p class=\"\">Schimmelpfennig se dio a conocer en Espa\u00f1a en catal\u00e1n, a trav\u00e9s de un ciclo de obras producido por la <a href=\"https:\/\/elpais.com\/noticias\/samuel-beckett\/\" target=\"_self\" rel=\"nofollow noopener\" title=\"https:\/\/elpais.com\/noticias\/samuel-beckett\/\">Sala Beckett<\/a> en 2006. En castellano se le ha representado menos, aunque Dyron Triay escenific\u00f3 El Drag\u00f3n de Oro hace unos a\u00f1os. El \u00e9xito del estreno de su montaje en gallego, en 2024, ha llevado a Sarabela Teatro a presentarlo en espa\u00f1ol en el Festival de Olite y ahora en La Abad\u00eda, cuya nueva temporada abri\u00f3 anoche. Es un texto complejo, desarrollado en tres planos.<\/p>\n<p class=\"\">El primer plano es el del actor, con su edad y su g\u00e9nero ciertos. En un segundo nivel, el int\u00e9rprete se convierte en un narrador que define en cuatro palabras al personaje que encarnar\u00e1 a continuaci\u00f3n, cuya edad y sexo son los opuestos del propio actor. Las mujeres representan papeles masculinos, y viceversa. Los actores de mayor edad interpretan a los personajes j\u00f3venes (y a la inversa). Bajo la direcci\u00f3n de<a href=\"https:\/\/elpais.com\/diario\/2009\/10\/28\/galicia\/1256728704_850215.html\" target=\"_self\" rel=\"nofollow noopener\" title=\"https:\/\/elpais.com\/diario\/2009\/10\/28\/galicia\/1256728704_850215.html\"> \u00c1nxeles Cu\u00f1a <\/a>estos tres niveles quedan perfectamente delimitados desde el principio: tanta es la facilidad con la que se suceden, que sus int\u00e9rpretes se permiten agregar un cuarto plano, en el cual hablan desde s\u00ed mismos. Por ejemplo, cuando Fernando Dacosta se permite decirle al traductor: \u201cTienes que cambiar eso\u201d, o cuando Fran Lareu abandona por un instante su papel de Cigarra para advertirle a Dacosta: \u201cNo te pases\u201d, porque en el papel de Hormiga ha elevado la intensidad de su grito m\u00e1s all\u00e1 de lo razonable.<\/p>\n<p class=\"\">Schimmelpfennig nos traslada desde la m\u00edsera cocina del restaurante a la tienda contigua; del pen\u00faltimo piso donde un anciano vive en soledad, al \u00e1tico alquilado por su sobrina y su novio, para saltar despu\u00e9s a una vivienda de la segunda planta, donde habita una pareja a punto de separarse. En este recorrido, el p\u00fablico va haci\u00e9ndose una imagen mental similar a la que Ib\u00e1\u00f1ez plasm\u00f3 en sus vi\u00f1etas de<a href=\"https:\/\/elpais.com\/espana\/madrid\/2025-03-14\/los-vecinos-mas-famosos-de-bruguera-se-mudan-a-carabanchel-con-motivo-del-primer-dia-oficial-de-francisco-ibanez.html\" target=\"_self\" rel=\"nofollow noopener\" title=\"https:\/\/elpais.com\/espana\/madrid\/2025-03-14\/los-vecinos-mas-famosos-de-bruguera-se-mudan-a-carabanchel-con-motivo-del-primer-dia-oficial-de-francisco-ibanez.html\"> 13, Rue del Percebe,<\/a> aunque lo que tiene delante es un estrado con una cortina de fondo que evoca las del music hall pero tambi\u00e9n las mosquiteras de los hogares rurales. Estamos en un cabar\u00e9 en el que los actores entran y salen de su papel, se transfiguran o comentan la jugada a la manera brechtiana, mientras se produce la confluencia inesperada entre un friso de historias vecinales independientes en apariencia.<\/p>\n<p class=\"\">Los int\u00e9rpretes Lareu, Dacosta, Fernando Gonz\u00e1lez, Sabela Gago y, especialmente, Fina Calleja, no pod\u00edan estar mejor. Los intermedios musicales a\u00f1adidos por la directora resultan oportunos dram\u00e1ticamente, pero tambi\u00e9n porque prolongan la obra hasta una duraci\u00f3n promedio. El p\u00fablico del estreno, entre el que no hab\u00eda claque, salud\u00f3 el final con un aplauso largo, sincero, que los int\u00e9rpretes recibieron con emoci\u00f3n. Enseguida, le pidieron al autor que se levantara a saludar. A la salida, la editorial Punto de Vista vende un reci\u00e9n aparecido volumen con una cuidada edici\u00f3n de esta y de otras cinco obras de Schimmelpfennig. <\/p>\n<p class=\"\"><a href=\"https:\/\/www.teatroabadia.com\/espectaculo\/el-dragon-de-oro\/\" target=\"_self\" rel=\"nofollow noopener\" title=\"https:\/\/www.teatroabadia.com\/espectaculo\/el-dragon-de-oro\/\"><b>\u2018El Drag\u00f3n de Oro\u2019<\/b>.<\/a> Texto: Roland Schimmelpfennig. Teatro de La Abad\u00eda, Madrid. Hasta el 28 de septiembre. <\/p>\n","protected":false},"excerpt":{"rendered":"Un viaje de ida y vuelta desde el mar de la China hasta el jard\u00edn europeo. En El&hellip;\n","protected":false},"author":2,"featured_media":110021,"comment_status":"","ping_status":"","sticky":false,"template":"","format":"standard","meta":{"footnotes":""},"categories":[91],"tags":[1014,10954,37688,209,37689,146,147,25,24,2793,16717,1652,23,1651],"class_list":{"0":"post-110020","1":"post","2":"type-post","3":"status-publish","4":"format-standard","5":"has-post-thumbnail","7":"category-entretenimiento","8":"tag-actores","9":"tag-artes-escenicas","10":"tag-critica-teatral","11":"tag-cultura","12":"tag-dramaturgos","13":"tag-entertainment","14":"tag-entretenimiento","15":"tag-es","16":"tag-espana","17":"tag-espectaculos","18":"tag-estrenos-teatro","19":"tag-obras-teatro","20":"tag-spain","21":"tag-teatro"},"share_on_mastodon":{"url":"","error":""},"_links":{"self":[{"href":"https:\/\/www.europesays.com\/es\/wp-json\/wp\/v2\/posts\/110020","targetHints":{"allow":["GET"]}}],"collection":[{"href":"https:\/\/www.europesays.com\/es\/wp-json\/wp\/v2\/posts"}],"about":[{"href":"https:\/\/www.europesays.com\/es\/wp-json\/wp\/v2\/types\/post"}],"author":[{"embeddable":true,"href":"https:\/\/www.europesays.com\/es\/wp-json\/wp\/v2\/users\/2"}],"replies":[{"embeddable":true,"href":"https:\/\/www.europesays.com\/es\/wp-json\/wp\/v2\/comments?post=110020"}],"version-history":[{"count":0,"href":"https:\/\/www.europesays.com\/es\/wp-json\/wp\/v2\/posts\/110020\/revisions"}],"wp:featuredmedia":[{"embeddable":true,"href":"https:\/\/www.europesays.com\/es\/wp-json\/wp\/v2\/media\/110021"}],"wp:attachment":[{"href":"https:\/\/www.europesays.com\/es\/wp-json\/wp\/v2\/media?parent=110020"}],"wp:term":[{"taxonomy":"category","embeddable":true,"href":"https:\/\/www.europesays.com\/es\/wp-json\/wp\/v2\/categories?post=110020"},{"taxonomy":"post_tag","embeddable":true,"href":"https:\/\/www.europesays.com\/es\/wp-json\/wp\/v2\/tags?post=110020"}],"curies":[{"name":"wp","href":"https:\/\/api.w.org\/{rel}","templated":true}]}}