{"id":110026,"date":"2025-09-12T12:29:07","date_gmt":"2025-09-12T12:29:07","guid":{"rendered":"https:\/\/www.europesays.com\/es\/110026\/"},"modified":"2025-09-12T12:29:07","modified_gmt":"2025-09-12T12:29:07","slug":"trump-asegura-que-el-sospechoso-del-asesinato-de-su-aliado-charlie-kirk-esta-detenido-internacional","status":"publish","type":"post","link":"https:\/\/www.europesays.com\/es\/110026\/","title":{"rendered":"Trump asegura que el sospechoso del asesinato de su aliado Charlie Kirk est\u00e1 \u201cdetenido\u201d | Internacional"},"content":{"rendered":"<p class=\"\">El presidente de Estados Unidos anunci\u00f3 este viernes en una entrevista en el programa matinal de Fox News que cree que el asesino de su aliado Charlie Kirk est\u00e1 \u201cdetenido\u201d. Trump, que no ofreci\u00f3 m\u00e1s detalles, tambi\u00e9n dijo que alguien \u201cmuy cercano a [el sospechoso] lo delat\u00f3\u201d y agreg\u00f3 que las autoridades ofrecer\u00edan m\u00e1s detalles a lo largo de este viernes.<\/p>\n<p class=\"\">De ser cierta la informaci\u00f3n dada por Trump, que a\u00f1adi\u00f3 el matiz de que lo sab\u00eda \u201ccon un alto grado de certeza\u201d, han hecho falta casi dos d\u00edas para dar captura al sospechoso del asesinato, el mi\u00e9rcoles pasado, <a href=\"https:\/\/elpais.com\/internacional\/2025-09-11\/el-asesinato-del-activista-trumpista-charlie-kirk-resucita-el-fantasma-de-la-violencia-politica-en-estados-unidos.html\" rel=\"nofollow noopener\" target=\"_blank\">del activista conservador<\/a>. El FBI anunci\u00f3 a \u00faltima hora de la noche del jueves, en una decepcionante conferencia de prensa en Orem (Utah), que el tipo, que dispar\u00f3 a Kirk ante una multitud y desde una distancia de unos 70 metros una bala que le dio en el cuello y que lo mat\u00f3 inmediatamente mientras participaba en un acto p\u00fablico en el campus de la universidad de Utah Valley, a\u00fan estaba a la fuga. <\/p>\n<p class=\"\">En una aparici\u00f3n en el programa Fox &amp; Friends, tal vez el espacio televisivo en el que m\u00e1s veces ha salido Trump en antena desde su entrada en pol\u00edtica, hace 10 a\u00f1os, el presidente de Estados Unidos afirm\u00f3 que Kirk era \u201ccomo un hijo\u201d para \u00e9l.<\/p>\n<p class=\"\">Seg\u00fan las primeras conclusiones de la investigaci\u00f3n, perpetr\u00f3 su crimen con un rifle de caza \u201cde alta capacidad\u201d que los agentes encontraron \u201cen un bosque cercano\u201d al lugar de los hechos. El jueves, la agencia hab\u00eda publicado dos fotos del sospechoso en su cuenta de X, y ofrecido una recompensa de 100.000 d\u00f3lares a quien diera una pista que sirviera para la captura del presunto asesino. Despu\u00e9s se supo que los l\u00edderes del FBI, Kash Patel y Dan Bognino, estaban camino de Salt Lake City para participar de las labores de investigaci\u00f3n y, finalmente, en un gran anuncio que nunca lleg\u00f3. <\/p>\n<p class=\"\">El mi\u00e9rcoles, Patel dio err\u00f3neamente por resuelta la b\u00fasqueda en un mensaje en X del que tuvo que desdecirse poco despu\u00e9s. <\/p>\n<p class=\"\">[Noticia de \u00faltima hora. Habr\u00e1 actualizaci\u00f3n en breve].<\/p>\n","protected":false},"excerpt":{"rendered":"El presidente de Estados Unidos anunci\u00f3 este viernes en una entrevista en el programa matinal de Fox News&hellip;\n","protected":false},"author":2,"featured_media":110027,"comment_status":"","ping_status":"","sticky":false,"template":"","format":"standard","meta":{"footnotes":""},"categories":[42],"tags":[889,1154,17,18,37536,629,13,14,11,61,62,63,64,19,20,9,2556,10,15,16,30471,17918,12,21,22,65,66,67],"class_list":{"0":"post-110026","1":"post","2":"type-post","3":"status-publish","4":"format-standard","5":"has-post-thumbnail","7":"category-internacional","8":"tag-america","9":"tag-asesinatos","10":"tag-breaking-news","11":"tag-breakingnews","12":"tag-charlie-kirk","13":"tag-estados-unidos","14":"tag-featured-news","15":"tag-featurednews","16":"tag-headlines","17":"tag-internacional","18":"tag-international","19":"tag-international-news","20":"tag-internationalnews","21":"tag-latest-news","22":"tag-latestnews","23":"tag-news","24":"tag-norteamerica","25":"tag-noticias","26":"tag-noticias-destacadas","27":"tag-noticiasdestacadas","28":"tag-partido-democrata-ee-uu","29":"tag-partido-republicano-ee-uu","30":"tag-titulares","31":"tag-ultimas-noticias","32":"tag-ultimasnoticias","33":"tag-world","34":"tag-world-news","35":"tag-worldnews"},"share_on_mastodon":{"url":"","error":""},"_links":{"self":[{"href":"https:\/\/www.europesays.com\/es\/wp-json\/wp\/v2\/posts\/110026","targetHints":{"allow":["GET"]}}],"collection":[{"href":"https:\/\/www.europesays.com\/es\/wp-json\/wp\/v2\/posts"}],"about":[{"href":"https:\/\/www.europesays.com\/es\/wp-json\/wp\/v2\/types\/post"}],"author":[{"embeddable":true,"href":"https:\/\/www.europesays.com\/es\/wp-json\/wp\/v2\/users\/2"}],"replies":[{"embeddable":true,"href":"https:\/\/www.europesays.com\/es\/wp-json\/wp\/v2\/comments?post=110026"}],"version-history":[{"count":0,"href":"https:\/\/www.europesays.com\/es\/wp-json\/wp\/v2\/posts\/110026\/revisions"}],"wp:featuredmedia":[{"embeddable":true,"href":"https:\/\/www.europesays.com\/es\/wp-json\/wp\/v2\/media\/110027"}],"wp:attachment":[{"href":"https:\/\/www.europesays.com\/es\/wp-json\/wp\/v2\/media?parent=110026"}],"wp:term":[{"taxonomy":"category","embeddable":true,"href":"https:\/\/www.europesays.com\/es\/wp-json\/wp\/v2\/categories?post=110026"},{"taxonomy":"post_tag","embeddable":true,"href":"https:\/\/www.europesays.com\/es\/wp-json\/wp\/v2\/tags?post=110026"}],"curies":[{"name":"wp","href":"https:\/\/api.w.org\/{rel}","templated":true}]}}