{"id":110032,"date":"2025-09-12T12:32:07","date_gmt":"2025-09-12T12:32:07","guid":{"rendered":"https:\/\/www.europesays.com\/es\/110032\/"},"modified":"2025-09-12T12:32:07","modified_gmt":"2025-09-12T12:32:07","slug":"carranque-para-continuar-hacia-arriba","status":"publish","type":"post","link":"https:\/\/www.europesays.com\/es\/110032\/","title":{"rendered":"Carranque para continuar hacia arriba"},"content":{"rendered":"<p>            <a href=\"https:\/\/www.merchanendirecto.es\/wp-content\/uploads\/2025\/09\/LY9A6119-scaled.webp\" data-caption=\"\" rel=\"nofollow noopener\" target=\"_blank\"><img loading=\"lazy\" decoding=\"async\" width=\"696\" height=\"464\" class=\"entry-thumb td-modal-image\" src=\"https:\/\/www.europesays.com\/es\/wp-content\/uploads\/2025\/09\/LY9A6119-696x464.webp.webp\"   alt=\"\" title=\"LY9A6119\"\/><\/a><\/p>\n<p><strong>El Costa del Sol M\u00e1laga recibe en la tercera jornada este s\u00e1bado al Caja Rural Aula Valladolid en casa<\/strong>.<\/p>\n<p>El Costa del Sol M\u00e1laga vuelve a casa 10 d\u00edas despu\u00e9s para afrontar un nuevo desaf\u00edo en la Liga Guerreras Iberdrola. Este s\u00e1bado, a las 19:00 horas, el Caja Rural Aula Valladolid visita Carranque en una tarde de balonmano de nivel en la Ciudad Deportiva Javier Imbroda. Oportunidad para continuar hacia arriba como equipo para las panteras, que despu\u00e9s tendr\u00e1n el par\u00f3n internacional, aunque se disputar\u00e1 aprovechando este hueco del calendario la final de la Copa de Andaluc\u00eda.<\/p>\n<p>Despu\u00e9s del triunfo ante el Elda Prestigio toca dibujar otro punto en el papel que ya dibuja una l\u00ednea de continuidad en las buenas sensaciones as\u00ed como en los resultados. \u00abAntes del par\u00f3n internacional viene otra jornada clave en casa, tenemos que intentar dejar escapar los menos posibles, o ninguno a poder ser. Otro partido para seguir creciendo y afianz\u00e1ndonos un poco m\u00e1s en la clasificaci\u00f3n y con el trabajo que llevamos haciendo desde julio\u00bb, asegura en la previa Suso Gallardo.<\/p>\n<p>Arropadas por su gente, las malague\u00f1as esperan al conjunto de Salva Guardia, al que ganaron con aprietos en la Summer Bag de Villacelama en pretemporada. \u00abViene un equipo muy joven, que est\u00e1 trabajando muy bien, pero al final son muchas caras nuevas. Creo que son capaces de lo mejor y lo peor, es lo que tiene la juventud. Nosotras tenemos que centrarnos en nuestro trabajo, seguir creciendo desde atr\u00e1s, ser fuertes en las transiciones y en los repliegues. Hay que hacerse fuertes en casa, una victoria nos da ese plus para creer en lo que estamos haciendo y para irnos al par\u00f3n internacional con los deberes hechos\u00bb, explica el entrenador.<\/p>\n<p>El Caja Rural Aula Valladolid llega con un balance de una victoria, en Lanzarote en la primera jornada; y una derrota, en Huerta del Rey a manos del Replasa Beti-Onak. Es una plantilla que ha sufrido profundos cambios con muchas salidas, entre ellas la de Martu Romero. Ha incorporado talento joven como Sandra Monteagudo o Naroa Baquedano, entre otras. Suso Gallardo volver\u00e1 a contar con las mismas piezas del anterior partido, aunque seguir\u00e1n sin estar en la convocatoria Silvia Arderius, Rita Campos, Laura S\u00e1nchez y B\u00e1rbara Vela. Vuelta a casa para el Costa del Sol M\u00e1laga, que rebosa felicidad en Carranque.<\/p>\n","protected":false},"excerpt":{"rendered":"El Costa del Sol M\u00e1laga recibe en la tercera jornada este s\u00e1bado al Caja Rural Aula Valladolid en&hellip;\n","protected":false},"author":2,"featured_media":110033,"comment_status":"","ping_status":"","sticky":false,"template":"","format":"standard","meta":{"footnotes":""},"categories":[278],"tags":[376,37690,168,25,24,375,744,23,167],"class_list":{"0":"post-110032","1":"post","2":"type-post","3":"status-publish","4":"format-standard","5":"has-post-thumbnail","7":"category-balonmano","8":"tag-balonmano","9":"tag-bm-costa-del-sol-malaga","10":"tag-deportes","11":"tag-es","12":"tag-espana","13":"tag-handball","14":"tag-polideportivo","15":"tag-spain","16":"tag-sports"},"share_on_mastodon":{"url":"","error":""},"_links":{"self":[{"href":"https:\/\/www.europesays.com\/es\/wp-json\/wp\/v2\/posts\/110032","targetHints":{"allow":["GET"]}}],"collection":[{"href":"https:\/\/www.europesays.com\/es\/wp-json\/wp\/v2\/posts"}],"about":[{"href":"https:\/\/www.europesays.com\/es\/wp-json\/wp\/v2\/types\/post"}],"author":[{"embeddable":true,"href":"https:\/\/www.europesays.com\/es\/wp-json\/wp\/v2\/users\/2"}],"replies":[{"embeddable":true,"href":"https:\/\/www.europesays.com\/es\/wp-json\/wp\/v2\/comments?post=110032"}],"version-history":[{"count":0,"href":"https:\/\/www.europesays.com\/es\/wp-json\/wp\/v2\/posts\/110032\/revisions"}],"wp:featuredmedia":[{"embeddable":true,"href":"https:\/\/www.europesays.com\/es\/wp-json\/wp\/v2\/media\/110033"}],"wp:attachment":[{"href":"https:\/\/www.europesays.com\/es\/wp-json\/wp\/v2\/media?parent=110032"}],"wp:term":[{"taxonomy":"category","embeddable":true,"href":"https:\/\/www.europesays.com\/es\/wp-json\/wp\/v2\/categories?post=110032"},{"taxonomy":"post_tag","embeddable":true,"href":"https:\/\/www.europesays.com\/es\/wp-json\/wp\/v2\/tags?post=110032"}],"curies":[{"name":"wp","href":"https:\/\/api.w.org\/{rel}","templated":true}]}}