{"id":110038,"date":"2025-09-12T12:36:10","date_gmt":"2025-09-12T12:36:10","guid":{"rendered":"https:\/\/www.europesays.com\/es\/110038\/"},"modified":"2025-09-12T12:36:10","modified_gmt":"2025-09-12T12:36:10","slug":"que-paises-luchan-por-meterse-en-finales-copa-davis-2025","status":"publish","type":"post","link":"https:\/\/www.europesays.com\/es\/110038\/","title":{"rendered":"Qu\u00e9 pa\u00edses luchan por meterse en Finales Copa Davis 2025"},"content":{"rendered":"<p class=\"quota-display text-align-center\">\n        <a href=\"https:\/\/www.puntodebreak.com\/MDBA-B3-PDB-QUOTA-25\" rel=\"sponsored nofollow noopener\" title=\"Apuesta en bet365\" target=\"_blank\"><\/p>\n<p>            <img decoding=\"async\" alt=\"Bet365\" class=\"bet-logo lazyload\" loading=\"lazy\" src=\"https:\/\/www.europesays.com\/es\/wp-content\/uploads\/2025\/09\/1757458332_421_b365.jpg\"\/>Streaming Davis Cup en directo<\/p>\n<p> \ud83c\udfbe Alex Molcan vs Nicolas Mejia<\/p>\n<ol class=\"stream-card__steps\">\n<li>Entra aqu\u00ed y reg\u00edstrate en Bet365<\/li>\n<li>Haz tu primer dep\u00f3sito de m\u00ednimo 5\u00a0\u20ac<\/li>\n<li>Entra en la secci\u00f3n \u00abDirecto\u00bb y ve todos los partidos<\/li>\n<\/ol>\n<p>\n                                Ver partido en Bet365\n                            <\/p>\n<p>        <\/a>\n      <\/p>\n<p class=\"text-align-justify\">Emociones fuertes y espect\u00e1culo garantizado. La <strong>Copa Davis 2025<\/strong> vivir\u00e1 un fin de semana de gran protagonismo en el que esa nostalgia de las eliminatorias con local y visitante se ver\u00e1 paliada por la renovaci\u00f3n del formato competitivo, que da la opci\u00f3n de ver siete eliminatorias a vida o muerte por meterse las Finales. Repasamos todos los detalles.<\/p>\n<p class=\"text-align-justify\">Sigue sin convencer a muchos el formato con el que se lleva compitiendo ya desde hace a\u00f1os por la Ensaladera, aunque haber devuelto las eliminatorias directas con local y visitante en esta \u00faltima fase previa a las Finales, ha acallado muchas cr\u00edticas. La <a href=\"https:\/\/www.daviscup.com\/es\/portada.aspx\" rel=\"noopener nofollow\" target=\"_blank\"><strong>Copa Davis 2025<\/strong><\/a> ser\u00e1 protagonista durante los tres d\u00edas en que 14 equipos luchen por obtener una billete a Bolonia de cara al mes de noviembre, uni\u00e9ndose as\u00ed a Italia. Analizamos claves, favoritos, calendario, horarios y participantes de cada duelo.<\/p>\n<p class=\"text-align-justify\">Es preciso recordar que cada eliminatoria se compone de cinco partidos al mejor de tres sets cada uno, siendo el dobles el tercero a disputar y enfrent\u00e1ndose primero el mejor tenista de un equipo contra el segundo mejor del otro, quedando para los dos \u00faltimos puntos individuales los duelos entre los n\u00fameros 1 y los n\u00fameros 2.<\/p>\n<ul>\n<li class=\"text-align-justify\">*La eliminatoria entre Espa\u00f1a y Dinamarca se analiza en profundidad en otro <a href=\"https:\/\/www.puntodebreak.com\/2025\/09\/11\/asi-sera-eliminatoria-copa-davis-2025-espana-dinamarca-calendario-horarios-claves\" rel=\"noopener nofollow\" target=\"_blank\">art\u00edculo<\/a><\/li>\n<li class=\"text-align-justify\">**Todos los horarios son GMT-2, es decir, horario espa\u00f1ol peninsular y balear66<\/li>\n<\/ul>\n<p class=\"text-align-justify\">\u00a0<\/p>\n<p class=\"text-align-justify\"><strong>&#8211; Pa\u00edses Bajos vs Argentina<\/strong><\/p>\n<p class=\"text-align-justify\">Fechas: Viernes 12 a partir de las 14:00h y s\u00e1bado 13 a partir de las 14:00h<\/p>\n<p class=\"text-align-justify\">Superficie: Pista dura indoor<\/p>\n<p class=\"text-align-justify\">La ausencia de Griekspoor no es \u00f3bice para que los neerlandeses se erijan en un equipo muy complicado. De Jong y Botic buscar\u00e1n imponer su ley ante Etcheverry y Cer\u00fandolo, que necesitar\u00e1n de su mejor tenis para vencer.<\/p>\n<p class=\"text-align-justify\"><strong>&#8211; Australia vs B\u00e9lgica<\/strong><\/p>\n<p class=\"text-align-justify\">Fechas: S\u00e1bado 13 de septiembre a las 13:00h y domingo 14 de septiembre a las 13:00h<\/p>\n<p class=\"text-align-justify\">Superficie: Greenset al aire libre<\/p>\n<p class=\"text-align-justify\">Total favoritismo para los locales, que acuden con De Mi\u00f1aur como gran referente ante un equipo belga falto de una gran estrella. A pesar de ello, Bergs, Collignon y Coppejans pueden plantar cara si Thompson y Vukic no secundan con eficacia a \u00c1lex.<\/p>\n<p class=\"text-align-justify\"><strong>&#8211; Hungr\u00eda vs Austria<\/strong><\/p>\n<p class=\"text-align-justify\">Fechas: Viernes 12 de septiembre a partir de las 15:00h y s\u00e1bado 13 de septiembre a partir de las 11:00h<\/p>\n<p class=\"text-align-justify\">Superficie: Dura indoor<\/p>\n<p class=\"text-align-justify\">El equipo local acude con sus mejores galas a una rivalidad \u00edntima en la que Marozsan y Fucsovics tratar\u00e1n de frenar a Rodionov y Misolic, grandes referentes del equipo austriaco. Todo lo que no fuera un triunfo se erigir\u00eda en gran sorpresa.<\/p>\n<p class=\"text-align-justify\"><strong>&#8211; Jap\u00f3n vs Alemania<\/strong><\/p>\n<p class=\"text-align-justify\">Fechas: Viernes 12 de septiembre a partir de las 07:00h y s\u00e1bado 13 de septiembre a las 06:00h<\/p>\n<p class=\"text-align-justify\">Superficie: Dura indoor<\/p>\n<p class=\"text-align-justify\">Los nombres m\u00e1s destacables de ambos pa\u00edses no ser\u00e1n de la partida, como Nishikori o Zverev, intuy\u00e9ndose una eliminatoria igualada en la que el saque y experiencia de Struff pueden ser claves para doblegar a Nishioka y Mochizuki.<\/p>\n<p class=\"text-align-justify\"><strong>&#8211; Estados Unidos vs Chequia<\/strong><\/p>\n<p class=\"text-align-justify\">Fechas: S\u00e1bado 13\u00a0de septiembre a las 00:00h y s\u00e1bado 12 de septiembre a las 20:00h<\/p>\n<p class=\"text-align-justify\">Superficie: Dura al aire libre<\/p>\n<p class=\"text-align-justify\">Puede antojarse el choque m\u00e1s igualado y atractivo de todos. Tiafoe y Fritz disputar\u00e1n los individuales contra Lehecka y Mensik, disponiendo tambi\u00e9n los checos la baza de Machac. El dobles puede antojarse clave para decantar la balanza de uno u otro lado.<\/p>\n<p class=\"text-align-justify\"><strong>&#8211; Croacia vs Francia<\/strong><\/p>\n<p class=\"text-align-justify\">Fechas: Viernes 12 de septiembre a las 16:00h y s\u00e1bado 13 de septiembre a las 13:00h<\/p>\n<p class=\"text-align-justify\">Superficie: Tierra batida indoor<\/p>\n<p class=\"text-align-justify\">Cilic y Prizmic acuden a la llamada de su pa\u00eds para intentar frustrar la clasificaci\u00f3n de uno de los pa\u00edses que goza de la firme candidatura al t\u00edtulo. No presentan los galos un equipo de grandes garant\u00edas, siendo Rinderknech y Moutet tenistas lejos de poder ser considerados como fiables.<\/p>\n","protected":false},"excerpt":{"rendered":"Streaming Davis Cup en directo \ud83c\udfbe Alex Molcan vs Nicolas Mejia Entra aqu\u00ed y reg\u00edstrate en Bet365 Haz&hellip;\n","protected":false},"author":2,"featured_media":110039,"comment_status":"","ping_status":"","sticky":false,"template":"","format":"standard","meta":{"footnotes":""},"categories":[274],"tags":[168,25,24,23,167,327,326],"class_list":{"0":"post-110038","1":"post","2":"type-post","3":"status-publish","4":"format-standard","5":"has-post-thumbnail","7":"category-tenis","8":"tag-deportes","9":"tag-es","10":"tag-espana","11":"tag-spain","12":"tag-sports","13":"tag-tenis","14":"tag-tennis"},"share_on_mastodon":{"url":"","error":""},"_links":{"self":[{"href":"https:\/\/www.europesays.com\/es\/wp-json\/wp\/v2\/posts\/110038","targetHints":{"allow":["GET"]}}],"collection":[{"href":"https:\/\/www.europesays.com\/es\/wp-json\/wp\/v2\/posts"}],"about":[{"href":"https:\/\/www.europesays.com\/es\/wp-json\/wp\/v2\/types\/post"}],"author":[{"embeddable":true,"href":"https:\/\/www.europesays.com\/es\/wp-json\/wp\/v2\/users\/2"}],"replies":[{"embeddable":true,"href":"https:\/\/www.europesays.com\/es\/wp-json\/wp\/v2\/comments?post=110038"}],"version-history":[{"count":0,"href":"https:\/\/www.europesays.com\/es\/wp-json\/wp\/v2\/posts\/110038\/revisions"}],"wp:featuredmedia":[{"embeddable":true,"href":"https:\/\/www.europesays.com\/es\/wp-json\/wp\/v2\/media\/110039"}],"wp:attachment":[{"href":"https:\/\/www.europesays.com\/es\/wp-json\/wp\/v2\/media?parent=110038"}],"wp:term":[{"taxonomy":"category","embeddable":true,"href":"https:\/\/www.europesays.com\/es\/wp-json\/wp\/v2\/categories?post=110038"},{"taxonomy":"post_tag","embeddable":true,"href":"https:\/\/www.europesays.com\/es\/wp-json\/wp\/v2\/tags?post=110038"}],"curies":[{"name":"wp","href":"https:\/\/api.w.org\/{rel}","templated":true}]}}