{"id":110040,"date":"2025-09-12T12:37:10","date_gmt":"2025-09-12T12:37:10","guid":{"rendered":"https:\/\/www.europesays.com\/es\/110040\/"},"modified":"2025-09-12T12:37:10","modified_gmt":"2025-09-12T12:37:10","slug":"vuelta-a-espana-en-directo-ultima-hora-de-la-contrarreloj-de-la-etapa-18-en-valladolid-el-periodico","status":"publish","type":"post","link":"https:\/\/www.europesays.com\/es\/110040\/","title":{"rendered":"Vuelta a Espa\u00f1a, en directo | \u00daltima hora de la contrarreloj de la etapa 18 en Valladolid &#8211; El Peri\u00f3dico"},"content":{"rendered":"<ol>\n<li><a href=\"https:\/\/news.google.com\/rss\/articles\/CBMikwFBVV95cUxOMkptMlBzYVkyNW16U3p0bEw3bGhoa0t0a0xwTHlsdExGd3lVcDRxV21VdlRiWEpLNHR2UFdUUnlqWWMxT1RjdjN3V3h0QTkzbEtUMGhRbXlyU2hPLUFQVW1kdnZwYlN6VGFUSUZDMXU5UWtwcDZkSlFsSjRxdjdvSVdJNVI5TnZ1ZU1sbGxLa29PN00?oc=5\" target=\"_blank\" rel=\"nofollow noopener\">Vuelta a Espa\u00f1a, en directo | \u00daltima hora de la contrarreloj de la etapa 18 en Valladolid<\/a>&nbsp;&nbsp;El Peri\u00f3dico<\/li>\n<li><a href=\"https:\/\/news.google.com\/rss\/articles\/CBMimAFBVV95cUxPY1JKdGFjS2Etb0N3TEttZ19iNjNkOXpIb3VKTnJUUlZLU3NDNjZsTjFkZnA4TXZ1TVNDMGZJalZWLUIyNlhhZWFQM0VuRzJWNTk2VldlUlF6UWxhZ1BXX0RtQVNsa1NTS2NpSEh2STFZd0ozTnEzdG9TNkpKaXd5RHJqbjBjT19nN3hvZkFKMHNKUzZZTEdtaNIBrAFBVV95cUxQZnpqNl9GQnVoM2JyVlZwYnVnTFhvNVpZcG1DdTQ1SzNjVnh6SlBqZVdoUFQ5UVZvLTlwdTd2cTlZb2p5dTd3NU02SVBDeF9ndGlWLXlKQVR6RGZCdVZhOW02Y1Y3NnQ3Y0xPeGkzeEhkYlRqRzcxYmVxT3BwMl9IM2xyRndvS0xDTFBRTkZUMkZuQVVsTjA4OWtSd1o0WE93ZXlqN3NiLXFsb2NL?oc=5\" target=\"_blank\" rel=\"nofollow noopener\">Vuelta a Espa\u00f1a 2025 hoy, etapa 19: perfil y recorrido<\/a>&nbsp;&nbsp;Diario AS<\/li>\n<li><a href=\"https:\/\/news.google.com\/rss\/articles\/CBMisgFBVV95cUxPa193UFpfVVRTeXZ3TVktaFVxZmZjSE5SX3BIb3ozU0pYM24zQW5uRS16QXlxR2l0SG4zMW9iYlhlQ1NpaWoyZWVkeWRpUkJUVDFmTDlZdXRkblZLaE00RVV3c1otZ3lLSVFVaFNvS1BXMFZJSDVPRlRzWmhSMmFsdFBiTUpQSHh0b3F5bGR2NXRMR3M3LU5PWjM4and6VURhNTRWN3plZ2tIUk1sX1hDWUF30gGyAUFVX3lxTE9vQmFRSjZYWjFsb0QwRFI3SFhfOWYwZHZhYzc5dzlpR1BoSjZPVEtmXzdOV2Rib3J1R1Y2RU1qc3FUeUhkYmpJU185WmZYN0NJTGtRSGUtS2V6eEN1bXdwTEMtc0dQRlpVY2dZUHctaGtQSGVmYWhFRWxEN25YQzFKUklPRTIxQUk2T2ZpQ2p1aXJ6SVhQeUxYMkludVFYb01pSHhVZXpGUmpUcVRpWW0xNEE?oc=5\" target=\"_blank\" rel=\"nofollow noopener\">Perfil, recorrido, hora y d\u00f3nde ver la Etapa 18 de la Vuelta a Espa\u00f1a entre Valladolid y Valladolid<\/a>&nbsp;&nbsp;RTVE.es<\/li>\n<li><a href=\"https:\/\/news.google.com\/rss\/articles\/CBMingFBVV95cUxOZ0F5RV8wYU9LdWxQaGRZMmZSbnI5NmN1NExCYnRIQjVpZVU2eHhyaHVuMFFrMm11U19jSXpRSDhwZzE5U3lnaWZHM0Z1R0U2WmFEblRnTVI2RUxSOWVyZE5OUFlEU1lhb2U1T0l1SU5VemRybHJMZ0dQNEZfT2JfUkMta1ZfT1pFWkkyTDRaY1o0MExRZlpQY2ZVOWJLZw?oc=5\" target=\"_blank\" rel=\"nofollow noopener\">La Vuelta, en directo: Rueda &#8211; Guijuelo<\/a>&nbsp;&nbsp;El Mundo<\/li>\n<li><a href=\"https:\/\/news.google.com\/rss\/articles\/CBMiqAFBVV95cUxNcXUyR3FBM2V0bWcyQkhNOWxYRzA5Ymp0SU1rNVA2aW9PZDFZV0pad00zQ1Y5b2dEZlZWQjFsMVNGX1Y5Y0lScXdKUG91cUtmeGRFU1RXU1NXc1p1anY5bnJlTUY1dUlBemVkTXcwUWgtbmhuVGV4RmhUTEpaUGtoSHJWMTJKcXNtU1lzcWVOdjJKS2NMZHBWbmRZZWVvcHZNWENzczA3Y3M?oc=5\" target=\"_blank\" rel=\"nofollow noopener\">Una Salamanca &#8216;tomada&#8217; ya espera la llegada de La Vuelta<\/a>&nbsp;&nbsp;La Gaceta de Salamanca<\/li>\n<\/ol>\n","protected":false},"excerpt":{"rendered":"Vuelta a Espa\u00f1a, en directo | \u00daltima hora de la contrarreloj de la etapa 18 en Valladolid&nbsp;&nbsp;El Peri\u00f3dico&hellip;\n","protected":false},"author":2,"featured_media":110041,"comment_status":"","ping_status":"","sticky":false,"template":"","format":"standard","meta":{"footnotes":""},"categories":[273],"tags":[313,12495,312,168,2125,25,24,1458,315,74,28210,23,167,1885,1357,33880],"class_list":{"0":"post-110040","1":"post","2":"type-post","3":"status-publish","4":"format-standard","5":"has-post-thumbnail","7":"category-ciclismo","8":"tag-ciclismo","9":"tag-conflicto-israel-palestina","10":"tag-cycling","11":"tag-deportes","12":"tag-directo","13":"tag-es","14":"tag-espana","15":"tag-hora","16":"tag-hoy","17":"tag-israel","18":"tag-israel-premier-tech","19":"tag-spain","20":"tag-sports","21":"tag-ultima","22":"tag-vuelta","23":"tag-vuelta-a-espana-2025"},"share_on_mastodon":{"url":"","error":""},"_links":{"self":[{"href":"https:\/\/www.europesays.com\/es\/wp-json\/wp\/v2\/posts\/110040","targetHints":{"allow":["GET"]}}],"collection":[{"href":"https:\/\/www.europesays.com\/es\/wp-json\/wp\/v2\/posts"}],"about":[{"href":"https:\/\/www.europesays.com\/es\/wp-json\/wp\/v2\/types\/post"}],"author":[{"embeddable":true,"href":"https:\/\/www.europesays.com\/es\/wp-json\/wp\/v2\/users\/2"}],"replies":[{"embeddable":true,"href":"https:\/\/www.europesays.com\/es\/wp-json\/wp\/v2\/comments?post=110040"}],"version-history":[{"count":0,"href":"https:\/\/www.europesays.com\/es\/wp-json\/wp\/v2\/posts\/110040\/revisions"}],"wp:featuredmedia":[{"embeddable":true,"href":"https:\/\/www.europesays.com\/es\/wp-json\/wp\/v2\/media\/110041"}],"wp:attachment":[{"href":"https:\/\/www.europesays.com\/es\/wp-json\/wp\/v2\/media?parent=110040"}],"wp:term":[{"taxonomy":"category","embeddable":true,"href":"https:\/\/www.europesays.com\/es\/wp-json\/wp\/v2\/categories?post=110040"},{"taxonomy":"post_tag","embeddable":true,"href":"https:\/\/www.europesays.com\/es\/wp-json\/wp\/v2\/tags?post=110040"}],"curies":[{"name":"wp","href":"https:\/\/api.w.org\/{rel}","templated":true}]}}