{"id":110049,"date":"2025-09-12T12:42:08","date_gmt":"2025-09-12T12:42:08","guid":{"rendered":"https:\/\/www.europesays.com\/es\/110049\/"},"modified":"2025-09-12T12:42:08","modified_gmt":"2025-09-12T12:42:08","slug":"arabia-saudi-tendra-el-edificio-mas-grande-del-planeta-caben-20-rascacielos-como-el-empire-state-el-confidencial","status":"publish","type":"post","link":"https:\/\/www.europesays.com\/es\/110049\/","title":{"rendered":"Arabia Saud\u00ed tendr\u00e1 el edificio m\u00e1s grande del planeta: caben 20 rascacielos como el Empire State &#8211; El Confidencial"},"content":{"rendered":"<ol>\n<li><a href=\"https:\/\/news.google.com\/rss\/articles\/CBMitAFBVV95cUxOdWxCSTZYc0xGZzh5cWFRT1A5cnF2Ml9LR1Q2eUZxX2ctbkZVMzdLUFFRN0tQNGNHaUFteGlhZzAybEZSV2JPOWc1eW1CWWJxVGM3aE1qc25MaWg4VFRsZm5wNTF4Qmcxb24yRnZrRmdoM3JFMGhZNHZXbE9Ma2haMnhMNXY4dnFia3N0NHdKUzdJZlRJWUY2N1hLSUpRcXVEVms0ZW1kZ0lOVVlVS2s3Y2t0aTjSAboBQVVfeXFMUFcwRUJvc1ZDZ29fd1VJSkxtdXgzV2EycE9OTU5CTnJ2N1N6RFlIR0Y5TWl0aDZxZTFvQU1nVG5ibEdvOEJTR3BvUXNkLUg1c185R0M2cTM3d3BqSzFqdDRxVDNIRnlleUJaQ2RhNmhYektrUlUyMnhPX2hzMHYzcldEMDllUzNmek1qdHpvOUY4YjB2ajJXOWh2ZGZnSnRGNjhsNDRtbkREY0lhamdKQnJHZWNRdWgydXdn?oc=5\" target=\"_blank\" rel=\"nofollow noopener\">Arabia Saud\u00ed tendr\u00e1 el edificio m\u00e1s grande del planeta: caben 20 rascacielos como el Empire State<\/a>&nbsp;&nbsp;El Confidencial<\/li>\n<li><a href=\"https:\/\/news.google.com\/rss\/articles\/CBMid0FVX3lxTE80NFdNaUJ3NXBRd2wxd1NiUHpBa181Vi1YT2RWMjlSNUYtY2NTdHRMb3VLSmYwdU92Vm9wNlBzbmx5cjFFSjdXb2JiZTdvSURtTnQtTXBfeTRTSE51Q2JVek4ybDJWX25uRkR6WVBJQlh0U2hCMjVJ?oc=5\" target=\"_blank\" rel=\"nofollow noopener\">Arabia Saud\u00ed avanza con su mayor ambici\u00f3n: La construcci\u00f3n del edificio m\u00e1s grande del planeta<\/a>&nbsp;&nbsp;ECOticias.com El Peri\u00f3dico Verde<\/li>\n<li><a href=\"https:\/\/news.google.com\/rss\/articles\/CBMi5gFBVV95cUxNOXl2bkJOaDVKODA1TXA1TElxRTRVbGZQa3lMNFdjUnJOUFFrbDFGRVJ0T3BHOVJGMEFEU3lvQ3BIMHpESlBQZzhEX1NXUlRXTVpPWUg1YlVCX1kxMWM4aVdVeHhvbWVPWHJ2c3ljUi1JU2txOGZtOTFwZnlXR0NLdDMtclZMWEprM01vYXU5WWNXNFpmWXV3TEVhWHdjUzA5V0V6TEp2bkQzVVF1RnJNSEpiN2VSVXp2bE8xeXJYNG1saHJMelJWYjMwXzkxckhrNVFwMnBMaEVBQXE2MVQwQmZjcEdVZw?oc=5\" target=\"_blank\" rel=\"nofollow noopener\">As\u00ed ser\u00e1 el edificio m\u00e1s alto del mundo y que destronar\u00e1 al Burj Khalifa de Dub\u00e1i: tendr\u00e1 1.000 metros de altura<\/a>&nbsp;&nbsp;Radio Mitre<\/li>\n<\/ol>\n","protected":false},"excerpt":{"rendered":"Arabia Saud\u00ed tendr\u00e1 el edificio m\u00e1s grande del planeta: caben 20 rascacielos como el Empire State&nbsp;&nbsp;El Confidencial Arabia&hellip;\n","protected":false},"author":2,"featured_media":110050,"comment_status":"","ping_status":"","sticky":false,"template":"","format":"standard","meta":{"footnotes":""},"categories":[173],"tags":[229,233,231,230,232,234,146,147,25,24,23],"class_list":{"0":"post-110049","1":"post","2":"type-post","3":"status-publish","4":"format-standard","5":"has-post-thumbnail","7":"category-arte-y-diseno","8":"tag-arte","9":"tag-arte-y-diseno","10":"tag-arts","11":"tag-arts-and-design","12":"tag-design","13":"tag-diseno","14":"tag-entertainment","15":"tag-entretenimiento","16":"tag-es","17":"tag-espana","18":"tag-spain"},"share_on_mastodon":{"url":"","error":""},"_links":{"self":[{"href":"https:\/\/www.europesays.com\/es\/wp-json\/wp\/v2\/posts\/110049","targetHints":{"allow":["GET"]}}],"collection":[{"href":"https:\/\/www.europesays.com\/es\/wp-json\/wp\/v2\/posts"}],"about":[{"href":"https:\/\/www.europesays.com\/es\/wp-json\/wp\/v2\/types\/post"}],"author":[{"embeddable":true,"href":"https:\/\/www.europesays.com\/es\/wp-json\/wp\/v2\/users\/2"}],"replies":[{"embeddable":true,"href":"https:\/\/www.europesays.com\/es\/wp-json\/wp\/v2\/comments?post=110049"}],"version-history":[{"count":0,"href":"https:\/\/www.europesays.com\/es\/wp-json\/wp\/v2\/posts\/110049\/revisions"}],"wp:featuredmedia":[{"embeddable":true,"href":"https:\/\/www.europesays.com\/es\/wp-json\/wp\/v2\/media\/110050"}],"wp:attachment":[{"href":"https:\/\/www.europesays.com\/es\/wp-json\/wp\/v2\/media?parent=110049"}],"wp:term":[{"taxonomy":"category","embeddable":true,"href":"https:\/\/www.europesays.com\/es\/wp-json\/wp\/v2\/categories?post=110049"},{"taxonomy":"post_tag","embeddable":true,"href":"https:\/\/www.europesays.com\/es\/wp-json\/wp\/v2\/tags?post=110049"}],"curies":[{"name":"wp","href":"https:\/\/api.w.org\/{rel}","templated":true}]}}