{"id":110051,"date":"2025-09-12T12:43:11","date_gmt":"2025-09-12T12:43:11","guid":{"rendered":"https:\/\/www.europesays.com\/es\/110051\/"},"modified":"2025-09-12T12:43:11","modified_gmt":"2025-09-12T12:43:11","slug":"ana-caliyuri-presentara-el-dia-de-las-lagrimas-una-novela-futurista-que-transcurre-en-una-ciudad-imaginaria","status":"publish","type":"post","link":"https:\/\/www.europesays.com\/es\/110051\/","title":{"rendered":"Ana Caliyuri presentar\u00e1 \u201cEl d\u00eda de las l\u00e1grimas\u201d, una novela futurista que transcurre en una ciudad imaginaria"},"content":{"rendered":"<p>La escritora de Tandil Ana Mar\u00eda Caliyuri presentar\u00e1 el pr\u00f3ximo 19 de septiembre su \u00faltima novela, \u201cEl d\u00eda de las l\u00e1grimas\u201d, un texto con tintes futuristas que juega con la tensi\u00f3n entre la inmediatez y la longevidad humana.<\/p>\n<p>Recib\u00ed las noticias en tu emailAcced\u00e9 a las \u00faltimas noticias desde tu email<\/p>\n<p>Ads<\/p>\n<p>El encuentro se llevar\u00e1 a cabo en Librer\u00eda Alfa, ubicada en Pinto Nro. 736, desde las 18.30, y contar\u00e1 con la participaci\u00f3n de Mar\u00eda Valeria Aramburu y Pablo Zubiaurre, propietario de la editorial Libros del Espinillo, que publica la obra.<\/p>\n<p>La autora, que en los \u00faltimos 18 a\u00f1os edit\u00f3 23 libros de distintos g\u00e9neros, dialog\u00f3 con El Eco de Tandil sobre el proceso creativo de esta nueva novela y sobre su recorrido literario. El libro estar\u00e1 disponible muy pronto en la propia librer\u00eda y en la web de la editorial (https:\/\/librosdelespinillo.com.ar\/)<\/p>\n<p>AdsAds<\/p>\n","protected":false},"excerpt":{"rendered":"La escritora de Tandil Ana Mar\u00eda Caliyuri presentar\u00e1 el pr\u00f3ximo 19 de septiembre su \u00faltima novela, \u201cEl d\u00eda&hellip;\n","protected":false},"author":2,"featured_media":110052,"comment_status":"","ping_status":"","sticky":false,"template":"","format":"standard","meta":{"footnotes":""},"categories":[172],"tags":[37693,224,146,147,25,24,225,1645,31963,23],"class_list":{"0":"post-110051","1":"post","2":"type-post","3":"status-publish","4":"format-standard","5":"has-post-thumbnail","7":"category-libros","8":"tag-ana-caliyuri","9":"tag-books","10":"tag-entertainment","11":"tag-entretenimiento","12":"tag-es","13":"tag-espana","14":"tag-libros","15":"tag-novela","16":"tag-nuevo-libro","17":"tag-spain"},"share_on_mastodon":{"url":"","error":""},"_links":{"self":[{"href":"https:\/\/www.europesays.com\/es\/wp-json\/wp\/v2\/posts\/110051","targetHints":{"allow":["GET"]}}],"collection":[{"href":"https:\/\/www.europesays.com\/es\/wp-json\/wp\/v2\/posts"}],"about":[{"href":"https:\/\/www.europesays.com\/es\/wp-json\/wp\/v2\/types\/post"}],"author":[{"embeddable":true,"href":"https:\/\/www.europesays.com\/es\/wp-json\/wp\/v2\/users\/2"}],"replies":[{"embeddable":true,"href":"https:\/\/www.europesays.com\/es\/wp-json\/wp\/v2\/comments?post=110051"}],"version-history":[{"count":0,"href":"https:\/\/www.europesays.com\/es\/wp-json\/wp\/v2\/posts\/110051\/revisions"}],"wp:featuredmedia":[{"embeddable":true,"href":"https:\/\/www.europesays.com\/es\/wp-json\/wp\/v2\/media\/110052"}],"wp:attachment":[{"href":"https:\/\/www.europesays.com\/es\/wp-json\/wp\/v2\/media?parent=110051"}],"wp:term":[{"taxonomy":"category","embeddable":true,"href":"https:\/\/www.europesays.com\/es\/wp-json\/wp\/v2\/categories?post=110051"},{"taxonomy":"post_tag","embeddable":true,"href":"https:\/\/www.europesays.com\/es\/wp-json\/wp\/v2\/tags?post=110051"}],"curies":[{"name":"wp","href":"https:\/\/api.w.org\/{rel}","templated":true}]}}