{"id":110056,"date":"2025-09-12T12:46:10","date_gmt":"2025-09-12T12:46:10","guid":{"rendered":"https:\/\/www.europesays.com\/es\/110056\/"},"modified":"2025-09-12T12:46:10","modified_gmt":"2025-09-12T12:46:10","slug":"alejandro-amenabar-mis-peliculas-son-una-mezcla-de-responsabilidad-y-locura","status":"publish","type":"post","link":"https:\/\/www.europesays.com\/es\/110056\/","title":{"rendered":"Alejandro Amen\u00e1bar: \u00abMis pel\u00edculas son una mezcla de responsabilidad y locura\u00bb"},"content":{"rendered":"<p>VAL\u00c8NCIA. Hoy llega a los cines El Cautivo, la nueva pel\u00edcula de <strong>Alejandro Amen\u00e1bar<\/strong>, que mezcla un cap\u00edtulo real de la vida de Cervantes para completarlo con una historia de ficci\u00f3n con la que imaginar el nacimiento de su extraordinaria vocaci\u00f3n. Rodada casi \u00edntegramente en la Comunitat Valenciana, ayer el equipo quiso devolver a Val\u00e8ncia la acogida presentando la pel\u00edcula en el marco de las actividades paralelas de <strong>La Mostra de Val\u00e8ncia<\/strong>.\u00a0<\/p>\n<p>En un encuentro previo con la prensa, Amen\u00e1bar defendi\u00f3 la necesidad de reinventar el pasado desde la ficci\u00f3n: \u201cHablar del pasado implica imaginar, recrear lo que pudo haberse dicho o sentido. Si el cine se limitara a registrar fielmente lo que ocurri\u00f3, no habr\u00eda ninguna labor autoral\u201d.<\/p>\n<p>Y es que la cinta aborda el cautiverio de Miguel de Cervantes en Argel tras ser capturado por corsarios. Un relato que, seg\u00fan el director, tiene tanto de aventura cl\u00e1sica como de exploraci\u00f3n \u00edntima: \u201cEl primer planteamiento fue hacer una pel\u00edcula de aventuras, porque lo que le sucede a Cervantes parece una novela de Dumas. Pero al documentarme descubr\u00ed un material humano m\u00e1s profundo. Quer\u00eda conocer el alma, desentra\u00f1ar al ser humano Miguel, no solo al mito\u201d.<\/p>\n<p>&#13;<br \/>\n<img decoding=\"async\" alt=\"Fernando Bovaira, productor de la pel\u00edcula, junto a Julio Pe\u00f1a y Alejandro Amen\u00e1bar.\" itemprop=\"url\" src=\"https:\/\/www.europesays.com\/es\/wp-content\/uploads\/2025\/09\/articulos-1665626.jpg\" title=\"Fernando Bovaira, productor de la pel\u00edcula, junto a Julio Pe\u00f1a y Alejandro Amen\u00e1bar. - Foto: EVA M\u00c1\u00d1EZ\"\/>&#13;<br \/>\n&#13;<br \/>\n&#13;<\/p>\n<ul itemprop=\"caption\">&#13;<\/p>\n<li class=\"media-pie\">Fernando Bovaira, productor de la pel\u00edcula, junto a Julio Pe\u00f1a y Alejandro Amen\u00e1bar. &#8211;<\/li>\n<p>&#13;<\/p>\n<li class=\"media-autor\" itemprop=\"author\">Foto: EVA M\u00c1\u00d1EZ<\/li>\n<p>&#13;\n<\/ul>\n<p>&#13;<br \/>\n&#13;<\/p>\n<p>El film llega rodeado de controversia por la aproximaci\u00f3n a la orientaci\u00f3n sexual de Cervantes, un aspecto que ha suscitado debates antes del estreno. A partir de una acusaci\u00f3n documentada al escritor por \u201csodom\u00eda\u201d, Amen\u00e1bar imagina una aventura homoer\u00f3tica durante su cautiverio, aunque ni siquiera esto es el centro de la trama de la pel\u00edcula.\u00a0<\/p>\n<p>Antes de que se haya estrenado, la pol\u00e9mica ya se ha servido, aunque el director quiso relativizar el ruido medi\u00e1tico: \u201cSab\u00edamos que pod\u00eda haber pol\u00e9mica, pero cuando la testamos con p\u00fablico diverso se entendi\u00f3 perfectamente. La pel\u00edcula puede ser un term\u00f3metro para saber hasta qu\u00e9 punto est\u00e1 normalizada la diversidad y la libertad sexual en nuestro pa\u00eds\u201d. El actor Fernando Tejero, presente en el encuentro, a\u00f1adi\u00f3 con iron\u00eda: \u201cPor desgracia el term\u00f3metro ha estallado hasta antes de tiempo\u201d.<\/p>\n<p>En todo caso, algunas cr\u00edticas previas se\u00f1alan el \u201cexceso\u201d de la pel\u00edcula como tono, algo que tambi\u00e9n el director prefiere moderar: \u201cYo hago las pel\u00edculas con una mezcla de responsabilidad y de locura. La locura tiene que formar parte del proceso creativo, pero aplico el sentido com\u00fan. Y no solo cuando ruedo una pel\u00edcula especialmente costosa como esta (que requiere de mucha preparaci\u00f3n y sentido de la responsabilidad), sino tambi\u00e9n a la hora de comunicar a la gente lo que pienso o lo que quiero decir. Busco ese punto de entendimiento con el p\u00fablico y eso me lleva a no renunciar a hablar de ning\u00fan tema. Estoy dispuesto a llevar mi reflexi\u00f3n hasta las \u00faltimas consecuencias, pero siempre siendo muy respetuoso con el p\u00fablico, que es el que se supone que tiene que pagar para venir a ver mis pel\u00edculas. Intento darle algo a cambio y eso es m\u00e1s bien el veh\u00edculo emocional\u201d.<\/p>\n<p>&#13;<br \/>\n<img decoding=\"async\" alt=\"El equipo de la pel\u00edcula, en el photocall del preestreno.\" itemprop=\"url\" src=\"https:\/\/www.europesays.com\/es\/wp-content\/uploads\/2025\/09\/articulos-1665629.jpg\" title=\"El equipo de la pel\u00edcula, en el photocall del preestreno. - Foto: EVA M\u00c1\u00d1EZ\"\/>&#13;<br \/>\n&#13;<br \/>\n&#13;<\/p>\n<ul itemprop=\"caption\">&#13;<\/p>\n<li class=\"media-pie\">El equipo de la pel\u00edcula, en el photocall del preestreno. &#8211;<\/li>\n<p>&#13;<\/p>\n<li class=\"media-autor\" itemprop=\"author\">Foto: EVA M\u00c1\u00d1EZ<\/li>\n<p>&#13;\n<\/ul>\n<p>&#13;<br \/>\n&#13;<\/p>\n<p>El film tambi\u00e9n pone el foco en la confrontaci\u00f3n entre el mundo cristiano y el musulm\u00e1n, un eje que el director conecta con tensiones contempor\u00e1neas: \u201cNo me gustan los clich\u00e9s ni los blancos y negros, me interesan los grises. Argel, en el siglo XVI, era un refugio de libertad sexual que contrastaba con la rigidez moral de Castilla. Esa paradoja me resultaba muy estimulante para la pel\u00edcula\u201d.<\/p>\n<p>El rodaje de El Cautivo tuvo un peso destacado en la Comunitat Valenciana. Las instalaciones de Ciudad de la Luz en Alicante acogieron decorados como la barber\u00eda y la barcaza del relato, mientras que Bu\u00f1ol, Santa Pola, Bocairent o las cuevas de Benitatxell se transformaron en escenarios de la Argel del siglo XVI.<\/p>\n<p>&#13;<br \/>\n<img decoding=\"async\" alt=\"Julio Pe\u00f1a, protagonista de El Cautivo, y el director Alejandro Amen\u00e1bar.\" itemprop=\"url\" src=\"https:\/\/www.europesays.com\/es\/wp-content\/uploads\/2025\/09\/articulos-1665628.jpg\" title=\"Julio Pe\u00f1a, protagonista de El Cautivo, y el director Alejandro Amen\u00e1bar. - Foto: EVA M\u00c1\u00d1EZ\"\/>&#13;<br \/>\n&#13;<br \/>\n&#13;<\/p>\n<ul itemprop=\"caption\">&#13;<\/p>\n<li class=\"media-pie\">Julio Pe\u00f1a, protagonista de El Cautivo, y el director Alejandro Amen\u00e1bar. &#8211;<\/li>\n<p>&#13;<\/p>\n<li class=\"media-autor\" itemprop=\"author\">Foto: EVA M\u00c1\u00d1EZ<\/li>\n<p>&#13;\n<\/ul>\n<p>&#13;<br \/>\n&#13;<\/p>\n<p>\u00a0<\/p>\n","protected":false},"excerpt":{"rendered":"VAL\u00c8NCIA. Hoy llega a los cines El Cautivo, la nueva pel\u00edcula de Alejandro Amen\u00e1bar, que mezcla un cap\u00edtulo&hellip;\n","protected":false},"author":2,"featured_media":110057,"comment_status":"","ping_status":"","sticky":false,"template":"","format":"standard","meta":{"footnotes":""},"categories":[169],"tags":[177,146,147,25,24,176,175,23],"class_list":{"0":"post-110056","1":"post","2":"type-post","3":"status-publish","4":"format-standard","5":"has-post-thumbnail","7":"category-cine","8":"tag-cine","9":"tag-entertainment","10":"tag-entretenimiento","11":"tag-es","12":"tag-espana","13":"tag-film","14":"tag-movies","15":"tag-spain"},"share_on_mastodon":{"url":"","error":""},"_links":{"self":[{"href":"https:\/\/www.europesays.com\/es\/wp-json\/wp\/v2\/posts\/110056","targetHints":{"allow":["GET"]}}],"collection":[{"href":"https:\/\/www.europesays.com\/es\/wp-json\/wp\/v2\/posts"}],"about":[{"href":"https:\/\/www.europesays.com\/es\/wp-json\/wp\/v2\/types\/post"}],"author":[{"embeddable":true,"href":"https:\/\/www.europesays.com\/es\/wp-json\/wp\/v2\/users\/2"}],"replies":[{"embeddable":true,"href":"https:\/\/www.europesays.com\/es\/wp-json\/wp\/v2\/comments?post=110056"}],"version-history":[{"count":0,"href":"https:\/\/www.europesays.com\/es\/wp-json\/wp\/v2\/posts\/110056\/revisions"}],"wp:featuredmedia":[{"embeddable":true,"href":"https:\/\/www.europesays.com\/es\/wp-json\/wp\/v2\/media\/110057"}],"wp:attachment":[{"href":"https:\/\/www.europesays.com\/es\/wp-json\/wp\/v2\/media?parent=110056"}],"wp:term":[{"taxonomy":"category","embeddable":true,"href":"https:\/\/www.europesays.com\/es\/wp-json\/wp\/v2\/categories?post=110056"},{"taxonomy":"post_tag","embeddable":true,"href":"https:\/\/www.europesays.com\/es\/wp-json\/wp\/v2\/tags?post=110056"}],"curies":[{"name":"wp","href":"https:\/\/api.w.org\/{rel}","templated":true}]}}