{"id":110064,"date":"2025-09-12T12:50:08","date_gmt":"2025-09-12T12:50:08","guid":{"rendered":"https:\/\/www.europesays.com\/es\/110064\/"},"modified":"2025-09-12T12:50:08","modified_gmt":"2025-09-12T12:50:08","slug":"cartagena-celebra-por-primera-vez-el-dia-sin-coches","status":"publish","type":"post","link":"https:\/\/www.europesays.com\/es\/110064\/","title":{"rendered":"Cartagena celebra por primera vez el D\u00eda sin Coches"},"content":{"rendered":"<p>Por primera vez, <strong>Cartagena celebrar\u00e1 el Dia Mundial Sin Coches,<\/strong> el 22 de septiembre,\u00a0con todos los escolares del municipio participando en actividades callejeras.<\/p>\n<p>La veintena de\u00a0charlas, talleres y formaci\u00f3n sobre seguridad vial se suceder\u00e1n del\u00a0<strong>15 al 22 de septiembre<\/strong>. Tanto ese d\u00eda como el\u00a0viernes de Cartagineses y Romanos, el autob\u00fas ser\u00e1 gratis. Adem\u00e1s, desde este verano, los menores de 14 a\u00f1os no pagan, como recordaba la edil\u00a0<strong>Cristina Mora.<\/strong><\/p>\n<p>El parque de los Juncos acoger\u00e1 la fiesta de la movilidad el 18 de septiembre, mientras que el 20 habr\u00e1<strong> una ruta en bici por el Mar Menor <\/strong>y otra en patines, de faro a faro. Para el domingo 21, <strong>Zancadas sobre Ruedas<\/strong> invita\u00a0sumarse a la marcha inclusiva con la ayuda de\u00a0voluntarios, como Silvia Clemente, y con\u00a0sus veh\u00edculos adaptados.<\/p>\n","protected":false},"excerpt":{"rendered":"Por primera vez, Cartagena celebrar\u00e1 el Dia Mundial Sin Coches, el 22 de septiembre,\u00a0con todos los escolares del&hellip;\n","protected":false},"author":2,"featured_media":110065,"comment_status":"","ping_status":"","sticky":false,"template":"","format":"standard","meta":{"footnotes":""},"categories":[81],"tags":[10482,4995,119,123,124,25,24,33862,37694,117,121,122,23,118,120,37695],"class_list":{"0":"post-110064","1":"post","2":"type-post","3":"status-publish","4":"format-standard","5":"has-post-thumbnail","7":"category-ciencia-y-tecnologia","8":"tag-bicis","9":"tag-cartagena","10":"tag-ciencia","11":"tag-ciencia-y-tecnologia","12":"tag-cienciaytecnologia","13":"tag-es","14":"tag-espana","15":"tag-mar-menor","16":"tag-movilidad-sostenible","17":"tag-science","18":"tag-science-and-technology","19":"tag-scienceandtechnology","20":"tag-spain","21":"tag-technology","22":"tag-tecnologia","23":"tag-zancadas-sobre-ruedas"},"share_on_mastodon":{"url":"","error":""},"_links":{"self":[{"href":"https:\/\/www.europesays.com\/es\/wp-json\/wp\/v2\/posts\/110064","targetHints":{"allow":["GET"]}}],"collection":[{"href":"https:\/\/www.europesays.com\/es\/wp-json\/wp\/v2\/posts"}],"about":[{"href":"https:\/\/www.europesays.com\/es\/wp-json\/wp\/v2\/types\/post"}],"author":[{"embeddable":true,"href":"https:\/\/www.europesays.com\/es\/wp-json\/wp\/v2\/users\/2"}],"replies":[{"embeddable":true,"href":"https:\/\/www.europesays.com\/es\/wp-json\/wp\/v2\/comments?post=110064"}],"version-history":[{"count":0,"href":"https:\/\/www.europesays.com\/es\/wp-json\/wp\/v2\/posts\/110064\/revisions"}],"wp:featuredmedia":[{"embeddable":true,"href":"https:\/\/www.europesays.com\/es\/wp-json\/wp\/v2\/media\/110065"}],"wp:attachment":[{"href":"https:\/\/www.europesays.com\/es\/wp-json\/wp\/v2\/media?parent=110064"}],"wp:term":[{"taxonomy":"category","embeddable":true,"href":"https:\/\/www.europesays.com\/es\/wp-json\/wp\/v2\/categories?post=110064"},{"taxonomy":"post_tag","embeddable":true,"href":"https:\/\/www.europesays.com\/es\/wp-json\/wp\/v2\/tags?post=110064"}],"curies":[{"name":"wp","href":"https:\/\/api.w.org\/{rel}","templated":true}]}}