{"id":110077,"date":"2025-09-12T13:00:08","date_gmt":"2025-09-12T13:00:08","guid":{"rendered":"https:\/\/www.europesays.com\/es\/110077\/"},"modified":"2025-09-12T13:00:08","modified_gmt":"2025-09-12T13:00:08","slug":"vuelta-ciclista-espana-en-madrid-recorrido-horario-y-cortes-de-trafico-previstos-hoy-abc","status":"publish","type":"post","link":"https:\/\/www.europesays.com\/es\/110077\/","title":{"rendered":"Vuelta ciclista Espa\u00f1a en Madrid: recorrido, horario y cortes de tr\u00e1fico previstos hoy &#8211; ABC"},"content":{"rendered":"<ol>\n<li><a href=\"https:\/\/news.google.com\/rss\/articles\/CBMirwFBVV95cUxONy1LU2R2NDRUX0dSN3BJdV9CQ05OaEtBc0FOVGxROTAtTXR3MGJrYWJQRFlKMENjR29adkgwMGJxSDlJN1RHbzZuTWNucnMxRXNpUlN6QXd6RFpxTU1DUGVxTnJXN2d1c2xLNDFNR0hNeHl2QWh6YmNYMVJIR19yMWhvVkVlNzl3SFhLb3EzRWZUOVY3TW1vV3AzMjNKN1FlSG1vM0xqZTRhdTZVdlZJ?oc=5\" target=\"_blank\" rel=\"nofollow noopener\">Vuelta ciclista Espa\u00f1a en Madrid: recorrido, horario y cortes de tr\u00e1fico previstos hoy<\/a>&nbsp;&nbsp;ABC<\/li>\n<li><a href=\"https:\/\/news.google.com\/rss\/articles\/CBMi4AFBVV95cUxQU2xnOVZCNzBacXhhdTFKQWpvamlxdTJ6QlB4WlRCZmpOSFBhZ255NUd2NnN1dV9ZXzZHVXJnb0VVVmRHRHdJMWI4MXN2dlRxZFRreVJYYWgzd1J5Nk1QNnJMblFUdVdzZ0hQQUdYbUthV3dEb1hMRUdyUDBrZ25WUm93ZWs1S3RzeXlGZ2NBbUVRMzlITjRnbXhiR2NsVUdickFkd0pmNmNZX2ZDbnhESm81YkFjbEFIOGFIVnhlVHFrQ1h3WldDWFU0dHdCZ2d5aDNoa3pueWR1VHdXUEhRaw?oc=5\" target=\"_blank\" rel=\"nofollow noopener\">Cortes de tr\u00e1fico por el final de La Vuelta a Espa\u00f1a a su paso por la Sierra de Madrid este s\u00e1bado<\/a>&nbsp;&nbsp;EL PA\u00cdS<\/li>\n<li><a href=\"https:\/\/news.google.com\/rss\/articles\/CBMiowJBVV95cUxPQmhLaE5aNWdBZ1hyNmczWTZFbTUyeVM5M0o5UHBISm85eF9fSE9UVGM4U2lpYVJxaUs2RGJUSE1YQ05Ua0N0cEF4SGtXTkVYd1R2WlBBWFlxdE9od3pkY3U4UlQ4M0V2bnpEb2pJUlVfUVR5c1l4MlY1NjB5VEVSN0VXSm9qNDROaTVidTRNbHRlclZiU2Zsd2Qwb2VzV2k1cVR1eTRWa3oyZ1ZyOURjVFNtVURTWUdWcUQtdWFTQmVLOWd0Vmlubi1acFhhT1hhbUJzM3VFMnl1cFdXbDR6VnBzb2tVak1vbDVYOWQwRUlubUt1amJwM01qWDc5b3FxWVFoMmNYS3hBU3BkdGFqWEJSWVNUd0EwcHN3SmhzbURDQnM?oc=5\" target=\"_blank\" rel=\"nofollow noopener\">21\u00aa etapa, perfil y recorrido: Cibeles corona al campe\u00f3n de La Vuelta (E1 y HBO Max, 16:30)<\/a>&nbsp;&nbsp;Eurosport<\/li>\n<li><a href=\"https:\/\/news.google.com\/rss\/articles\/CBMiygFBVV95cUxNOXdkX19jdHdUUmJLSmdDOURBaXV2dVRvNXJwT1AxWkRyamZRS0VYMmZTdWZSSmQwR1NWdFloaXc5eFBqRmF5MGdHNWEtQVBiWE1lR1RYd2Q0aEwwREVJdV9kSG9ud1lxX3A2YjNMeHN1NkRQbGwxdDNNWUdkX1kyUnRSWUdVU1JWOXZlSjhmNDNTT185RndGUXdGVFhNRjhJdFFEM2JVQVg4aFE2WXo0Z0RSbUhENXFWOVBHT19uX0RkZHlxRUIyNVRn?oc=5\" target=\"_blank\" rel=\"nofollow noopener\">La etapa 20 de La Vuelta pasar\u00e1 en dos ocasiones por Guadarrama el s\u00e1bado 13 de septiembre<\/a>&nbsp;&nbsp;guadarramanoticias.com<\/li>\n<li><a href=\"https:\/\/news.google.com\/rss\/articles\/CBMi4wFBVV95cUxPdC14V0luN1dDMmlUNEFsVWEzV2cxX0loRV94WVdueWlYWUdENWh1RE44UkhESG9Oa2pHNzdIVmtKb2hMSEJCa0djOGR2VUk5R2dMZXdkbktHa18tWHJRU0l0VmpYZTN1Wi1JV3N3NHp3bjhLXzFEWUdYRTNjbUN1aHdKNzJFRFktbXpoY2QwOVlRSG9rTTNRSUNzSVlLbjdiWnRYZmxObWQ2WHhpa2Y2N0JkNjhzTTJoam1FUFBGU1l6dzN5TXZORVpDQkt5ZEEtU3h6Wm1sbFNaRXYxcWd1Z0pXTQ?oc=5\" target=\"_blank\" rel=\"nofollow noopener\">La Vuelta a Espa\u00f1a 2025 cruza la Sierra de Madrid: recorrido y horarios a su paso por Guadarrama, Navacerrada y Cercedilla<\/a>&nbsp;&nbsp;elDiario.es<\/li>\n<\/ol>\n","protected":false},"excerpt":{"rendered":"Vuelta ciclista Espa\u00f1a en Madrid: recorrido, horario y cortes de tr\u00e1fico previstos hoy&nbsp;&nbsp;ABC Cortes de tr\u00e1fico por el&hellip;\n","protected":false},"author":2,"featured_media":109478,"comment_status":"","ping_status":"","sticky":false,"template":"","format":"standard","meta":{"footnotes":""},"categories":[273],"tags":[313,312,168,25,24,23,167],"class_list":{"0":"post-110077","1":"post","2":"type-post","3":"status-publish","4":"format-standard","5":"has-post-thumbnail","7":"category-ciclismo","8":"tag-ciclismo","9":"tag-cycling","10":"tag-deportes","11":"tag-es","12":"tag-espana","13":"tag-spain","14":"tag-sports"},"share_on_mastodon":{"url":"","error":""},"_links":{"self":[{"href":"https:\/\/www.europesays.com\/es\/wp-json\/wp\/v2\/posts\/110077","targetHints":{"allow":["GET"]}}],"collection":[{"href":"https:\/\/www.europesays.com\/es\/wp-json\/wp\/v2\/posts"}],"about":[{"href":"https:\/\/www.europesays.com\/es\/wp-json\/wp\/v2\/types\/post"}],"author":[{"embeddable":true,"href":"https:\/\/www.europesays.com\/es\/wp-json\/wp\/v2\/users\/2"}],"replies":[{"embeddable":true,"href":"https:\/\/www.europesays.com\/es\/wp-json\/wp\/v2\/comments?post=110077"}],"version-history":[{"count":0,"href":"https:\/\/www.europesays.com\/es\/wp-json\/wp\/v2\/posts\/110077\/revisions"}],"wp:featuredmedia":[{"embeddable":true,"href":"https:\/\/www.europesays.com\/es\/wp-json\/wp\/v2\/media\/109478"}],"wp:attachment":[{"href":"https:\/\/www.europesays.com\/es\/wp-json\/wp\/v2\/media?parent=110077"}],"wp:term":[{"taxonomy":"category","embeddable":true,"href":"https:\/\/www.europesays.com\/es\/wp-json\/wp\/v2\/categories?post=110077"},{"taxonomy":"post_tag","embeddable":true,"href":"https:\/\/www.europesays.com\/es\/wp-json\/wp\/v2\/tags?post=110077"}],"curies":[{"name":"wp","href":"https:\/\/api.w.org\/{rel}","templated":true}]}}