{"id":110086,"date":"2025-09-12T13:05:12","date_gmt":"2025-09-12T13:05:12","guid":{"rendered":"https:\/\/www.europesays.com\/es\/110086\/"},"modified":"2025-09-12T13:05:12","modified_gmt":"2025-09-12T13:05:12","slug":"creatividad-luz-y-denuncia-social-estas-son-las-imagenes-ganadoras-de-los-black-and-white-photo-awards-2025","status":"publish","type":"post","link":"https:\/\/www.europesays.com\/es\/110086\/","title":{"rendered":"Creatividad, luz y denuncia social: estas son las im\u00e1genes ganadoras de los Black and White Photo Awards 2025"},"content":{"rendered":"<p>En apenas cuatro ediciones, los <a href=\"https:\/\/bwphotoawards.com\" rel=\"nofollow noopener\" target=\"_blank\">Black and White Photo Awards<\/a> se han consolidado como un escaparate de referencia para fot\u00f3grafos y fot\u00f3grafas de todo el mundo. El certamen, todav\u00eda joven, acaba de anunciar a los ganadores de su edici\u00f3n 2025, que nos deja unas excelentes im\u00e1genes monocrom\u00e1ticas demostrando, una vez m\u00e1s, que algunas historias solo se pueden contar en blanco y negro.\u00a0<\/p>\n<p>El ganador absoluto ha sido el portugu\u00e9s Jo\u00e3o Coelho con su impactante imagen \u00abThe Kingdom of Flies\u00bb (el Reino de las Moscas). La escena muestra a un hombre rodeado por un enjambre de moscas mientras intenta conseguir restos de comida en lo que parece un vertedero. Una cruda imagen que refleja la realidad de millones de personas en el mundo y las lamentables condiciones en las que intentan sobrevivir.\u00a0<\/p>\n<p>\nPublicidad&#13;<br \/>\n  &#13;\n<\/p>\n<p><img fetchpriority=\"high\" decoding=\"async\" data-attachment-id=\"80673\" data-permalink=\"https:\/\/photolari.com\/creatividad-luz-y-denuncia-social-estas-son-las-imagenes-ganadoras-de-los-black-and-white-photo-awards-2025\/joao-coelho\/\" data-orig-file=\"https:\/\/www.europesays.com\/es\/wp-content\/uploads\/2025\/09\/joao-coelho.jpg\" data-orig-size=\"1200,793\" data-comments-opened=\"1\" data-image-meta=\"{&quot;aperture&quot;:&quot;0&quot;,&quot;credit&quot;:&quot;&quot;,&quot;camera&quot;:&quot;&quot;,&quot;caption&quot;:&quot;&quot;,&quot;created_timestamp&quot;:&quot;0&quot;,&quot;copyright&quot;:&quot;&quot;,&quot;focal_length&quot;:&quot;0&quot;,&quot;iso&quot;:&quot;0&quot;,&quot;shutter_speed&quot;:&quot;0&quot;,&quot;title&quot;:&quot;&quot;,&quot;orientation&quot;:&quot;1&quot;}\" data-image-title=\"\u00a9 Jo\u00e3o Coelho\" data-image-description=\"&lt;p&gt;Black and White Photo Awards 2025&lt;\/p&gt;&#10;\" data-image-caption=\"&lt;p&gt;\u00a9 Jo\u00e3o Coelho&lt;\/p&gt;&#10;\" data-medium-file=\"https:\/\/photolari.com\/wp-content\/uploads\/2025\/08\/joao-coelho-300x198.jpg\" data-large-file=\"https:\/\/photolari.com\/wp-content\/uploads\/2025\/08\/joao-coelho-1030x681.jpg\" class=\"wp-image-80673 size-full\" src=\"https:\/\/www.europesays.com\/es\/wp-content\/uploads\/2025\/09\/joao-coelho.jpg\" alt=\"\u00a9 Jo\u00e3o Coelho\" width=\"1200\" height=\"793\"  \/>\u00a9 Jo\u00e3o Coelho \u2013 ganador absoluto<\/p>\n<p>Coelho como ganador del premio principal ha recibido 1000 euros en efectivo y un objetivo ThyPoch Simera 35 mm.<\/p>\n<p>El segundo premio (Runner-up) -otorgado por primera vez este a\u00f1o- se lo ha llevado Mark Seawell por la fotograf\u00eda \u201cWhere the Shadows Lie\u201d(donde yacen las sombras). Una imagen capturada en los ca\u00f1ones de Arizona y que destaca por un delicado contraste entre luces y sombras que transforma el paisaje en algo casi po\u00e9tico.\u00a0<\/p>\n<p><img loading=\"lazy\" decoding=\"async\" data-attachment-id=\"80674\" data-permalink=\"https:\/\/photolari.com\/creatividad-luz-y-denuncia-social-estas-son-las-imagenes-ganadoras-de-los-black-and-white-photo-awards-2025\/mark-seawell\/\" data-orig-file=\"https:\/\/www.europesays.com\/es\/wp-content\/uploads\/2025\/09\/mark-seawell.jpg\" data-orig-size=\"1200,477\" data-comments-opened=\"1\" data-image-meta=\"{&quot;aperture&quot;:&quot;0&quot;,&quot;credit&quot;:&quot;&quot;,&quot;camera&quot;:&quot;&quot;,&quot;caption&quot;:&quot;&quot;,&quot;created_timestamp&quot;:&quot;0&quot;,&quot;copyright&quot;:&quot;&quot;,&quot;focal_length&quot;:&quot;0&quot;,&quot;iso&quot;:&quot;0&quot;,&quot;shutter_speed&quot;:&quot;0&quot;,&quot;title&quot;:&quot;&quot;,&quot;orientation&quot;:&quot;1&quot;}\" data-image-title=\"\u00a9 Mark Seawell\" data-image-description=\"&lt;p&gt;Black and White Photo Awards 2025&lt;\/p&gt;&#10;\" data-image-caption=\"&lt;p&gt;\u00a9 Mark Seawell&lt;\/p&gt;&#10;\" data-medium-file=\"https:\/\/photolari.com\/wp-content\/uploads\/2025\/08\/mark-seawell-300x119.jpg\" data-large-file=\"https:\/\/photolari.com\/wp-content\/uploads\/2025\/08\/mark-seawell-1030x409.jpg\" class=\"wp-image-80674 size-full\" src=\"https:\/\/www.europesays.com\/es\/wp-content\/uploads\/2025\/09\/mark-seawell.jpg\" alt=\"\u00a9 Mark Seawell \" width=\"1200\" height=\"477\"  \/>\u00a9 Mark Seawell \u2013 Premio Runner-up<\/p>\n<p>El fot\u00f3grafo ha ganado un tr\u00edpode Benro y una mochila Tenba Axis proporcionado por Foto T\u00e9cnica Import.\u00a0<\/p>\n<p>El premio especial a la creatividad ha sido para Adebayo Rotilu con la fotograf\u00eda titulada \u201cElectric Silhouette\u201d un original retrato iluminado con rayos l\u00e1ser.<\/p>\n<p><img loading=\"lazy\" decoding=\"async\" data-attachment-id=\"80671\" data-permalink=\"https:\/\/photolari.com\/creatividad-luz-y-denuncia-social-estas-son-las-imagenes-ganadoras-de-los-black-and-white-photo-awards-2025\/adebayo-rotilu\/\" data-orig-file=\"https:\/\/www.europesays.com\/es\/wp-content\/uploads\/2025\/09\/adebayo-rotilu.jpg\" data-orig-size=\"1200,800\" data-comments-opened=\"1\" data-image-meta=\"{&quot;aperture&quot;:&quot;0&quot;,&quot;credit&quot;:&quot;&quot;,&quot;camera&quot;:&quot;&quot;,&quot;caption&quot;:&quot;&quot;,&quot;created_timestamp&quot;:&quot;0&quot;,&quot;copyright&quot;:&quot;&quot;,&quot;focal_length&quot;:&quot;0&quot;,&quot;iso&quot;:&quot;0&quot;,&quot;shutter_speed&quot;:&quot;0&quot;,&quot;title&quot;:&quot;&quot;,&quot;orientation&quot;:&quot;1&quot;}\" data-image-title=\"\u00a9 Adebayo Rotilu\" data-image-description=\"&lt;p&gt;Black and White Photo Awards 2025&lt;\/p&gt;&#10;\" data-image-caption=\"&lt;p&gt;\u00a9 Adebayo Rotilu \u2013 premio Creatividad&lt;\/p&gt;&#10;\" data-medium-file=\"https:\/\/photolari.com\/wp-content\/uploads\/2025\/08\/adebayo-rotilu-300x200.jpg\" data-large-file=\"https:\/\/photolari.com\/wp-content\/uploads\/2025\/08\/adebayo-rotilu-1030x687.jpg\" class=\"size-full wp-image-80671\" src=\"https:\/\/www.europesays.com\/es\/wp-content\/uploads\/2025\/09\/adebayo-rotilu.jpg\" alt=\"\u00a9 Adebayo Rotilu\" width=\"1200\" height=\"800\"  \/>\u00a9 Adebayo Rotilu \u2013 premio Creatividad<\/p>\n<p>Por otro lado el premio especial Maestro de la luz lo ha ganado Roberto Corinaldesi con un retrato \u00abNo Words\u00bb perfectamente iluminado que muestra los rasgos de una persona mayor escondiendo su rostro con las manos.\u00a0<\/p>\n<p><img loading=\"lazy\" decoding=\"async\" data-attachment-id=\"80681\" data-permalink=\"https:\/\/photolari.com\/creatividad-luz-y-denuncia-social-estas-son-las-imagenes-ganadoras-de-los-black-and-white-photo-awards-2025\/roberto-corinaldesi\/\" data-orig-file=\"https:\/\/www.europesays.com\/es\/wp-content\/uploads\/2025\/09\/roberto-corinaldesi.jpg\" data-orig-size=\"1200,654\" data-comments-opened=\"1\" data-image-meta=\"{&quot;aperture&quot;:&quot;0&quot;,&quot;credit&quot;:&quot;&quot;,&quot;camera&quot;:&quot;&quot;,&quot;caption&quot;:&quot;&quot;,&quot;created_timestamp&quot;:&quot;0&quot;,&quot;copyright&quot;:&quot;&quot;,&quot;focal_length&quot;:&quot;0&quot;,&quot;iso&quot;:&quot;0&quot;,&quot;shutter_speed&quot;:&quot;0&quot;,&quot;title&quot;:&quot;&quot;,&quot;orientation&quot;:&quot;1&quot;}\" data-image-title=\"\u00a9 Roberto Corinaldesi\" data-image-description=\"&lt;p&gt;Black and White Photo Awards 2025&lt;\/p&gt;&#10;\" data-image-caption=\"&lt;p&gt;\u00a9 Roberto Corinaldesi \u2013 premio especial Maestro de la luz&lt;\/p&gt;&#10;\" data-medium-file=\"https:\/\/photolari.com\/wp-content\/uploads\/2025\/08\/roberto-corinaldesi-300x164.jpg\" data-large-file=\"https:\/\/photolari.com\/wp-content\/uploads\/2025\/08\/roberto-corinaldesi-1030x561.jpg\" class=\"size-full wp-image-80681\" src=\"https:\/\/www.europesays.com\/es\/wp-content\/uploads\/2025\/09\/roberto-corinaldesi.jpg\" alt=\"\u00a9 Roberto Corinaldesi\" width=\"1200\" height=\"654\"  \/>\u00a9 Roberto Corinaldesi \u2013 premio especial Maestro de la luz<\/p>\n<p>A continuaci\u00f3n os mostramos los primeros y segundos premios de cada categor\u00eda. Como siempre, recomendamos echar un vistazo a la <a href=\"https:\/\/bwphotoawards.com\/ganadores-black-and-white-photo-awards-2025\/\" rel=\"nofollow noopener\" target=\"_blank\">web del concurso<\/a> para poder ver tambi\u00e9n las menciones especiales y fotograf\u00edas finalistas.\u00a0<\/p>\n<p><strong>Arquitectura\u00a0<\/strong><br \/>\n<img loading=\"lazy\" decoding=\"async\" data-attachment-id=\"80679\" data-permalink=\"https:\/\/photolari.com\/creatividad-luz-y-denuncia-social-estas-son-las-imagenes-ganadoras-de-los-black-and-white-photo-awards-2025\/remuna-beca\/\" data-orig-file=\"https:\/\/www.europesays.com\/es\/wp-content\/uploads\/2025\/09\/remuna-beca.jpg\" data-orig-size=\"1200,800\" data-comments-opened=\"1\" data-image-meta=\"{&quot;aperture&quot;:&quot;0&quot;,&quot;credit&quot;:&quot;&quot;,&quot;camera&quot;:&quot;&quot;,&quot;caption&quot;:&quot;&quot;,&quot;created_timestamp&quot;:&quot;0&quot;,&quot;copyright&quot;:&quot;&quot;,&quot;focal_length&quot;:&quot;0&quot;,&quot;iso&quot;:&quot;0&quot;,&quot;shutter_speed&quot;:&quot;0&quot;,&quot;title&quot;:&quot;&quot;,&quot;orientation&quot;:&quot;1&quot;}\" data-image-title=\"\u00a9 Remuna Beca\" data-image-description=\"&lt;p&gt;Black and White Photo Awards 2025&lt;\/p&gt;&#10;\" data-image-caption=\"&lt;p&gt;\u00a9 Remuna Beca \u2013 Primer premio Arquitectura&lt;\/p&gt;&#10;\" data-medium-file=\"https:\/\/photolari.com\/wp-content\/uploads\/2025\/08\/remuna-beca-300x200.jpg\" data-large-file=\"https:\/\/photolari.com\/wp-content\/uploads\/2025\/08\/remuna-beca-1030x687.jpg\" class=\"wp-image-80679 size-full\" src=\"https:\/\/www.europesays.com\/es\/wp-content\/uploads\/2025\/09\/remuna-beca.jpg\" alt=\"\u00a9 Remuna Beca\" width=\"1200\" height=\"800\"  \/>\u00a9 Remuna Beca \u2013 primer premio Arquitectura<br \/>\n<img loading=\"lazy\" decoding=\"async\" data-attachment-id=\"80675\" data-permalink=\"https:\/\/photolari.com\/creatividad-luz-y-denuncia-social-estas-son-las-imagenes-ganadoras-de-los-black-and-white-photo-awards-2025\/martin-wacker-segundo-premio-arquitectura\/\" data-orig-file=\"https:\/\/www.europesays.com\/es\/wp-content\/uploads\/2025\/09\/martin-wacker-segundo-premio-arquitectura.jpg\" data-orig-size=\"1200,867\" data-comments-opened=\"1\" data-image-meta=\"{&quot;aperture&quot;:&quot;0&quot;,&quot;credit&quot;:&quot;&quot;,&quot;camera&quot;:&quot;&quot;,&quot;caption&quot;:&quot;&quot;,&quot;created_timestamp&quot;:&quot;0&quot;,&quot;copyright&quot;:&quot;&quot;,&quot;focal_length&quot;:&quot;0&quot;,&quot;iso&quot;:&quot;0&quot;,&quot;shutter_speed&quot;:&quot;0&quot;,&quot;title&quot;:&quot;&quot;,&quot;orientation&quot;:&quot;1&quot;}\" data-image-title=\"\u00a9 Martin Wacker \u2013 segundo premio Arquitectura\" data-image-description=\"&lt;p&gt;Black and White Photo Awards 2025&lt;\/p&gt;&#10;\" data-image-caption=\"&lt;p&gt;\u00a9 Martin Wacker \u2013 segundo premio Arquitectura&lt;\/p&gt;&#10;\" data-medium-file=\"https:\/\/photolari.com\/wp-content\/uploads\/2025\/08\/martin-wacker-segundo-premio-arquitectura-300x217.jpg\" data-large-file=\"https:\/\/photolari.com\/wp-content\/uploads\/2025\/08\/martin-wacker-segundo-premio-arquitectura-1030x744.jpg\" class=\"size-full wp-image-80675\" src=\"https:\/\/www.europesays.com\/es\/wp-content\/uploads\/2025\/09\/martin-wacker-segundo-premio-arquitectura.jpg\" alt=\"\u00a9 Martin Wacker \u2013 segundo premio Arquitectura\" width=\"1200\" height=\"867\"  \/>\u00a9 Martin Wacker \u2013 segundo premio Arquitectura<br \/>\n<strong>Street<\/strong><br \/>\n<img loading=\"lazy\" decoding=\"async\" data-attachment-id=\"80684\" data-permalink=\"https:\/\/photolari.com\/creatividad-luz-y-denuncia-social-estas-son-las-imagenes-ganadoras-de-los-black-and-white-photo-awards-2025\/yanitsa-genova\/\" data-orig-file=\"https:\/\/www.europesays.com\/es\/wp-content\/uploads\/2025\/09\/yanitsa-genova.jpg\" data-orig-size=\"1200,800\" data-comments-opened=\"1\" data-image-meta=\"{&quot;aperture&quot;:&quot;0&quot;,&quot;credit&quot;:&quot;&quot;,&quot;camera&quot;:&quot;&quot;,&quot;caption&quot;:&quot;&quot;,&quot;created_timestamp&quot;:&quot;0&quot;,&quot;copyright&quot;:&quot;&quot;,&quot;focal_length&quot;:&quot;0&quot;,&quot;iso&quot;:&quot;0&quot;,&quot;shutter_speed&quot;:&quot;0&quot;,&quot;title&quot;:&quot;&quot;,&quot;orientation&quot;:&quot;1&quot;}\" data-image-title=\"\u00a9 Yanitsa Genova\" data-image-description=\"&lt;p&gt;Black and White Photo Awards 2025&lt;\/p&gt;&#10;\" data-image-caption=\"&lt;p&gt;\u00a9 Yanitsa Genova \u2013 primer premio Street&lt;\/p&gt;&#10;\" data-medium-file=\"https:\/\/photolari.com\/wp-content\/uploads\/2025\/08\/yanitsa-genova-300x200.jpg\" data-large-file=\"https:\/\/photolari.com\/wp-content\/uploads\/2025\/08\/yanitsa-genova-1030x687.jpg\" class=\"size-full wp-image-80684\" src=\"https:\/\/www.europesays.com\/es\/wp-content\/uploads\/2025\/09\/yanitsa-genova.jpg\" alt=\"\u00a9 Yanitsa Genova\" width=\"1200\" height=\"800\"  \/>\u00a9 Yanitsa Genova \u2013 primer premio Street<br \/>\n<img loading=\"lazy\" decoding=\"async\" data-attachment-id=\"80682\" data-permalink=\"https:\/\/photolari.com\/creatividad-luz-y-denuncia-social-estas-son-las-imagenes-ganadoras-de-los-black-and-white-photo-awards-2025\/susana-sanchez-gonzalez-segundo-premio-street\/\" data-orig-file=\"https:\/\/www.europesays.com\/es\/wp-content\/uploads\/2025\/09\/susana-sanchez-gonzalez-segundo-premio-street.jpg\" data-orig-size=\"1200,800\" data-comments-opened=\"1\" data-image-meta=\"{&quot;aperture&quot;:&quot;0&quot;,&quot;credit&quot;:&quot;&quot;,&quot;camera&quot;:&quot;&quot;,&quot;caption&quot;:&quot;&quot;,&quot;created_timestamp&quot;:&quot;0&quot;,&quot;copyright&quot;:&quot;&quot;,&quot;focal_length&quot;:&quot;0&quot;,&quot;iso&quot;:&quot;0&quot;,&quot;shutter_speed&quot;:&quot;0&quot;,&quot;title&quot;:&quot;&quot;,&quot;orientation&quot;:&quot;1&quot;}\" data-image-title=\"\u00a9 Susana S\u00e1nchez Gonz\u00e1lez \u2013 segundo premio Street\" data-image-description=\"&lt;p&gt;Black and White Photo Awards 2025&lt;\/p&gt;&#10;\" data-image-caption=\"&lt;p&gt;\u00a9 Susana S\u00e1nchez Gonz\u00e1lez \u2013 segundo premio Street&lt;\/p&gt;&#10;\" data-medium-file=\"https:\/\/photolari.com\/wp-content\/uploads\/2025\/08\/susana-sanchez-gonzalez-segundo-premio-street-300x200.jpg\" data-large-file=\"https:\/\/photolari.com\/wp-content\/uploads\/2025\/08\/susana-sanchez-gonzalez-segundo-premio-street-1030x687.jpg\" class=\"size-full wp-image-80682\" src=\"https:\/\/www.europesays.com\/es\/wp-content\/uploads\/2025\/09\/susana-sanchez-gonzalez-segundo-premio-street.jpg\" alt=\"\u00a9 Susana S\u00e1nchez Gonz\u00e1lez \u2013 segundo premio Street\" width=\"1200\" height=\"800\"  \/>\u00a9 Susana S\u00e1nchez Gonz\u00e1lez \u2013 segundo premio Street<br \/>\n<strong>Retrato<\/strong><br \/>\n<img loading=\"lazy\" decoding=\"async\" data-attachment-id=\"80677\" data-permalink=\"https:\/\/photolari.com\/creatividad-luz-y-denuncia-social-estas-son-las-imagenes-ganadoras-de-los-black-and-white-photo-awards-2025\/nur-tucker\/\" data-orig-file=\"https:\/\/www.europesays.com\/es\/wp-content\/uploads\/2025\/09\/nur-tucker.jpg\" data-orig-size=\"1200,841\" data-comments-opened=\"1\" data-image-meta=\"{&quot;aperture&quot;:&quot;0&quot;,&quot;credit&quot;:&quot;&quot;,&quot;camera&quot;:&quot;&quot;,&quot;caption&quot;:&quot;&quot;,&quot;created_timestamp&quot;:&quot;0&quot;,&quot;copyright&quot;:&quot;&quot;,&quot;focal_length&quot;:&quot;0&quot;,&quot;iso&quot;:&quot;0&quot;,&quot;shutter_speed&quot;:&quot;0&quot;,&quot;title&quot;:&quot;&quot;,&quot;orientation&quot;:&quot;1&quot;}\" data-image-title=\"\u00a9 Nur Tucker\" data-image-description=\"&lt;p&gt;Black and White Photo Awards 2025&lt;\/p&gt;&#10;\" data-image-caption=\"&lt;p&gt;\u00a9 Nur Tucker \u2013 primer premio Retrato&lt;\/p&gt;&#10;\" data-medium-file=\"https:\/\/photolari.com\/wp-content\/uploads\/2025\/08\/nur-tucker-300x210.jpg\" data-large-file=\"https:\/\/photolari.com\/wp-content\/uploads\/2025\/08\/nur-tucker-1030x722.jpg\" class=\"size-full wp-image-80677\" src=\"https:\/\/www.europesays.com\/es\/wp-content\/uploads\/2025\/09\/nur-tucker.jpg\" alt=\"\u00a9 Nur Tucker\" width=\"1200\" height=\"841\"  \/>\u00a9 Nur Tucker \u2013 primer premio Retrato<br \/>\n<img loading=\"lazy\" decoding=\"async\" data-attachment-id=\"80676\" data-permalink=\"https:\/\/photolari.com\/creatividad-luz-y-denuncia-social-estas-son-las-imagenes-ganadoras-de-los-black-and-white-photo-awards-2025\/neil-buchan-grant-segundo-premio-retrato\/\" data-orig-file=\"https:\/\/www.europesays.com\/es\/wp-content\/uploads\/2025\/09\/neil-buchan-grant-segundo-premio-retrato.jpg\" data-orig-size=\"1200,1200\" data-comments-opened=\"1\" data-image-meta=\"{&quot;aperture&quot;:&quot;0&quot;,&quot;credit&quot;:&quot;&quot;,&quot;camera&quot;:&quot;&quot;,&quot;caption&quot;:&quot;&quot;,&quot;created_timestamp&quot;:&quot;0&quot;,&quot;copyright&quot;:&quot;&quot;,&quot;focal_length&quot;:&quot;0&quot;,&quot;iso&quot;:&quot;0&quot;,&quot;shutter_speed&quot;:&quot;0&quot;,&quot;title&quot;:&quot;&quot;,&quot;orientation&quot;:&quot;1&quot;}\" data-image-title=\"\u00a9 Neil Buchan Grant \u2013 segundo premio Retrato\" data-image-description=\"&lt;p&gt;Black and White Photo Awards 2025&lt;\/p&gt;&#10;\" data-image-caption=\"&lt;p&gt;\u00a9 Neil Buchan Grant \u2013 segundo premio Retrato&lt;\/p&gt;&#10;\" data-medium-file=\"https:\/\/photolari.com\/wp-content\/uploads\/2025\/08\/neil-buchan-grant-segundo-premio-retrato-300x300.jpg\" data-large-file=\"https:\/\/photolari.com\/wp-content\/uploads\/2025\/08\/neil-buchan-grant-segundo-premio-retrato-1030x1030.jpg\" class=\"size-full wp-image-80676\" src=\"https:\/\/www.europesays.com\/es\/wp-content\/uploads\/2025\/09\/neil-buchan-grant-segundo-premio-retrato.jpg\" alt=\"\u00a9 Neil Buchan Grant \u2013 segundo premio Retrato\" width=\"1200\" height=\"1200\"  \/>\u00a9 Neil Buchan Grant \u2013 segundo premio Retrato<br \/>\n<strong>Fauna y flora\u00a0<\/strong><br \/>\n<img loading=\"lazy\" decoding=\"async\" data-attachment-id=\"80683\" data-permalink=\"https:\/\/photolari.com\/creatividad-luz-y-denuncia-social-estas-son-las-imagenes-ganadoras-de-los-black-and-white-photo-awards-2025\/willem-kruger\/\" data-orig-file=\"https:\/\/www.europesays.com\/es\/wp-content\/uploads\/2025\/09\/willem-kruger.jpg\" data-orig-size=\"1200,741\" data-comments-opened=\"1\" data-image-meta=\"{&quot;aperture&quot;:&quot;0&quot;,&quot;credit&quot;:&quot;&quot;,&quot;camera&quot;:&quot;&quot;,&quot;caption&quot;:&quot;&quot;,&quot;created_timestamp&quot;:&quot;0&quot;,&quot;copyright&quot;:&quot;&quot;,&quot;focal_length&quot;:&quot;0&quot;,&quot;iso&quot;:&quot;0&quot;,&quot;shutter_speed&quot;:&quot;0&quot;,&quot;title&quot;:&quot;&quot;,&quot;orientation&quot;:&quot;1&quot;}\" data-image-title=\"\u00a9 Willem Kruger\" data-image-description=\"&lt;p&gt;Black and White Photo Awards 2025&lt;\/p&gt;&#10;\" data-image-caption=\"&lt;p&gt;\u00a9 Willem Kruger \u2013 primer premio Fauna y flora&lt;\/p&gt;&#10;\" data-medium-file=\"https:\/\/photolari.com\/wp-content\/uploads\/2025\/08\/willem-kruger-300x185.jpg\" data-large-file=\"https:\/\/photolari.com\/wp-content\/uploads\/2025\/08\/willem-kruger-1030x636.jpg\" class=\"size-full wp-image-80683\" src=\"https:\/\/www.europesays.com\/es\/wp-content\/uploads\/2025\/09\/willem-kruger.jpg\" alt=\"\u00a9 Willem Kruger\" width=\"1200\" height=\"741\"  \/>\u00a9 Willem Kruger \u2013 primer premio Fauna y flora<br \/>\n<img loading=\"lazy\" decoding=\"async\" data-attachment-id=\"80678\" data-permalink=\"https:\/\/photolari.com\/creatividad-luz-y-denuncia-social-estas-son-las-imagenes-ganadoras-de-los-black-and-white-photo-awards-2025\/rajarshi-banerji-segundo-premio-fauna-y-flora\/\" data-orig-file=\"https:\/\/www.europesays.com\/es\/wp-content\/uploads\/2025\/09\/rajarshi-banerji-segundo-premio-fauna-y-flora.jpg\" data-orig-size=\"1200,817\" data-comments-opened=\"1\" data-image-meta=\"{&quot;aperture&quot;:&quot;0&quot;,&quot;credit&quot;:&quot;&quot;,&quot;camera&quot;:&quot;&quot;,&quot;caption&quot;:&quot;&quot;,&quot;created_timestamp&quot;:&quot;0&quot;,&quot;copyright&quot;:&quot;&quot;,&quot;focal_length&quot;:&quot;0&quot;,&quot;iso&quot;:&quot;0&quot;,&quot;shutter_speed&quot;:&quot;0&quot;,&quot;title&quot;:&quot;&quot;,&quot;orientation&quot;:&quot;1&quot;}\" data-image-title=\"\u00a9 Rajarshi Banerji \u2013 segundo premio Fauna y Flora\" data-image-description=\"&lt;p&gt;Black and White Photo Awards 2025&lt;\/p&gt;&#10;\" data-image-caption=\"&lt;p&gt;\u00a9 Rajarshi Banerji \u2013 segundo premio Fauna y flora&lt;\/p&gt;&#10;\" data-medium-file=\"https:\/\/photolari.com\/wp-content\/uploads\/2025\/08\/rajarshi-banerji-segundo-premio-fauna-y-flora-300x204.jpg\" data-large-file=\"https:\/\/photolari.com\/wp-content\/uploads\/2025\/08\/rajarshi-banerji-segundo-premio-fauna-y-flora-1030x701.jpg\" class=\"size-full wp-image-80678\" src=\"https:\/\/www.europesays.com\/es\/wp-content\/uploads\/2025\/09\/rajarshi-banerji-segundo-premio-fauna-y-flora.jpg\" alt=\"\u00a9 Rajarshi Banerji \u2013 segundo premio Fauna y Flora\" width=\"1200\" height=\"817\"  \/>\u00a9 Rajarshi Banerji \u2013 segundo premio Fauna y flora<br \/>\n<strong>Paisaje\u00a0<\/strong><br \/>\n<img loading=\"lazy\" decoding=\"async\" data-attachment-id=\"80680\" data-permalink=\"https:\/\/photolari.com\/creatividad-luz-y-denuncia-social-estas-son-las-imagenes-ganadoras-de-los-black-and-white-photo-awards-2025\/robert-bolton\/\" data-orig-file=\"https:\/\/www.europesays.com\/es\/wp-content\/uploads\/2025\/09\/robert-bolton.jpg\" data-orig-size=\"1200,900\" data-comments-opened=\"1\" data-image-meta=\"{&quot;aperture&quot;:&quot;0&quot;,&quot;credit&quot;:&quot;&quot;,&quot;camera&quot;:&quot;&quot;,&quot;caption&quot;:&quot;&quot;,&quot;created_timestamp&quot;:&quot;0&quot;,&quot;copyright&quot;:&quot;&quot;,&quot;focal_length&quot;:&quot;0&quot;,&quot;iso&quot;:&quot;0&quot;,&quot;shutter_speed&quot;:&quot;0&quot;,&quot;title&quot;:&quot;&quot;,&quot;orientation&quot;:&quot;1&quot;}\" data-image-title=\"\u00a9 Robert Bolton\" data-image-description=\"&lt;p&gt;Black and White Photo Awards 2025&lt;\/p&gt;&#10;\" data-image-caption=\"&lt;p&gt;\u00a9 Robert Bolton \u2013 primer premio Paisaje &lt;\/p&gt;&#10;\" data-medium-file=\"https:\/\/photolari.com\/wp-content\/uploads\/2025\/08\/robert-bolton-300x225.jpg\" data-large-file=\"https:\/\/photolari.com\/wp-content\/uploads\/2025\/08\/robert-bolton-1030x773.jpg\" class=\"size-full wp-image-80680\" src=\"https:\/\/www.europesays.com\/es\/wp-content\/uploads\/2025\/09\/robert-bolton.jpg\" alt=\"\u00a9 Robert Bolton\" width=\"1200\" height=\"900\"  \/>\u00a9 Robert Bolton \u2013 primer premio Paisaje<br \/>\n<img loading=\"lazy\" decoding=\"async\" data-attachment-id=\"80672\" data-permalink=\"https:\/\/photolari.com\/creatividad-luz-y-denuncia-social-estas-son-las-imagenes-ganadoras-de-los-black-and-white-photo-awards-2025\/elias-ejderhamn-segundo-premio-paisaje\/\" data-orig-file=\"https:\/\/www.europesays.com\/es\/wp-content\/uploads\/2025\/09\/elias-ejderhamn-segundo-premio-paisaje.jpg\" data-orig-size=\"1200,800\" data-comments-opened=\"1\" data-image-meta=\"{&quot;aperture&quot;:&quot;0&quot;,&quot;credit&quot;:&quot;&quot;,&quot;camera&quot;:&quot;&quot;,&quot;caption&quot;:&quot;&quot;,&quot;created_timestamp&quot;:&quot;0&quot;,&quot;copyright&quot;:&quot;&quot;,&quot;focal_length&quot;:&quot;0&quot;,&quot;iso&quot;:&quot;0&quot;,&quot;shutter_speed&quot;:&quot;0&quot;,&quot;title&quot;:&quot;&quot;,&quot;orientation&quot;:&quot;1&quot;}\" data-image-title=\"\u00a9 Elias Ejderhamn \u2013 segundo premio Paisaje\" data-image-description=\"&lt;p&gt;Black and White Photo Awards 2025&lt;\/p&gt;&#10;\" data-image-caption=\"&lt;p&gt;\u00a9 Elias Ejderhamn \u2013 segundo premio Paisaje&lt;\/p&gt;&#10;\" data-medium-file=\"https:\/\/photolari.com\/wp-content\/uploads\/2025\/08\/elias-ejderhamn-segundo-premio-paisaje-300x200.jpg\" data-large-file=\"https:\/\/photolari.com\/wp-content\/uploads\/2025\/08\/elias-ejderhamn-segundo-premio-paisaje-1030x687.jpg\" class=\"size-full wp-image-80672\" src=\"https:\/\/www.europesays.com\/es\/wp-content\/uploads\/2025\/09\/elias-ejderhamn-segundo-premio-paisaje.jpg\" alt=\"\u00a9 Elias Ejderhamn \u2013 segundo premio Paisaje\" width=\"1200\" height=\"800\"  \/>\u00a9 Elias Ejderhamn \u2013 segundo premio Paisaje<\/p>\n<p>\n\tRelacionado<\/p>\n","protected":false},"excerpt":{"rendered":"En apenas cuatro ediciones, los Black and White Photo Awards se han consolidado como un escaparate de referencia&hellip;\n","protected":false},"author":2,"featured_media":110087,"comment_status":"","ping_status":"","sticky":false,"template":"","format":"standard","meta":{"footnotes":""},"categories":[173],"tags":[229,233,231,230,37697,232,234,146,147,25,24,4509,37698,23],"class_list":{"0":"post-110086","1":"post","2":"type-post","3":"status-publish","4":"format-standard","5":"has-post-thumbnail","7":"category-arte-y-diseno","8":"tag-arte","9":"tag-arte-y-diseno","10":"tag-arts","11":"tag-arts-and-design","12":"tag-concurso-de-fotografia","13":"tag-design","14":"tag-diseno","15":"tag-entertainment","16":"tag-entretenimiento","17":"tag-es","18":"tag-espana","19":"tag-fotografia-blanco-y-negro","20":"tag-premios-fotografia","21":"tag-spain"},"share_on_mastodon":{"url":"","error":""},"_links":{"self":[{"href":"https:\/\/www.europesays.com\/es\/wp-json\/wp\/v2\/posts\/110086","targetHints":{"allow":["GET"]}}],"collection":[{"href":"https:\/\/www.europesays.com\/es\/wp-json\/wp\/v2\/posts"}],"about":[{"href":"https:\/\/www.europesays.com\/es\/wp-json\/wp\/v2\/types\/post"}],"author":[{"embeddable":true,"href":"https:\/\/www.europesays.com\/es\/wp-json\/wp\/v2\/users\/2"}],"replies":[{"embeddable":true,"href":"https:\/\/www.europesays.com\/es\/wp-json\/wp\/v2\/comments?post=110086"}],"version-history":[{"count":0,"href":"https:\/\/www.europesays.com\/es\/wp-json\/wp\/v2\/posts\/110086\/revisions"}],"wp:featuredmedia":[{"embeddable":true,"href":"https:\/\/www.europesays.com\/es\/wp-json\/wp\/v2\/media\/110087"}],"wp:attachment":[{"href":"https:\/\/www.europesays.com\/es\/wp-json\/wp\/v2\/media?parent=110086"}],"wp:term":[{"taxonomy":"category","embeddable":true,"href":"https:\/\/www.europesays.com\/es\/wp-json\/wp\/v2\/categories?post=110086"},{"taxonomy":"post_tag","embeddable":true,"href":"https:\/\/www.europesays.com\/es\/wp-json\/wp\/v2\/tags?post=110086"}],"curies":[{"name":"wp","href":"https:\/\/api.w.org\/{rel}","templated":true}]}}