{"id":110092,"date":"2025-09-12T13:08:14","date_gmt":"2025-09-12T13:08:14","guid":{"rendered":"https:\/\/www.europesays.com\/es\/110092\/"},"modified":"2025-09-12T13:08:14","modified_gmt":"2025-09-12T13:08:14","slug":"lorne-shore-i-feel-the-everblack-festering-within-me","status":"publish","type":"post","link":"https:\/\/www.europesays.com\/es\/110092\/","title":{"rendered":"LORNE SHORE &#8211; &#8216;I Feel The Everblack Festering Within Me&#8217;"},"content":{"rendered":"<p>        <a href=\"https:\/\/www.rockzonemag.com\/wp-content\/uploads\/2025\/09\/Lorna-Shore_band-photo_Credit-Mike-Elliott.jpg\" data-caption=\"Foto: Mike Elliott\" rel=\"nofollow noopener\" target=\"_blank\"><img loading=\"lazy\" decoding=\"async\" width=\"640\" height=\"360\" class=\"entry-thumb td-modal-image\" src=\"https:\/\/www.europesays.com\/es\/wp-content\/uploads\/2025\/09\/Lorna-Shore_band-photo_Credit-Mike-Elliott-640x360.jpg\"   alt=\"\" title=\"Lorna Shore_band photo_Credit Mike Elliott\"\/><\/a>Foto: Mike Elliott<br \/>\n        <a href=\"https:\/\/entradas.codetickets.com\/entradas\/tropical-riot-fest-2025\/68704\/tropical-riot\/online\" target=\"_blank\" rel=\"nofollow noopener\"><img decoding=\"async\" src=\"https:\/\/www.europesays.com\/es\/wp-content\/uploads\/2025\/07\/Banner-Tropical-Riot-2025-Rockzone-copia.gif\"\/><\/a><\/p>\n<p><strong>Una de los aspectos que m\u00e1s curiosidad me provoca en la evoluci\u00f3n del metal es la asimilaci\u00f3n por parte del p\u00fablico de los sonidos extremos.<\/strong> Por muy radical e inaudible que nos pueda parecer algo, con el paso del tiempo, inevitablemente, surgir\u00e1n nuevas propuestas que ir\u00e1n un poco m\u00e1s all\u00e1 y provocar\u00e1n que las anteriores nos parezcan totalmente normales o hasta cl\u00e1sicas.<\/p>\n<p><a href=\"https:\/\/www.ticketmaster.es\/artist\/linkin-park-entradas\/10021?int_cmp_name=LINKIN-PARK&amp;int_cmp_id=ES-Home-501&amp;int_cmp_creative=Home-main-4.0&amp;tm_link=tm_ccp_Home_main_LINKIN-PARK\" target=\"_blank\" rel=\"nofollow noopener\"><img decoding=\"async\" src=\"https:\/\/www.europesays.com\/es\/wp-content\/uploads\/2025\/07\/Banner-Linkin-Park-2-Rock-Zone-1060x200-1.png\"\/><\/a><\/p>\n<p><img fetchpriority=\"high\" decoding=\"async\" class=\" wp-image-44226 alignleft\" src=\"https:\/\/www.europesays.com\/es\/wp-content\/uploads\/2025\/09\/lornashore-portada-2025l.jpg\" alt=\"\" width=\"292\" height=\"292\"  \/>Solo falta comparar la percepci\u00f3n que se ten\u00eda de la m\u00fasica de Black Sabbath, Metallica o Pantera en el momento en el que empezaron y como son vistas ahora. Es este fen\u00f3meno el que posibilita que <a href=\"https:\/\/www.rockzonemag.com\/?s=Lorna+Shore\" rel=\"nofollow noopener\" target=\"_blank\"><strong>Lorna Shore<\/strong><\/a>, a pesar de contar con un vocalista tan salvaje como Will Ramos y que sus canciones suenen como mini \u00f3peras de Wagner a ritmo de blast beat, hayan conseguido convertirse en una de las bandas de metal con m\u00e1s proyecci\u00f3n de esta d\u00e9cada. Y aunque me sorprender\u00eda que llegaran al mainstream, si ocurriera, tampoco me echar\u00eda las manos a la cabeza.<\/p>\n<p>Desde luego, I Feel The Everblack Festering Within Me no est\u00e1 dise\u00f1ado con ese objetivo. Donde tantas otras bandas deathcore acaban sucumbiendo a los estribillos mel\u00f3dicos, ellos siguen en sus trece con una cacofon\u00eda de guturales y pig squeals que, de entrada, ahuyentar\u00e1n a cualquiera que nunca haya entrado en contacto con este tipo de registros. Es como ponerle una pel\u00edcula gore a alguien que lo m\u00e1s terror\u00edfico que ha visto es El Exorcista. Tambi\u00e9n hay algo aqu\u00ed de esp\u00edritu Grand-Guignol. Todo suena tan amplificado y exagerado que tiene un punto casi c\u00f3mico; en lugar de chorros de sangre, tenemos breakdowns que parecen hechos con un martillo pil\u00f3n. Acojona y provoca risa (hist\u00e9rica) al mismo tiempo.<\/p>\n<p>Si bien es cierto que su larga duraci\u00f3n -escucharlo entero te llevar\u00e1 m\u00e1s de una hora- pueda provocar algo de fatiga auditiva, hay algo admirable en c\u00f3mo el quinteto de New Jersey es capaz de plasmar la grandiosidad a la que aspiran. Todo suena gigantesco y apabullante, con pomposos elementos sinf\u00f3nicos, como las voces corales y los arreglos orquestales, poniendo belleza en medio del apocalipsis. Es en la tensi\u00f3n entre las interpretaciones del vocalista y la atronadora bater\u00eda con las l\u00edneas mel\u00f3dicas de las guitarras y los teclados -que alcanza su m\u00e1xima expresi\u00f3n en el \u00e9pico final con \u2018Forevermore\u2019- donde Lorna Shore tienen su mayor baza.<\/p>\n<p>Aunque sea pr\u00e1cticamente imposible discernir ni una sola palabra que sale de la boca de Ramos (a ratos parece que est\u00e9 a punto de vomitar), en piezas como \u2018In Darkness\u2019 , \u2018Unbreakable\u2019, \u2018War Machine\u2019, \u2018Glenwood\u2019 transmite la voluntad de sobrevivir en su luchacontra elementos internos y externos. Como m\u00ednimo, la batalla por hacer otro gran disco, la ha ganado.<\/p>\n<p><strong>DAVID GARCELL<\/strong><\/p>\n","protected":false},"excerpt":{"rendered":"Foto: Mike Elliott Una de los aspectos que m\u00e1s curiosidad me provoca en la evoluci\u00f3n del metal es&hellip;\n","protected":false},"author":2,"featured_media":110093,"comment_status":"","ping_status":"","sticky":false,"template":"","format":"standard","meta":{"footnotes":""},"categories":[170],"tags":[146,147,25,24,184,185,23],"class_list":{"0":"post-110092","1":"post","2":"type-post","3":"status-publish","4":"format-standard","5":"has-post-thumbnail","7":"category-musica","8":"tag-entertainment","9":"tag-entretenimiento","10":"tag-es","11":"tag-espana","12":"tag-music","13":"tag-musica","14":"tag-spain"},"share_on_mastodon":{"url":"","error":""},"_links":{"self":[{"href":"https:\/\/www.europesays.com\/es\/wp-json\/wp\/v2\/posts\/110092","targetHints":{"allow":["GET"]}}],"collection":[{"href":"https:\/\/www.europesays.com\/es\/wp-json\/wp\/v2\/posts"}],"about":[{"href":"https:\/\/www.europesays.com\/es\/wp-json\/wp\/v2\/types\/post"}],"author":[{"embeddable":true,"href":"https:\/\/www.europesays.com\/es\/wp-json\/wp\/v2\/users\/2"}],"replies":[{"embeddable":true,"href":"https:\/\/www.europesays.com\/es\/wp-json\/wp\/v2\/comments?post=110092"}],"version-history":[{"count":0,"href":"https:\/\/www.europesays.com\/es\/wp-json\/wp\/v2\/posts\/110092\/revisions"}],"wp:featuredmedia":[{"embeddable":true,"href":"https:\/\/www.europesays.com\/es\/wp-json\/wp\/v2\/media\/110093"}],"wp:attachment":[{"href":"https:\/\/www.europesays.com\/es\/wp-json\/wp\/v2\/media?parent=110092"}],"wp:term":[{"taxonomy":"category","embeddable":true,"href":"https:\/\/www.europesays.com\/es\/wp-json\/wp\/v2\/categories?post=110092"},{"taxonomy":"post_tag","embeddable":true,"href":"https:\/\/www.europesays.com\/es\/wp-json\/wp\/v2\/tags?post=110092"}],"curies":[{"name":"wp","href":"https:\/\/api.w.org\/{rel}","templated":true}]}}