{"id":110094,"date":"2025-09-12T13:09:08","date_gmt":"2025-09-12T13:09:08","guid":{"rendered":"https:\/\/www.europesays.com\/es\/110094\/"},"modified":"2025-09-12T13:09:08","modified_gmt":"2025-09-12T13:09:08","slug":"me-deberia-haber-quedado-callado","status":"publish","type":"post","link":"https:\/\/www.europesays.com\/es\/110094\/","title":{"rendered":"Me deber\u00eda haber quedado callado"},"content":{"rendered":"<p>Todos est\u00e1bamos convencidos de que <strong>Daniel Day-Lewis<\/strong> <a class=\"text-outboundlink\" href=\"https:\/\/www.espinof.com\/actores-y-actrices\/nos-quedamos-sin-el-mejor-actor-del-mundo-daniel-day-lewis-deja-el-cine-a-los-60-anos\" data-vars-post-title=\"Nos quedamos sin el mejor actor del mundo: Daniel Day-Lewis deja el cine a los 60 a\u00f1os\" data-vars-post-url=\"https:\/\/www.espinof.com\/actores-y-actrices\/nos-quedamos-sin-el-mejor-actor-del-mundo-daniel-day-lewis-deja-el-cine-a-los-60-anos\" rel=\"nofollow noopener\" target=\"_blank\">se hab\u00eda retirado<\/a> despu\u00e9s de <a class=\"text-outboundlink\" href=\"https:\/\/www.espinof.com\/criticas\/el-hilo-invisible-una-retorcida-y-elegante-joya-con-memorables-actuaciones\" data-vars-post-title=\"&#039;El hilo invisible&#039;, una retorcida y elegante joya con memorables actuaciones\" data-vars-post-url=\"https:\/\/www.espinof.com\/criticas\/el-hilo-invisible-una-retorcida-y-elegante-joya-con-memorables-actuaciones\" rel=\"nofollow noopener\" target=\"_blank\">&#8216;El hilo invisible&#8217;<\/a> (&#8216;Phantom Thread&#8217;), que acab\u00f3 en multitud de listas de lo mejor del a\u00f1o y le gan\u00f3 una \u00faltima nominaci\u00f3n al \u00d3scar. Sin embargo, ahora ha vuelto con <a class=\"text-outboundlink\" href=\"https:\/\/www.espinof.com\/trailers\/daniel-day-lewis-vuelve-a-grande-intenso-melancolico-drama-dirigido-su-hijo-anemone-muestra-su-trailer\" data-vars-post-title=\"Daniel Day-Lewis vuelve a lo grande con un intenso y melanc\u00f3lico drama dirigido por su hijo. &#039;Anemone&#039; muestra su tr\u00e1iler\" data-vars-post-url=\"https:\/\/www.espinof.com\/trailers\/daniel-day-lewis-vuelve-a-grande-intenso-melancolico-drama-dirigido-su-hijo-anemone-muestra-su-trailer\" rel=\"nofollow noopener\" target=\"_blank\">&#8216;Anemone&#8217;<\/a>, una pel\u00edcula dirigida por su propio hijo Ronan, y que, aparentemente, <strong>va m\u00e1s all\u00e1 del t\u00edpico favorcillo moment\u00e1neo que le haces al chaval para que siga adelante con su sue\u00f1o<\/strong>. O eso dice, al menos.<\/p>\n<p>Lewis nunca pierde<\/p>\n<p>Antes de la premiere en el festival de Nueva York, el pr\u00f3ximo 28 de septiembre, el actor ha aclarado el porqu\u00e9 de su retiro a <a rel=\"noopener, noreferrer nofollow\" href=\"https:\/\/www.rollingstone.com\/tv-movies\/tv-movie-features\/daniel-day-lewis-son-ronan-anemone-interview-1235420815\/\" target=\"_blank\">Rolling Stone<\/a>: \u00abTen\u00eda algo de tristeza residual porque <strong>sab\u00eda que Ronan iba a hacer pel\u00edculas, y yo me estaba alejando de eso<\/strong>. Pens\u00e9, &#8216;\u00bfNo ser\u00eda encantador si hici\u00e9ramos alguno juntos y encontrar una manera de contenerlo, de modo que no tuviera que ser necesariamente algo que requiriera toda la parafernalia de una gran producci\u00f3n?'\u00bb.\u00a0<\/p>\n<p>Daniel Day-Lewis es tambi\u00e9n co-guionista de la pel\u00edcula, en la que seguimos a un recluso que vive en los bosques del Norte de Inglaterra y cuya vida cambia para siempre cuando su hermano aparece y le fuerza a enfrentarse a su propio pasado. El actor ten\u00eda \u00abcierta reserva sobre volver a la vida p\u00fablica otra vez\u00bb, y se plante\u00f3 simplemente escribir el guion y dejar que otro lo interpretara, pero Ronan <strong>\u00abme dej\u00f3 muy claro que no iba a hacer la pel\u00edcula si yo no la hac\u00eda\u00bb<\/strong>.\u00a0<\/p>\n<p>    <a href=\"https:\/\/www.espinof.com\/listas\/7-mejores-peliculas-daniel-day-lewis-autentica-leyenda-actuacion-que-dejo-cine-cuando-estaba-cumbre-su-carrera\" class=\"pivot-outboundlink\" data-vars-post-title=\"Las 7 mejores pel\u00edculas de Daniel Day-Lewis: una aut\u00e9ntica leyenda de la actuaci\u00f3n que dej\u00f3 el cine cuando a\u00fan estaba en la cumbre de su carrera\" rel=\"nofollow noopener\" target=\"_blank\"><br \/>\n     <img loading=\"lazy\" decoding=\"async\" alt=\"Las 7 mejores pel\u00edculas de Daniel Day-Lewis: una aut\u00e9ntica leyenda de la actuaci\u00f3n que dej\u00f3 el cine cuando a\u00fan estaba en la cumbre de su carrera\" width=\"375\" height=\"142\" src=\"https:\/\/www.europesays.com\/es\/wp-content\/uploads\/2025\/09\/1757682548_442_375_142.jpeg\"\/><br \/>\n    <\/a><\/p>\n<blockquote><p>\u00abEra solo una especie de miedo leve, una ansiedad por retomar el negocio del cine. El trabajo siempre fue algo que me encantaba. Nunca dej\u00e9 de amarlo. Pero hab\u00eda aspectos del estilo de vida que lo acompa\u00f1aban con los que nunca llegu\u00e9 a sentirme c\u00f3modo, desde el d\u00eda en que empec\u00e9 hasta hoy. Hay algo en ese proceso que me dejaba vac\u00edo al final. Quiero decir, lo conoc\u00eda bien. Entend\u00eda que todo formaba parte del proceso y que, al final, habr\u00eda una regeneraci\u00f3n. Y fue realmente en la \u00faltima experiencia cuando empec\u00e9 a sentir con fuerza que quiz\u00e1 ya no habr\u00eda esa regeneraci\u00f3n. Que probablemente deber\u00eda mantenerme alejado, porque no ten\u00eda nada m\u00e1s que ofrecer.\u00bb<\/p><\/blockquote>\n<p>Day-Lewis contin\u00faa reflexionando sobre este ansiado retorno, afirmando que \u00abMirando hacia atr\u00e1s ahora, me deber\u00eda haber quedado callado. Me parece una estupidez tan grandilocuente hablar de ello. En realidad, nunca tuve intenci\u00f3n de jubilarme. Simplemente dej\u00e9 de hacer ese tipo de trabajo en concreto para poder dedicarme a otra cosa. <strong>Nunca, ya sabes&#8230; Al parecer, ya me han acusado dos veces de jubilarme<\/strong>\u00ab. \u00a1Anuncias tu retiro dos veces y te acusan de jubilarte! \u00a1C\u00f3mo es la prensa!<\/p>\n<p>La primera vez fue tras la pel\u00edcula &#8216;The Boxer&#8217;, en 1998, cuando decidi\u00f3 dejarlo todo para dedicarse a su verdadera pasi\u00f3n, la carpinter\u00eda. De hecho, <strong>lleg\u00f3 a mudarse a Florencia, donde acab\u00f3 siendo aprendiz de zapatero.<\/strong> Volvi\u00f3 al cine cuatro a\u00f1os despu\u00e9s con <a class=\"text-outboundlink\" href=\"https:\/\/www.espinof.com\/criticas\/martin-scorsese-gangs-of-new-york-el-nacimiento-de-una-nacion\" data-vars-post-title=\"Martin Scorsese: &#039;Gangs of New York&#039;, el nacimiento de una naci\u00f3n\" data-vars-post-url=\"https:\/\/www.espinof.com\/criticas\/martin-scorsese-gangs-of-new-york-el-nacimiento-de-una-nacion\" rel=\"nofollow noopener\" target=\"_blank\">&#8216;Gangs of New York&#8217;<\/a> y desde entonces ha elegido sus papeles con sumo cuidado. Pero tal y como afirma, ni esta vez ni la anterior la palabra \u00abretiro\u00bb significaba nada.<\/p>\n<blockquote><p>\u00ab\u00a1Nunca tuve intenci\u00f3n de jubilarme de nada! Solo quer\u00eda dedicarme a otra cosa durante un tiempo. A medida que me hago mayor, me cuesta cada vez m\u00e1s volver a encontrar el lugar donde el horno vuelve a arder. Pero trabajando con Ro, ese horno se encendi\u00f3. Y fue, de principio a fin, una aut\u00e9ntica alegr\u00eda pasar ese tiempo con \u00e9l.\u00bb<\/p><\/blockquote>\n<p>&#8216;Anemone&#8217; es su primer trabajo como guionista, y <strong>habr\u00e1 que ver si su retorno es algo m\u00e1s que una simple actividad familiar<\/strong> o, por el contrario, tendremos que despedirnos de \u00e9l una tercera vez. Sea como sea, solo hay una cosa clara: le ha echado de menos.<\/p>\n<p>En Espinof |\u00a0<a class=\"text-outboundlink\" href=\"https:\/\/www.espinof.com\/criticas\/el-hilo-invisible-es-un-magistral-cuento-de-hadas-freudiano-de-belleza-morbida\" data-vars-post-title=\"\u2018El hilo invisible\u2019 es un magistral cuento de hadas freudiano de belleza m\u00f3rbida\" data-vars-post-url=\"https:\/\/www.espinof.com\/criticas\/el-hilo-invisible-es-un-magistral-cuento-de-hadas-freudiano-de-belleza-morbida\" rel=\"nofollow noopener\" target=\"_blank\">\u2018El hilo invisible\u2019 es un magistral cuento de hadas freudiano de belleza m\u00f3rbida<\/a><\/p>\n<p>En Espinof | <a class=\"text-outboundlink\" href=\"https:\/\/www.espinof.com\/listas\/mejores-peliculas-2025\" data-vars-post-title=\"Las 14 mejores pel\u00edculas de 2025 (por ahora)\" data-vars-post-url=\"https:\/\/www.espinof.com\/listas\/mejores-peliculas-2025\" rel=\"nofollow noopener\" target=\"_blank\">Las mejores pel\u00edculas de 2025<\/a><\/p>\n","protected":false},"excerpt":{"rendered":"Todos est\u00e1bamos convencidos de que Daniel Day-Lewis se hab\u00eda retirado despu\u00e9s de &#8216;El hilo invisible&#8217; (&#8216;Phantom Thread&#8217;), que&hellip;\n","protected":false},"author":2,"featured_media":110095,"comment_status":"","ping_status":"","sticky":false,"template":"","format":"standard","meta":{"footnotes":""},"categories":[169],"tags":[177,146,147,25,24,176,175,23],"class_list":{"0":"post-110094","1":"post","2":"type-post","3":"status-publish","4":"format-standard","5":"has-post-thumbnail","7":"category-cine","8":"tag-cine","9":"tag-entertainment","10":"tag-entretenimiento","11":"tag-es","12":"tag-espana","13":"tag-film","14":"tag-movies","15":"tag-spain"},"share_on_mastodon":{"url":"","error":""},"_links":{"self":[{"href":"https:\/\/www.europesays.com\/es\/wp-json\/wp\/v2\/posts\/110094","targetHints":{"allow":["GET"]}}],"collection":[{"href":"https:\/\/www.europesays.com\/es\/wp-json\/wp\/v2\/posts"}],"about":[{"href":"https:\/\/www.europesays.com\/es\/wp-json\/wp\/v2\/types\/post"}],"author":[{"embeddable":true,"href":"https:\/\/www.europesays.com\/es\/wp-json\/wp\/v2\/users\/2"}],"replies":[{"embeddable":true,"href":"https:\/\/www.europesays.com\/es\/wp-json\/wp\/v2\/comments?post=110094"}],"version-history":[{"count":0,"href":"https:\/\/www.europesays.com\/es\/wp-json\/wp\/v2\/posts\/110094\/revisions"}],"wp:featuredmedia":[{"embeddable":true,"href":"https:\/\/www.europesays.com\/es\/wp-json\/wp\/v2\/media\/110095"}],"wp:attachment":[{"href":"https:\/\/www.europesays.com\/es\/wp-json\/wp\/v2\/media?parent=110094"}],"wp:term":[{"taxonomy":"category","embeddable":true,"href":"https:\/\/www.europesays.com\/es\/wp-json\/wp\/v2\/categories?post=110094"},{"taxonomy":"post_tag","embeddable":true,"href":"https:\/\/www.europesays.com\/es\/wp-json\/wp\/v2\/tags?post=110094"}],"curies":[{"name":"wp","href":"https:\/\/api.w.org\/{rel}","templated":true}]}}