{"id":110111,"date":"2025-09-12T13:18:09","date_gmt":"2025-09-12T13:18:09","guid":{"rendered":"https:\/\/www.europesays.com\/es\/110111\/"},"modified":"2025-09-12T13:18:09","modified_gmt":"2025-09-12T13:18:09","slug":"puesta-de-largo-oficial-del-balonmano-dolmenes-antequera-en-una-noche-llena-de-emociones-en-el-cortijo-la-martina","status":"publish","type":"post","link":"https:\/\/www.europesays.com\/es\/110111\/","title":{"rendered":"Puesta de largo oficial del Balonmano D\u00f3lmenes Antequera en una noche llena de emociones en el Cortijo La Martina"},"content":{"rendered":"<p>            <a href=\"https:\/\/www.merchanendirecto.es\/wp-content\/uploads\/2025\/09\/Imagen-de-WhatsApp-2025-09-11-a-las-10.35.47_03f9f946.webp\" data-caption=\"\" rel=\"nofollow noopener\" target=\"_blank\"><img loading=\"lazy\" decoding=\"async\" width=\"696\" height=\"463\" class=\"entry-thumb td-modal-image\" src=\"https:\/\/www.europesays.com\/es\/wp-content\/uploads\/2025\/09\/Imagen-de-WhatsApp-2025-09-11-a-las-10.35.47_03f9f946-696x463.webp.webp\"   alt=\"\" title=\"Imagen de WhatsApp 2025-09-11 a las 10.35.47_03f9f946\"\/><\/a><\/p>\n<p>El <strong>Cortijo La Martina<\/strong> fue el escenario elegido para la presentaci\u00f3n oficial del <strong>Balonmano D\u00f3lmenes Antequera<\/strong>, en un acto celebrado este mi\u00e9rcoles que sirvi\u00f3 como pistoletazo de salida a la nueva temporada, que arranca este <strong>s\u00e1bado 13 de septiembre a las 19:00 horas en Montequinto<\/strong>.<\/p>\n<p>Un evento con mucho respaldo institucional y social<\/p>\n<p>La puesta de largo cont\u00f3 con la presencia de la nueva <strong>junta directiva<\/strong>, encabezada por el presidente <strong>Daniel Podadera<\/strong>, as\u00ed como representantes institucionales como el alcalde de Antequera, <strong>Manuel Bar\u00f3n<\/strong>, en su condici\u00f3n de vicepresidente de la Diputaci\u00f3n de M\u00e1laga, <strong>Juan Rosas<\/strong> y la concejala <strong>Mar\u00eda Sierras<\/strong>. Tambi\u00e9n acudieron patrocinadores, representantes de la Federaci\u00f3n Andaluza de Balonmano y numerosos aficionados, todos ellos piezas fundamentales para afrontar con garant\u00edas el objetivo com\u00fan del ascenso.<\/p>\n<p>Equipaciones con historia y gui\u00f1os al pasado<\/p>\n<p>El evento, conducido por <strong>Paco Peramos y Javi Peloches<\/strong>, comenz\u00f3 con la proyecci\u00f3n del spot de la campa\u00f1a de abonados, que ya hab\u00eda tenido una gran acogida en junio. A continuaci\u00f3n, se presentaron en primicia las nuevas equipaciones para la temporada:<\/p>\n<ul class=\"wp-block-list\">\n<li><strong>Primera equipaci\u00f3n<\/strong>: verde con franjas verdiblancas en la parte delantera, un gui\u00f1o a la historia del balonmano antequerano.<\/li>\n<li><strong>Segunda equipaci\u00f3n<\/strong>: morada con detalles en celeste.<\/li>\n<li><strong>Porteros<\/strong>: una negra con detalles dorados y otra en tono rosa.<\/li>\n<\/ul>\n<p>Presentaci\u00f3n de la plantilla<\/p>\n<p>Tras la puesta en escena de la indumentaria lleg\u00f3 el turno de los verdaderos protagonistas: los <strong>jugadores y cuerpo t\u00e9cnico<\/strong>, liderados por <strong>Agust\u00edn Vidal<\/strong>, nuevo entrenador del conjunto verde. Una plantilla renovada que combina juventud y veteran\u00eda, con nombres como <strong>Fernando Moreno, Nacho del Castillo, Jeremy Figueredo o Jos\u00e9 Consuegra<\/strong>, llamados a liderar al equipo en el reto de devolver al club al lugar que merece.<\/p>\n<p>Broche final con sabor a historia<\/p>\n<p>El acto se cerr\u00f3 con un emotivo momento cuando <strong>Los Pacos<\/strong> subieron al escenario para reinterpretar el <strong>himno del club<\/strong>, evocando una de las mejores \u00e9pocas del balonmano en la ciudad y levantando a todos los presentes.<\/p>\n<p>Con el lema <strong>\u201cVolver Juntos\u201d<\/strong>, el D\u00f3lmenes Antequera inicia una campa\u00f1a en la que, pese a competir en la tercera categor\u00eda nacional, cuenta con todos los ingredientes necesarios para so\u00f1ar con regresar a lo m\u00e1s alto.<\/p>\n","protected":false},"excerpt":{"rendered":"El Cortijo La Martina fue el escenario elegido para la presentaci\u00f3n oficial del Balonmano D\u00f3lmenes Antequera, en un&hellip;\n","protected":false},"author":2,"featured_media":110112,"comment_status":"","ping_status":"","sticky":false,"template":"","format":"standard","meta":{"footnotes":""},"categories":[278],"tags":[376,168,37699,25,24,375,23,167],"class_list":{"0":"post-110111","1":"post","2":"type-post","3":"status-publish","4":"format-standard","5":"has-post-thumbnail","7":"category-balonmano","8":"tag-balonmano","9":"tag-deportes","10":"tag-dolmenes-antequera","11":"tag-es","12":"tag-espana","13":"tag-handball","14":"tag-spain","15":"tag-sports"},"share_on_mastodon":{"url":"","error":""},"_links":{"self":[{"href":"https:\/\/www.europesays.com\/es\/wp-json\/wp\/v2\/posts\/110111","targetHints":{"allow":["GET"]}}],"collection":[{"href":"https:\/\/www.europesays.com\/es\/wp-json\/wp\/v2\/posts"}],"about":[{"href":"https:\/\/www.europesays.com\/es\/wp-json\/wp\/v2\/types\/post"}],"author":[{"embeddable":true,"href":"https:\/\/www.europesays.com\/es\/wp-json\/wp\/v2\/users\/2"}],"replies":[{"embeddable":true,"href":"https:\/\/www.europesays.com\/es\/wp-json\/wp\/v2\/comments?post=110111"}],"version-history":[{"count":0,"href":"https:\/\/www.europesays.com\/es\/wp-json\/wp\/v2\/posts\/110111\/revisions"}],"wp:featuredmedia":[{"embeddable":true,"href":"https:\/\/www.europesays.com\/es\/wp-json\/wp\/v2\/media\/110112"}],"wp:attachment":[{"href":"https:\/\/www.europesays.com\/es\/wp-json\/wp\/v2\/media?parent=110111"}],"wp:term":[{"taxonomy":"category","embeddable":true,"href":"https:\/\/www.europesays.com\/es\/wp-json\/wp\/v2\/categories?post=110111"},{"taxonomy":"post_tag","embeddable":true,"href":"https:\/\/www.europesays.com\/es\/wp-json\/wp\/v2\/tags?post=110111"}],"curies":[{"name":"wp","href":"https:\/\/api.w.org\/{rel}","templated":true}]}}