{"id":110115,"date":"2025-09-12T13:22:08","date_gmt":"2025-09-12T13:22:08","guid":{"rendered":"https:\/\/www.europesays.com\/es\/110115\/"},"modified":"2025-09-12T13:22:08","modified_gmt":"2025-09-12T13:22:08","slug":"david-ferrer-sobre-la-ausencia-de-carlos-alcaraz-cuando-renuncia-un-jugador-me-decepciona","status":"publish","type":"post","link":"https:\/\/www.europesays.com\/es\/110115\/","title":{"rendered":"David Ferrer, sobre la ausencia de Carlos Alcaraz: \u00abCuando renuncia un jugador me decepciona\u00bb"},"content":{"rendered":"<p class=\"articleParagraph\">Este fin de semana arranca la Copa Davis 2025 con la fase de grupos en Marbella, con el objetivo de conseguir el pase para la final que se disputar\u00e1 en Bolonia. Se medir\u00e1n ante Dinamarca con caras nuevas en el equipo debido a las bajas de Carlos Alcaraz, Alejandro Davidovich y Marcel Granollers. La selecci\u00f3n capitaneada por David Ferrer, estar\u00e1 compuesta por Pedro Mart\u00ednez, Jaume Munar, Roberto Carball\u00e9s y Pablo Carre\u00f1o.<\/p>\n<p class=\"articleParagraph\">El capit\u00e1n de la &#8216;Armada&#8217;, David Ferrer, se ha pasado este jueves por los micr\u00f3fonos de Radioestadio Noche: \u00abEl equipo est\u00e1 bien e ilusionado. Ellos se conocen desde hace tiempo, el ambiente es bueno. Estoy contento por Marcel y por Carlos, por conseguir el US Open pero es una pena no poder contar con ellos en la Davis\u00bb.<\/p>\n<p class=\"articleParagraph\">\u00abMarcel sab\u00eda que ten\u00eda problemas f\u00edsicos y que no vendr\u00eda. Carlos fue una sorpresa, es una pena y a nivel de capit\u00e1n es duro porque es una baja muy importante\u00bb, explica. \u00abAcepto que Carlos no venga, cada uno mira por sus intereses. Carlos siempre ha tenido compromiso con la Copa Davis\u00bb, a\u00f1ade.<\/p>\n<p class=\"articleParagraph\">Carlos Alcaraz causar\u00e1 baja debido a la fatiga muscular y mental acumulada: \u00abCuando yo ven\u00eda como jugador era un privilegio, era algo que te ilusionaba estar. Es verdad que hay momentos en los que necesitas parar, pero ahora cuando renuncia un jugador me decepciona. Veo otros equipos que nadie renuncia y que en nuestro equipo lo hagan, es algo que me sorprende mucho\u00bb.<\/p>\n<p class=\"articleParagraph\">Este viernes, David Ferrer comunicar\u00e1 los tenistas que disputar\u00e1n cada partido: \u00abPedro y Pablo est\u00e1n a un nivel que dependen mucho del nivel emocional. Pablo est\u00e1 volviendo a coger confianza y tiene experiencia. Ya se ver\u00e1 quien juega el s\u00e1bado\u00bb<\/p>\n","protected":false},"excerpt":{"rendered":"Este fin de semana arranca la Copa Davis 2025 con la fase de grupos en Marbella, con el&hellip;\n","protected":false},"author":2,"featured_media":110116,"comment_status":"","ping_status":"","sticky":false,"template":"","format":"standard","meta":{"footnotes":""},"categories":[274],"tags":[168,25,24,23,167,327,326],"class_list":{"0":"post-110115","1":"post","2":"type-post","3":"status-publish","4":"format-standard","5":"has-post-thumbnail","7":"category-tenis","8":"tag-deportes","9":"tag-es","10":"tag-espana","11":"tag-spain","12":"tag-sports","13":"tag-tenis","14":"tag-tennis"},"share_on_mastodon":{"url":"","error":""},"_links":{"self":[{"href":"https:\/\/www.europesays.com\/es\/wp-json\/wp\/v2\/posts\/110115","targetHints":{"allow":["GET"]}}],"collection":[{"href":"https:\/\/www.europesays.com\/es\/wp-json\/wp\/v2\/posts"}],"about":[{"href":"https:\/\/www.europesays.com\/es\/wp-json\/wp\/v2\/types\/post"}],"author":[{"embeddable":true,"href":"https:\/\/www.europesays.com\/es\/wp-json\/wp\/v2\/users\/2"}],"replies":[{"embeddable":true,"href":"https:\/\/www.europesays.com\/es\/wp-json\/wp\/v2\/comments?post=110115"}],"version-history":[{"count":0,"href":"https:\/\/www.europesays.com\/es\/wp-json\/wp\/v2\/posts\/110115\/revisions"}],"wp:featuredmedia":[{"embeddable":true,"href":"https:\/\/www.europesays.com\/es\/wp-json\/wp\/v2\/media\/110116"}],"wp:attachment":[{"href":"https:\/\/www.europesays.com\/es\/wp-json\/wp\/v2\/media?parent=110115"}],"wp:term":[{"taxonomy":"category","embeddable":true,"href":"https:\/\/www.europesays.com\/es\/wp-json\/wp\/v2\/categories?post=110115"},{"taxonomy":"post_tag","embeddable":true,"href":"https:\/\/www.europesays.com\/es\/wp-json\/wp\/v2\/tags?post=110115"}],"curies":[{"name":"wp","href":"https:\/\/api.w.org\/{rel}","templated":true}]}}